{"id":569068,"date":"2025-11-30T14:58:32","date_gmt":"2025-11-30T14:58:32","guid":{"rendered":"https:\/\/www.europesays.com\/fr\/569068\/"},"modified":"2025-11-30T14:58:32","modified_gmt":"2025-11-30T14:58:32","slug":"ile-de-france-mobilites-propose-une-augmentation-de-2-euros-du-prix-du-passe-navigo-mensuel-qui-atteindra-ainsi-9080-euros-a-partir-de-janvier-2026-video","status":"publish","type":"post","link":"https:\/\/www.europesays.com\/fr\/569068\/","title":{"rendered":"\u00cele-de-France Mobilit\u00e9s propose une augmentation de 2 euros du prix du passe Navigo mensuel, qui atteindra ainsi 90,80 euros \u00e0 partir de janvier 2026 &#8211; Vid\u00e9o"},"content":{"rendered":"<p>\u00cele-de-France Mobilit\u00e9s (IDFM) propose une augmentation de 2 euros du prix du passe Navigo mensuel, qui atteindra ainsi 90,80 euros \u00e0 partir de janvier 2026, a indiqu\u00e9\u00a0 l&rsquo;autorit\u00e9 organisatrice des transports dans la r\u00e9gion francilienne.\u00a0Cette nouvelle grille tarifaire va \u00eatre propos\u00e9e au vote des administrateurs le 10 d\u00e9cembre.<\/p>\n<p>L&rsquo;abonnement annuel pour toutes les zones passera, lui, \u00e0 998,80 euros, soit 22 euros de plus qu&rsquo;en 2025.\u00a0Le passe Imagine R co\u00fbtera 9 euros de plus, pour atteindre 393,30 euros, et Imagine R junior passera \u00e0 17,20 euros contre 16,80 euros aujourd&rsquo;hui.<\/p>\n<p>\u00ab\u00a0Comme chaque ann\u00e9e depuis trois ans maintenant, \u00cele-de-France Mobilit\u00e9s r\u00e9\u00e9value ses tarifs afin de mieux financer les \u00e9volutions majeures que conna\u00eet le r\u00e9seau\u00a0\u00bb, pr\u00e9cise dans son communiqu\u00e9 \u00cele-de-France Mobilit\u00e9s. Cette nouvelle augmentation s&rsquo;inscrit dans le cadre du protocole de financement des transports sign\u00e9 entre IDFM et l&rsquo;\u00c9tat en septembre 2023.<\/p>\n<p>Ce texte pr\u00e9voit des hausses mod\u00e9r\u00e9es, mais r\u00e9guli\u00e8res des tarifs jusqu&rsquo;en 2031. Il indique que l&rsquo;augmentation pour les usagers ne doit pas d\u00e9passer \u00ab\u00a0l&rsquo;inflation +1%\u00a0\u00bb.<\/p>\n<p>\u00a0<\/p>\n","protected":false},"excerpt":{"rendered":"\u00cele-de-France Mobilit\u00e9s (IDFM) propose une augmentation de 2 euros du prix du passe Navigo mensuel, qui atteindra ainsi&hellip;\n","protected":false},"author":2,"featured_media":569069,"comment_status":"","ping_status":"","sticky":false,"template":"","format":"standard","meta":{"footnotes":""},"categories":[1592],"tags":[1111,11,1777,674,1011,27,662,12,626,14377,25,2803],"class_list":{"0":"post-569068","1":"post","2":"type-post","3":"status-publish","4":"format-standard","5":"has-post-thumbnail","7":"category-ile-de-france","8":"tag-actu","9":"tag-actualites","10":"tag-eu","11":"tag-europe","12":"tag-fr","13":"tag-france","14":"tag-ile-de-france","15":"tag-news","16":"tag-paris","17":"tag-pass-navigo","18":"tag-republique-francaise","19":"tag-transport"},"share_on_mastodon":{"url":"https:\/\/pubeurope.com\/@fr\/115639242276713925","error":""},"_links":{"self":[{"href":"https:\/\/www.europesays.com\/fr\/wp-json\/wp\/v2\/posts\/569068","targetHints":{"allow":["GET"]}}],"collection":[{"href":"https:\/\/www.europesays.com\/fr\/wp-json\/wp\/v2\/posts"}],"about":[{"href":"https:\/\/www.europesays.com\/fr\/wp-json\/wp\/v2\/types\/post"}],"author":[{"embeddable":true,"href":"https:\/\/www.europesays.com\/fr\/wp-json\/wp\/v2\/users\/2"}],"replies":[{"embeddable":true,"href":"https:\/\/www.europesays.com\/fr\/wp-json\/wp\/v2\/comments?post=569068"}],"version-history":[{"count":0,"href":"https:\/\/www.europesays.com\/fr\/wp-json\/wp\/v2\/posts\/569068\/revisions"}],"wp:featuredmedia":[{"embeddable":true,"href":"https:\/\/www.europesays.com\/fr\/wp-json\/wp\/v2\/media\/569069"}],"wp:attachment":[{"href":"https:\/\/www.europesays.com\/fr\/wp-json\/wp\/v2\/media?parent=569068"}],"wp:term":[{"taxonomy":"category","embeddable":true,"href":"https:\/\/www.europesays.com\/fr\/wp-json\/wp\/v2\/categories?post=569068"},{"taxonomy":"post_tag","embeddable":true,"href":"https:\/\/www.europesays.com\/fr\/wp-json\/wp\/v2\/tags?post=569068"}],"curies":[{"name":"wp","href":"https:\/\/api.w.org\/{rel}","templated":true}]}}