{"id":569070,"date":"2025-11-30T14:59:11","date_gmt":"2025-11-30T14:59:11","guid":{"rendered":"https:\/\/www.europesays.com\/fr\/569070\/"},"modified":"2025-11-30T14:59:11","modified_gmt":"2025-11-30T14:59:11","slug":"mortiers-jets-de-pierres-des-policiers-blesses-par-une-centaine-de-personnes-qui-voulait-installer-une-rave-party-a-istres","status":"publish","type":"post","link":"https:\/\/www.europesays.com\/fr\/569070\/","title":{"rendered":"Mortiers, jets de pierres\u2026 des policiers bless\u00e9s par une centaine de personnes qui voulait installer une rave-party \u00e0 Istres"},"content":{"rendered":"<p class=\"article__intro\">Neuf policiers bless\u00e9s et sept voitures de police d\u00e9grad\u00e9es, c&rsquo;est le premier bilan d&rsquo;affrontements avec une centaine de personnes rassembl\u00e9es pour tenir une rave-party ill\u00e9gale devant la salle de spectacle \u00ab\u00a0l&rsquo;Usine\u00a0\u00bb \u00e0 Istres dans les Bouches-du-Rh\u00f4ne ce samedi 29 novembre. Les raveurs et forces de s\u00e9curit\u00e9s sont toujours sur place ce dimanche.<\/p>\n<p>\n      La Quotidienne Soci\u00e9t\u00e9\n    <\/p>\n<p>\n      De la vie quotidienne aux grands enjeux, recevez tous les jours les sujets qui font la soci\u00e9t\u00e9 locale, comme la justice, l\u2019\u00e9ducation, la sant\u00e9 et la famille.\n    <\/p>\n<p>    France T\u00e9l\u00e9visions utilise votre adresse e-mail afin de vous envoyer la newsletter \u00ab\u00a0La Quotidienne Soci\u00e9t\u00e9\u00a0\u00bb. Vous pouvez vous d\u00e9sinscrire \u00e0 tout moment via le lien en bas de cette newsletter. <a target=\"_blank\" href=\"https:\/\/www.francetelevisions.fr\/groupe\/confidentialite\/politique-de-confidentialite\/politique-de-confidentialite-de-france-televisions-6503\" rel=\"noopener\">Notre politique de confidentialit\u00e9<\/a><\/p>\n<p>Des forces de l&rsquo;ordre ont \u00e9t\u00e9 caillass\u00e9es par une centaine de personnes dans le cadre d&rsquo;une op\u00e9ration men\u00e9e par la police et la gendarmerie pour emp\u00eacher l&rsquo;organisation d&rsquo;une rave-party ill\u00e9gale organis\u00e9e devant la salle de spectacle \u00ab\u00a0l&rsquo;Usine\u00a0\u00bb, \u00e0 Istres, dans les Bouches-du-Rh\u00f4ne, ce samedi 29 novembre vers 23 heures, affirme la pr\u00e9fecture de police des Bouches-du-Rh\u00f4ne \u00e0 France 3 Provence-Alpes.<\/p>\n<\/p>\n<p>Au total, pr\u00e8s de sept v\u00e9hicules ont \u00e9t\u00e9 cass\u00e9s et neuf policiers ont \u00e9t\u00e9 bless\u00e9s, donc deux de la Bac nord de Vitrolles, pr\u00e9cise une source polici\u00e8re.<\/p>\n<blockquote class=\"twitter-tweet\">\n<p dir=\"ltr\" lang=\"fr\">Rave Party ISTRES (13) <br \/>Samedi soir, les policiers pris pour cible par des centaines d individus !<br \/>10 policiers bless\u00e9s, 7 voitures de police d\u00e9grad\u00e9es !<\/p>\n<p>\u2014 Bruno BARTOCCETTI (@UN1TE_sud) <a href=\"https:\/\/twitter.com\/UN1TE_sud\/status\/1995069786179715495?ref_src=twsrc%5Etfw\" target=\"_blank\" rel=\"noopener\">November 30, 2025<\/a><\/p><\/blockquote>\n<p>Des mortiers et des grosses pierres ont \u00e9t\u00e9 utilis\u00e9s comme projectiles afin d&rsquo;attaquer les forces de l&rsquo;ordre. D&rsquo;apr\u00e8s les informations de la pr\u00e9fecture de police, pr\u00e8s de 300 v\u00e9hicules de raveurs sont, ce dimanche 30 novembre, toujours pr\u00e9sents sur place entour\u00e9s par les forces de l&rsquo;ordre.  Des forces de la gendarmerie des Bouches-du-Rh\u00f4ne, de la police nationale et de la police municipale sont donc en op\u00e9ration commune pour emp\u00eacher cette rave-party de se tenir. <a href=\"https:\/\/france3-regions.franceinfo.fr\/provence-alpes-cote-d-azur\/bouches-du-rhone\/marseille\/a-quoi-va-servir-la-compagnie-crs-81-specialiste-des-situations-extremement-degradees-nouvellement-deployee-a-marseille-2876534.html\" target=\"_blank\" rel=\"noopener noreferrer nofollow\" data-tooltip-url=\"https:\/\/france3-regions.franceinfo.fr\/provence-alpes-cote-d-azur\/bouches-du-rhone\/marseille\/a-quoi-va-servir-la-compagnie-crs-81-specialiste-des-situations-extremement-degradees-nouvellement-deployee-a-marseille-2876534.html\">La compagnie CRS-81<\/a>, sp\u00e9cialis\u00e9e dans les situations d&rsquo;urgence et les violences urbaines, est \u00e9galement venue renforcer le dispositif s\u00e9curitaire.<\/p>\n<p>Dans le d\u00e9partement, l&rsquo;organisation de rave-party ill\u00e9gale n&rsquo;est pas rare : <\/p>\n<blockquote class=\"ftvi_content_quote\">\n<p class=\"ftvi_citation_quote\">Ces raves sont de plus en plus fr\u00e9quentes et elles peuvent s&rsquo;installer n&rsquo;importe o\u00f9 dans des lieux priv\u00e9s ou publics. Notre r\u00f4le est de les emp\u00eacher et nous sommes donc tr\u00e8s expos\u00e9s<\/p>\n<p>Bruno Bartocetti, responsable de la zone Sud du syndicat Unit\u00e9 SGP Police-FO<\/p><\/blockquote>\n<p>Depuis ce jeudi 27 novembre, les raveurs tentaient d&rsquo;organiser leur f\u00eate dans plusieurs communes des Bouches-du-Rh\u00f4ne. Ils s&rsquo;\u00e9taient dirig\u00e9s dans un premier temps au Rove puis \u00e0 Arles avant de se rabattre sur Istres, d\u00e9taille la pr\u00e9fecture.<\/p>\n<p>Dans un communiqu\u00e9 de presse, la pr\u00e9f\u00e8te de police des Bouches-du-Rh\u00f4ne, <a href=\"https:\/\/france3-regions.franceinfo.fr\/provence-alpes-cote-d-azur\/bouches-du-rhone\/marseille\/narchomicide-lutte-contre-le-trafic-de-drogue-et-l-immigration-clandestine-le-bilan-de-la-prefecture-de-police-des-bouches-du-rhone-3222683.html\" target=\"_blank\" rel=\"noopener noreferrer nofollow\" data-tooltip-url=\"https:\/\/france3-regions.franceinfo.fr\/provence-alpes-cote-d-azur\/bouches-du-rhone\/marseille\/narchomicide-lutte-contre-le-trafic-de-drogue-et-l-immigration-clandestine-le-bilan-de-la-prefecture-de-police-des-bouches-du-rhone-3222683.html\">Corinne Simon<\/a>, souligne \u00ab\u00a0la qualit\u00e9 du travail de la gendarmerie et de la police, qui a permis de mettre en \u00e9chec les tentatives de rave party\u00a0\u00bb.<\/p>\n<p>  <script async src=\"https:\/\/platform.twitter.com\/widgets.js\" charset=\"utf-8\"><\/script><\/p>\n","protected":false},"excerpt":{"rendered":"Neuf policiers bless\u00e9s et sept voitures de police d\u00e9grad\u00e9es, c&rsquo;est le premier bilan d&rsquo;affrontements avec une centaine de&hellip;\n","protected":false},"author":2,"featured_media":569071,"comment_status":"","ping_status":"","sticky":false,"template":"","format":"standard","meta":{"footnotes":""},"categories":[1888],"tags":[1111,1928,11,1927,1777,674,1011,27,12,1926,626,1925,25],"class_list":{"0":"post-569070","1":"post","2":"type-post","3":"status-publish","4":"format-standard","5":"has-post-thumbnail","7":"category-paris","8":"tag-actu","9":"tag-actu-paris","10":"tag-actualites","11":"tag-actualites-paris","12":"tag-eu","13":"tag-europe","14":"tag-fr","15":"tag-france","16":"tag-news","17":"tag-news-paris","18":"tag-paris","19":"tag-paris-news","20":"tag-republique-francaise"},"share_on_mastodon":{"url":"https:\/\/pubeurope.com\/@fr\/115639246376058230","error":""},"_links":{"self":[{"href":"https:\/\/www.europesays.com\/fr\/wp-json\/wp\/v2\/posts\/569070","targetHints":{"allow":["GET"]}}],"collection":[{"href":"https:\/\/www.europesays.com\/fr\/wp-json\/wp\/v2\/posts"}],"about":[{"href":"https:\/\/www.europesays.com\/fr\/wp-json\/wp\/v2\/types\/post"}],"author":[{"embeddable":true,"href":"https:\/\/www.europesays.com\/fr\/wp-json\/wp\/v2\/users\/2"}],"replies":[{"embeddable":true,"href":"https:\/\/www.europesays.com\/fr\/wp-json\/wp\/v2\/comments?post=569070"}],"version-history":[{"count":0,"href":"https:\/\/www.europesays.com\/fr\/wp-json\/wp\/v2\/posts\/569070\/revisions"}],"wp:featuredmedia":[{"embeddable":true,"href":"https:\/\/www.europesays.com\/fr\/wp-json\/wp\/v2\/media\/569071"}],"wp:attachment":[{"href":"https:\/\/www.europesays.com\/fr\/wp-json\/wp\/v2\/media?parent=569070"}],"wp:term":[{"taxonomy":"category","embeddable":true,"href":"https:\/\/www.europesays.com\/fr\/wp-json\/wp\/v2\/categories?post=569070"},{"taxonomy":"post_tag","embeddable":true,"href":"https:\/\/www.europesays.com\/fr\/wp-json\/wp\/v2\/tags?post=569070"}],"curies":[{"name":"wp","href":"https:\/\/api.w.org\/{rel}","templated":true}]}}