{"id":569076,"date":"2025-11-30T15:02:10","date_gmt":"2025-11-30T15:02:10","guid":{"rendered":"https:\/\/www.europesays.com\/fr\/569076\/"},"modified":"2025-11-30T15:02:10","modified_gmt":"2025-11-30T15:02:10","slug":"un-incendie-ravage-un-appartement-dans-le-13e-arrondissement-quatre-personnes-hospitalisees","status":"publish","type":"post","link":"https:\/\/www.europesays.com\/fr\/569076\/","title":{"rendered":"un incendie ravage un appartement dans le 13e arrondissement, quatre personnes hospitalis\u00e9es"},"content":{"rendered":"<p>                    Par<br \/>\n        <strong><br \/>\n            <a href=\"https:\/\/actu.fr\/auteur\/glenn-gillet\" title=\"Consulter tous les articles de Glenn Gillet\" target=\"_blank\" rel=\"noopener\">Glenn Gillet<\/a><br \/>\n                    <\/strong><\/p>\n<p>        Publi\u00e9 le<\/p>\n<p>            30 nov. 2025 \u00e0 15h37        <\/p>\n<p>Un <a href=\"https:\/\/actu.fr\/ile-de-france\/paris_75056\/paris-un-incendie-dans-un-immeuble-fait-quatorze-blesses-dont-deux-graves_63482811.html\" target=\"_blank\" rel=\"noopener\">incendie<\/a> a ravag\u00e9 un <strong>appartement<\/strong> d\u2019un immeuble situ\u00e9 au 110 rue Jeanne-d\u2019Arc, dans le <a href=\"https:\/\/actu.fr\/ile-de-france\/paris_75056\/paris-ages-de-17-ans-les-deux-adolescents-geraient-un-juteux-trafic-de-drogue-dans-le-13e-arrondissement_63464324.html\" target=\"_blank\" rel=\"noopener\">13e arrondissement<\/a> de Paris, ce dimanche 30 novembre 2025. Les <a href=\"https:\/\/actu.fr\/ile-de-france\/paris_75056\/violent-incendie-de-toiture-dans-un-immeuble-a-paris-plus-d-une-centaine-de-pompiers-mobilises_63456341.html\" target=\"_blank\" rel=\"noopener\">pompiers<\/a> indiquent \u00e0 actu Paris que <strong>quatre personnes ont \u00e9t\u00e9 hospitalis\u00e9es<\/strong>. La cause du d\u00e9part de feu demeure inconnue \u00e0 ce stade.<\/p>\n<p>80 sapeurs-pompiers sur place<\/p>\n<p class=\" wall-content\">L\u2019incendie s\u2019est d\u00e9clar\u00e9 vers 12h30 dans cet appartement d\u2019environ 80m\u00b2 situ\u00e9 au <strong>cinqui\u00e8me \u00e9tage<\/strong> d\u2019un grand immeuble d\u2019habitation s\u2019\u00e9levant sur onze niveaux, \u00e0 proximit\u00e9 de l\u2019arr\u00eat de m\u00e9tro Nationale. Le batiment est connu dans le quartier pour la grande fresque dont il est orn\u00e9.<\/p>\n<p class=\" wall-content\">80 sapeurs-pompiers sont alors intervenus sur place. Ils ont pris en charge une personne en <strong>urgence absolue<\/strong> qui souffre de br\u00fblures et d\u2019une intoxication due aux fum\u00e9es, ainsi que trois autres personnes cat\u00e9goris\u00e9es en urgence relative apr\u00e8s avoir elles aussi \u00e9t\u00e9 intoxiqu\u00e9es par ces \u00e9manations. Elles ont toutes \u00e9t\u00e9 hospitalis\u00e9es.<\/p>\n<p class=\" wall-content\">Ce bilan regroupe \u00e0 la fois des personnes qui se trouvaient dans l\u2019appartement lorsque l\u2019incendie s\u2019est d\u00e9clar\u00e9 ainsi que d\u2019autres qui se trouvaient dans les parties communes (escaliers, couloirs\u2026). En parall\u00e8le, cinq autres personnes qui se trouvaient \u00e9galement dans ces espaces commun ont \u00e9t\u00e9 secourues.<\/p>\n<p>Une porte laiss\u00e9e ouverte qui a favoris\u00e9 la diffusion des fum\u00e9es<\/p>\n<p class=\" wall-content\">Les sapeurs-pompiers sont finalement parvenus \u00e0 <strong>\u00e9teindre le brasier<\/strong> au moyen d\u2019une lance \u00e0 incendie. Ils \u00e9taient toujours sur place vers 15h pour s\u00e9curiser le secteur. Interrog\u00e9s sur l\u2019origine de l\u2019incendie, ils indiquent ne pas avoir d\u2019\u00e9l\u00e9ments \u00e0 communiquer \u00e0 ce stade sur ce volet.<\/p>\n<p class=\" wall-content\">\n<p class=\" wall-content\">Les pompiers pr\u00e9cisent toutefois que lorsque l\u2019incendie s\u2019est d\u00e9clar\u00e9 dans l\u2019appartement, les occupants ont quitt\u00e9 les lieux en laissant la porte ouverte, ce qui a permis aux fum\u00e9es de se r\u00e9pandre dans les couloirs et les escaliers. Ils rappellent qu\u2019il est fortement recommand\u00e9, dans la mesure du possible, de fermer les portes afin de <strong>limiter le risque de propagation<\/strong> des flammes autant que des fum\u00e9es.<\/p>\n<p class=\" wall-content\">Personnalisez votre actualit\u00e9 en ajoutant vos villes et m\u00e9dias en favori avec <a href=\"https:\/\/moncompte.actu.fr\" title=\"D\u00e9couvez Mon Actu\" rel=\"nofollow noopener\" data-trk=\"{&quot;cta&quot;:{&quot;action&quot;:&quot;https:\\\/\\\/moncompte.actu.fr&quot;,&quot;category&quot;:&quot;mon compte&quot;,&quot;from&quot;:&quot;article footer&quot;,&quot;name&quot;:&quot;Mon actu&quot;,&quot;type&quot;:&quot;cta&quot;}}\" target=\"_blank\">Mon Actu<\/a>.<\/p>\n","protected":false},"excerpt":{"rendered":"Par Glenn Gillet Publi\u00e9 le 30 nov. 2025 \u00e0 15h37 Un incendie a ravag\u00e9 un appartement d\u2019un immeuble&hellip;\n","protected":false},"author":2,"featured_media":569077,"comment_status":"","ping_status":"","sticky":false,"template":"","format":"standard","meta":{"footnotes":""},"categories":[1888],"tags":[11,3056,1777,674,118,1011,27,1310,12,626,1311,25],"class_list":{"0":"post-569076","1":"post","2":"type-post","3":"status-publish","4":"format-standard","5":"has-post-thumbnail","7":"category-paris","8":"tag-actualites","9":"tag-brigade-de-sapeurs-pompiers-de-paris","10":"tag-eu","11":"tag-europe","12":"tag-faits-divers","13":"tag-fr","14":"tag-france","15":"tag-incendie","16":"tag-news","17":"tag-paris","18":"tag-pompiers","19":"tag-republique-francaise"},"share_on_mastodon":{"url":"","error":""},"_links":{"self":[{"href":"https:\/\/www.europesays.com\/fr\/wp-json\/wp\/v2\/posts\/569076","targetHints":{"allow":["GET"]}}],"collection":[{"href":"https:\/\/www.europesays.com\/fr\/wp-json\/wp\/v2\/posts"}],"about":[{"href":"https:\/\/www.europesays.com\/fr\/wp-json\/wp\/v2\/types\/post"}],"author":[{"embeddable":true,"href":"https:\/\/www.europesays.com\/fr\/wp-json\/wp\/v2\/users\/2"}],"replies":[{"embeddable":true,"href":"https:\/\/www.europesays.com\/fr\/wp-json\/wp\/v2\/comments?post=569076"}],"version-history":[{"count":0,"href":"https:\/\/www.europesays.com\/fr\/wp-json\/wp\/v2\/posts\/569076\/revisions"}],"wp:featuredmedia":[{"embeddable":true,"href":"https:\/\/www.europesays.com\/fr\/wp-json\/wp\/v2\/media\/569077"}],"wp:attachment":[{"href":"https:\/\/www.europesays.com\/fr\/wp-json\/wp\/v2\/media?parent=569076"}],"wp:term":[{"taxonomy":"category","embeddable":true,"href":"https:\/\/www.europesays.com\/fr\/wp-json\/wp\/v2\/categories?post=569076"},{"taxonomy":"post_tag","embeddable":true,"href":"https:\/\/www.europesays.com\/fr\/wp-json\/wp\/v2\/tags?post=569076"}],"curies":[{"name":"wp","href":"https:\/\/api.w.org\/{rel}","templated":true}]}}