{"id":569086,"date":"2025-11-30T15:07:13","date_gmt":"2025-11-30T15:07:13","guid":{"rendered":"https:\/\/www.europesays.com\/fr\/569086\/"},"modified":"2025-11-30T15:07:13","modified_gmt":"2025-11-30T15:07:13","slug":"irlande-allemagne-italie-le-comite-de-jumelage-de-plouzane-sur-tous-les-fronts","status":"publish","type":"post","link":"https:\/\/www.europesays.com\/fr\/569086\/","title":{"rendered":"Irlande, Allemagne, Italie&#8230; le comit\u00e9 de jumelage de Plouzan\u00e9 sur tous les fronts"},"content":{"rendered":"<p>L\u2019Office pour les \u00e9changes \u00e0 Plouzan\u00e9 (Opep) a tenu son assembl\u00e9e g\u00e9n\u00e9rale, conduite pour la premi\u00e8re fois par son pr\u00e9sident, Thomas Semmler, vendredi 28 novembre 2025, au centre social du Bourg.<\/p>\n<p>Tour \u00e0 tour, les responsables des commissions ont pris la parole pour \u00e9voquer la saison pass\u00e9e et pr\u00e9senter les projets. \u00ab\u00a0Le rapprochement en juin dernier avec Plouhinec (Morbihan), jumel\u00e9 avec Kilkee, va nous permettre de faciliter les \u00e9changes avec les Irlandais dans le futur. Une d\u00e9l\u00e9gation d\u2019une vingtaine de personnes ira \u00e0 Kilrush du 10 au 18 avril\u00a02026 \u00bb, a pr\u00e9cis\u00e9 Sandrine Pasquet, ravie de la renaissance de la commission.<\/p>\n<p>Le Pays de Galles et l\u2019Italie \u00e0 la relance<\/p>\n<p>Concernant l\u2019Allemagne, en 2026, des adultes plouzan\u00e9ens se rendront \u00e0 Stelle, du 2 au 9 juin, mais avant cela, une d\u00e9gustation est pr\u00e9vue le 25 janvier. \u00ab\u00a0J\u2019invite les gens \u00e0 venir go\u00fbter le Gr\u00fcnkohl, un chou Kale ou chou vert allemand. Accompagn\u00e9 de pommes de terre et de charcuterie, c\u2019est merveilleusement bon\u00a0!\u00a0\u00bb, a soulign\u00e9 le pr\u00e9sident, avant que Martine Belec pr\u00e9cise\u00a0: \u00ab\u00a0<a href=\"https:\/\/www.letelegramme.fr\/finistere\/plouzane-29280\/a-plouzane-le-comite-de-jumelage-prepare-le-sejour-de-21-jeunes-a-stelle-en-allemagne-6851702.php\" title=\"www.letelegramme.fr\" target=\"_blank\" rel=\"noopener\">Apr\u00e8s le voyage des jeunes cet \u00e9t\u00e9 en Allemagne<\/a>, nous recevrons leurs homologues en retour, sur la m\u00eame p\u00e9riode\u00a0\u00bb.<\/p>\n<p>Pour ce qui est du Pays de Galles, Marie-Rose Pellen et Marie-Val\u00e9rie Semmler esp\u00e8rent \u00e9tablir un jumelage p\u00e9renne avec les scouts de Pencoed, dont un des responsables est venu cet \u00e9t\u00e9. Un s\u00e9jour est pr\u00e9vu en septembre chez les Gallois.<\/p>\n<p>\u00ab\u00a0Du c\u00f4t\u00e9 de Ceccano (Italie), on essaye de r\u00e9tablir les contacts pour relancer les relations. Les bonnes volont\u00e9s sont invit\u00e9es \u00e0 se pr\u00e9senter pour rejoindre la commission\u00a0\u00bb, a conclu le pr\u00e9sident.<\/p>\n","protected":false},"excerpt":{"rendered":"L\u2019Office pour les \u00e9changes \u00e0 Plouzan\u00e9 (Opep) a tenu son assembl\u00e9e g\u00e9n\u00e9rale, conduite pour la premi\u00e8re fois par&hellip;\n","protected":false},"author":2,"featured_media":569087,"comment_status":"","ping_status":"","sticky":false,"template":"","format":"standard","meta":{"footnotes":""},"categories":[1587],"tags":[11,672,1804,1805,1803,1777,674,1801,12,15304,1802],"class_list":{"0":"post-569086","1":"post","2":"type-post","3":"status-publish","4":"format-standard","5":"has-post-thumbnail","7":"category-allemagne","8":"tag-actualites","9":"tag-allemagne","10":"tag-bundesrepublik-deutschland","11":"tag-de","12":"tag-deutschland","13":"tag-eu","14":"tag-europe","15":"tag-germany","16":"tag-news","17":"tag-plouzane","18":"tag-republique-federale-dallemagne"},"share_on_mastodon":{"url":"https:\/\/pubeurope.com\/@fr\/115639277670300760","error":""},"_links":{"self":[{"href":"https:\/\/www.europesays.com\/fr\/wp-json\/wp\/v2\/posts\/569086","targetHints":{"allow":["GET"]}}],"collection":[{"href":"https:\/\/www.europesays.com\/fr\/wp-json\/wp\/v2\/posts"}],"about":[{"href":"https:\/\/www.europesays.com\/fr\/wp-json\/wp\/v2\/types\/post"}],"author":[{"embeddable":true,"href":"https:\/\/www.europesays.com\/fr\/wp-json\/wp\/v2\/users\/2"}],"replies":[{"embeddable":true,"href":"https:\/\/www.europesays.com\/fr\/wp-json\/wp\/v2\/comments?post=569086"}],"version-history":[{"count":0,"href":"https:\/\/www.europesays.com\/fr\/wp-json\/wp\/v2\/posts\/569086\/revisions"}],"wp:featuredmedia":[{"embeddable":true,"href":"https:\/\/www.europesays.com\/fr\/wp-json\/wp\/v2\/media\/569087"}],"wp:attachment":[{"href":"https:\/\/www.europesays.com\/fr\/wp-json\/wp\/v2\/media?parent=569086"}],"wp:term":[{"taxonomy":"category","embeddable":true,"href":"https:\/\/www.europesays.com\/fr\/wp-json\/wp\/v2\/categories?post=569086"},{"taxonomy":"post_tag","embeddable":true,"href":"https:\/\/www.europesays.com\/fr\/wp-json\/wp\/v2\/tags?post=569086"}],"curies":[{"name":"wp","href":"https:\/\/api.w.org\/{rel}","templated":true}]}}