{"id":569090,"date":"2025-11-30T15:09:17","date_gmt":"2025-11-30T15:09:17","guid":{"rendered":"https:\/\/www.europesays.com\/fr\/569090\/"},"modified":"2025-11-30T15:09:17","modified_gmt":"2025-11-30T15:09:17","slug":"matt-pokora-en-larmes-je-suis-extremement-reconnaissant-davoir-eu-des-parents-comme-vous","status":"publish","type":"post","link":"https:\/\/www.europesays.com\/fr\/569090\/","title":{"rendered":"Matt Pokora, en larmes\u00a0: \u00ab\u00a0Je suis extr\u00eamement reconnaissant d&rsquo;avoir eu des parents comme vous\u00a0\u00bb"},"content":{"rendered":"<p class=\"ap-StoryElement ap-StoryElement--mb ap-StoryText\">Sur le plateau de C \u00e0 vous, <a href=\"https:\/\/www.dhnet.be\/medias\/musique\/2025\/11\/15\/jamais-je-navais-vu-un-artiste-en-telle-osmose-et-connexion-avec-son-public-les-fans-belges-de-m-pokora-aux-anges-apres-ses-deux-concerts-sold-out-NN3OZRHJZBGKRE5GGHYKYGBZF4\/\" target=\"_self\" rel=\"noopener\">Matt Pokora a surpris tout le monde<\/a> ce samedi. \u00ab\u00a0Papa, maman, je vous l&rsquo;ai jamais dit\u2026, a-t-il d\u00e9clar\u00e9 en s&rsquo;adressant \u00e0 la cam\u00e9ra. On parle beaucoup des gens du m\u00e9tier, que j&rsquo;ai crois\u00e9s sur ma route. Mais si j&rsquo;en suis l\u00e0, c&rsquo;est gr\u00e2ce \u00e0 votre \u00e9ducation. Je n&rsquo;ai jamais manqu\u00e9 de rien, vous avez toujours travaill\u00e9 dur pour nous (il \u00e9voque son fr\u00e8re Julien Totan, ndlr). Vous nous avez pr\u00e9serv\u00e9s. Et je ne vous l&rsquo;ai jamais dit mais si je suis arriv\u00e9 l\u00e0 o\u00f9 je suis aujourd&rsquo;hui, c&rsquo;est gr\u00e2ce \u00e0 vous. Je vous le dirai s\u00fbrement les yeux dans les yeux, maintenant que je l&rsquo;ai fait devant la France enti\u00e8re.\u00a0\u00bb<\/p>\n","protected":false},"excerpt":{"rendered":"Sur le plateau de C \u00e0 vous, Matt Pokora a surpris tout le monde ce samedi. \u00ab\u00a0Papa, maman,&hellip;\n","protected":false},"author":2,"featured_media":569091,"comment_status":"","ping_status":"","sticky":false,"template":"","format":"standard","meta":{"footnotes":""},"categories":[1586],"tags":[11,19816,1777,674,1779,1011,27,4879,19024,2886,873,12,3306,25,1778,364],"class_list":{"0":"post-569090","1":"post","2":"type-post","3":"status-publish","4":"format-standard","5":"has-post-thumbnail","7":"category-europe","8":"tag-actualites","9":"tag-emotion","10":"tag-eu","11":"tag-europe","12":"tag-european-union","13":"tag-fr","14":"tag-france","15":"tag-hommage","16":"tag-larmes","17":"tag-matt-pokora","18":"tag-musique","19":"tag-news","20":"tag-parents","21":"tag-republique-francaise","22":"tag-ue","23":"tag-union-europeenne"},"share_on_mastodon":{"url":"https:\/\/pubeurope.com\/@fr\/115639285520429209","error":""},"_links":{"self":[{"href":"https:\/\/www.europesays.com\/fr\/wp-json\/wp\/v2\/posts\/569090","targetHints":{"allow":["GET"]}}],"collection":[{"href":"https:\/\/www.europesays.com\/fr\/wp-json\/wp\/v2\/posts"}],"about":[{"href":"https:\/\/www.europesays.com\/fr\/wp-json\/wp\/v2\/types\/post"}],"author":[{"embeddable":true,"href":"https:\/\/www.europesays.com\/fr\/wp-json\/wp\/v2\/users\/2"}],"replies":[{"embeddable":true,"href":"https:\/\/www.europesays.com\/fr\/wp-json\/wp\/v2\/comments?post=569090"}],"version-history":[{"count":0,"href":"https:\/\/www.europesays.com\/fr\/wp-json\/wp\/v2\/posts\/569090\/revisions"}],"wp:featuredmedia":[{"embeddable":true,"href":"https:\/\/www.europesays.com\/fr\/wp-json\/wp\/v2\/media\/569091"}],"wp:attachment":[{"href":"https:\/\/www.europesays.com\/fr\/wp-json\/wp\/v2\/media?parent=569090"}],"wp:term":[{"taxonomy":"category","embeddable":true,"href":"https:\/\/www.europesays.com\/fr\/wp-json\/wp\/v2\/categories?post=569090"},{"taxonomy":"post_tag","embeddable":true,"href":"https:\/\/www.europesays.com\/fr\/wp-json\/wp\/v2\/tags?post=569090"}],"curies":[{"name":"wp","href":"https:\/\/api.w.org\/{rel}","templated":true}]}}