{"id":569098,"date":"2025-11-30T15:13:15","date_gmt":"2025-11-30T15:13:15","guid":{"rendered":"https:\/\/www.europesays.com\/fr\/569098\/"},"modified":"2025-11-30T15:13:15","modified_gmt":"2025-11-30T15:13:15","slug":"amneville-ferme-depuis-vingt-mois-le-golf-a-t-il-une-chance-de-rouvrir","status":"publish","type":"post","link":"https:\/\/www.europesays.com\/fr\/569098\/","title":{"rendered":"Amn\u00e9ville. Ferm\u00e9 depuis vingt mois, le golf a-t-il une chance de rouvrir\u00a0?"},"content":{"rendered":"<p>Le temps s\u2019est fig\u00e9 depuis la brusque fermeture du golf, en mars\u00a02024. Les drapeaux flottent encore au-dessus du green d\u00e9fonc\u00e9 par les suid\u00e9s. Des rubans de signalisation encerclent le restaurant, dont l\u2019all\u00e9e est couverte de mousse. De l\u2019autre c\u00f4t\u00e9 du parking, les voiturettes agonisent dans la v\u00e9g\u00e9tation dense.<\/p>\n<p>Inaugur\u00e9 au d\u00e9but des ann\u00e9es 1990, le golf d\u2019Amn\u00e9ville a longtemps \u00e9t\u00e9 l\u2019un des p\u00f4les d\u2019attraction de la destination. En 2011, il comptait encore pr\u00e8s d\u2019un millier de licenci\u00e9s. Concurrenc\u00e9 par de nouveaux greens, le golf a progressivement perdu de sa superbe. Min\u00e9e par une&#8230;<\/p>\n","protected":false},"excerpt":{"rendered":"Le temps s\u2019est fig\u00e9 depuis la brusque fermeture du golf, en mars\u00a02024. Les drapeaux flottent encore au-dessus du&hellip;\n","protected":false},"author":2,"featured_media":569099,"comment_status":"","ping_status":"","sticky":false,"template":"","format":"standard","meta":{"footnotes":""},"categories":[1418],"tags":[58198,20063,33,5598,1011,27,1472,4604,60,602],"class_list":{"0":"post-569098","1":"post","2":"type-post","3":"status-publish","4":"format-standard","5":"has-post-thumbnail","7":"category-golf","8":"tag-amneville","9":"tag-cc-du-pays-orne-moselle-57b","10":"tag-economie","11":"tag-edition-metz-et-agglomeration","12":"tag-fr","13":"tag-france","14":"tag-golf","15":"tag-selection-abonne","16":"tag-sports","17":"tag-tourisme"},"share_on_mastodon":{"url":"https:\/\/pubeurope.com\/@fr\/115639301235017185","error":""},"_links":{"self":[{"href":"https:\/\/www.europesays.com\/fr\/wp-json\/wp\/v2\/posts\/569098","targetHints":{"allow":["GET"]}}],"collection":[{"href":"https:\/\/www.europesays.com\/fr\/wp-json\/wp\/v2\/posts"}],"about":[{"href":"https:\/\/www.europesays.com\/fr\/wp-json\/wp\/v2\/types\/post"}],"author":[{"embeddable":true,"href":"https:\/\/www.europesays.com\/fr\/wp-json\/wp\/v2\/users\/2"}],"replies":[{"embeddable":true,"href":"https:\/\/www.europesays.com\/fr\/wp-json\/wp\/v2\/comments?post=569098"}],"version-history":[{"count":0,"href":"https:\/\/www.europesays.com\/fr\/wp-json\/wp\/v2\/posts\/569098\/revisions"}],"wp:featuredmedia":[{"embeddable":true,"href":"https:\/\/www.europesays.com\/fr\/wp-json\/wp\/v2\/media\/569099"}],"wp:attachment":[{"href":"https:\/\/www.europesays.com\/fr\/wp-json\/wp\/v2\/media?parent=569098"}],"wp:term":[{"taxonomy":"category","embeddable":true,"href":"https:\/\/www.europesays.com\/fr\/wp-json\/wp\/v2\/categories?post=569098"},{"taxonomy":"post_tag","embeddable":true,"href":"https:\/\/www.europesays.com\/fr\/wp-json\/wp\/v2\/tags?post=569098"}],"curies":[{"name":"wp","href":"https:\/\/api.w.org\/{rel}","templated":true}]}}