{"id":569106,"date":"2025-11-30T15:20:15","date_gmt":"2025-11-30T15:20:15","guid":{"rendered":"https:\/\/www.europesays.com\/fr\/569106\/"},"modified":"2025-11-30T15:20:15","modified_gmt":"2025-11-30T15:20:15","slug":"biniam-girmay-et-kim-le-court-elus-cyclistes-africains-de-lannee-2025-lequipe","status":"publish","type":"post","link":"https:\/\/www.europesays.com\/fr\/569106\/","title":{"rendered":"Biniam Girmay et Kim Le Court \u00e9lus cyclistes africains de l&#039;ann\u00e9e 2025 &#8211; L&#039;\u00c9quipe"},"content":{"rendered":"<ol>\n<li><a href=\"https:\/\/news.google.com\/rss\/articles\/CBMixAFBVV95cUxQdDhtSTdXZDlDcWVPYWdJdDRuX3pOeFhQbGVpcDE0azVnWldiSUUxdk5rY1hhNzc0UUNJWGFuSmVnamZ4N2cxYXgwMjBpUUhJM1VNQ3FNMnhJb0x2bWxIYTVLS2JaTTB5WVVhTzRMUzRxRlI4dHN1cGxuUXNmVzFEbkc1a0kzT0NYT0RyTUkzNVdFU2lRWkkta2J6bngwQWVJRF9WNE1pcEptLVRoRWl2QlhqSVhGYlV2YTFkSUpGazl6THFt?oc=5\" target=\"_blank\" rel=\"noopener\">Biniam Girmay et Kim Le Court \u00e9lus cyclistes africains de l&rsquo;ann\u00e9e 2025<\/a>&nbsp;&nbsp;L&rsquo;\u00c9quipe<\/li>\n<li><a href=\"https:\/\/news.google.com\/rss\/articles\/CBMic0FVX3lxTFBxSVBCamcxeFB2dFJjQjhNM1BlMHRlNUNyYXk1cmpqczJhRTlzR2ZkRmwzejJyNVUwQnkxMlpLRlBiejZ2NVc2TmMxU1NUSzhSSlhvcFZlSjVDQnNZX3U1VHZ3M3BhREYyTHpabk4wejYtQkk?oc=5\" target=\"_blank\" rel=\"noopener\">Sports &#8211; Six Alg\u00e9riens nomin\u00e9s<\/a>&nbsp;&nbsp;L&rsquo;Expression<\/li>\n<li><a href=\"https:\/\/news.google.com\/rss\/articles\/CBMiY0FVX3lxTE5hU05OSHJWTUZpbGdXTDZJMk5lZUdzVkxWM2FNTGdEbTFlTHp4TlBLcjgwdXVGY3laXzhfSzJIb0FETV9BRkJxdGdJbXUwN0hDam9tU1RWa3NzZng0UGJub2NiVQ?oc=5\" target=\"_blank\" rel=\"noopener\">\u00ab African cycling excellence Awards \u00bb au Rwanda : Paul Daumont \u00e9lu \u00ab Meilleur coureur amateur africain \u00bb<\/a>&nbsp;&nbsp;leFaso.net &#8211; L&rsquo;actualit\u00e9 au Burkina Faso<\/li>\n<li><a href=\"https:\/\/news.google.com\/rss\/articles\/CBMiuwFBVV95cUxOc2FVMC1tZjE2VlVsbDdWQXVJLWNDdHp3dW5WSlNvdGNqTmxsTlN5dkdPdFQ5YnY5cTRmZ0pGTlpIZXFmeU93ZWZENnY5TlpTTVhYWXNFNGZ6NXVqazFzSzlMN0VlNFJDclFvRnFNdHBfVUlaRzhXVmhWSVA3Mk55clZxa3cwcFZ5QmtPTERWckFQbHNYV0o2OXpHWjU1LTRkV2xfNVF3eEtod1B2eUtZMGplc0JGeVRueElj0gG7AUFVX3lxTE1GSjhVLTQyMUR5WXRvMGhYVFRuZDk2SXNjYWRCdnpGemZYenpQbE5CUzE3VlZSei00WGIzYU5EVXl1MHJXQ201ZTFoZm82dHBVRFhTa28yZ2NRQ0VXbkVKYjhwT25DOXJMSUx4NXJEM0U5c0t1TndlS25DZ0IxLUtPalJ4bzh6eHFnSXhLX194OWlCdV9VczluMmd5NWhoWmlkbnQzSml0V2JLYkZiUFh2QUNzQWw0RmJVcDg?oc=5\" target=\"_blank\" rel=\"noopener\">Route: On conna\u00eetra les meilleurs cyclistes africains de 2025 ce samedi !<\/a>&nbsp;&nbsp;Cyclism&rsquo;Actu<\/li>\n<li><a href=\"https:\/\/news.google.com\/rss\/articles\/CBMipgFBVV95cUxQMUtEZWdqclMwR2JEY01FeFV3bTY5Qk5rTzZPT1hxT0ZPUWYxYUVKRmJFbW1iQnBRNkpFN09wR012cUlvS0lWTHlOdWl4aXhRRy11UnIxMXd4WWhKMzdQeHNyYUl5SnNDTlF3VFVGM2padG9lZHBXMmNWZk9wQ0w4Sm5tWnJaNU1vX0w1d0dfR2tfR2FTZV9OSjlEeEpmc3UxcWdLWFp3?oc=5\" target=\"_blank\" rel=\"noopener\">Biniam Girmay et Kim Le Court \u00e9lus cyclistes africains 2025<\/a>&nbsp;&nbsp;Velo 101<\/li>\n<\/ol>\n","protected":false},"excerpt":{"rendered":"Biniam Girmay et Kim Le Court \u00e9lus cyclistes africains de l&rsquo;ann\u00e9e 2025&nbsp;&nbsp;L&rsquo;\u00c9quipe Sports &#8211; Six Alg\u00e9riens nomin\u00e9s&nbsp;&nbsp;L&rsquo;Expression \u00ab&hellip;\n","protected":false},"author":2,"featured_media":569107,"comment_status":"","ping_status":"","sticky":false,"template":"","format":"standard","meta":{"footnotes":""},"categories":[1411],"tags":[1154,207,1011,27,60],"class_list":{"0":"post-569106","1":"post","2":"type-post","3":"status-publish","4":"format-standard","5":"has-post-thumbnail","7":"category-cyclisme","8":"tag-cycling","9":"tag-cyclisme","10":"tag-fr","11":"tag-france","12":"tag-sports"},"share_on_mastodon":{"url":"https:\/\/pubeurope.com\/@fr\/115639328761506304","error":""},"_links":{"self":[{"href":"https:\/\/www.europesays.com\/fr\/wp-json\/wp\/v2\/posts\/569106","targetHints":{"allow":["GET"]}}],"collection":[{"href":"https:\/\/www.europesays.com\/fr\/wp-json\/wp\/v2\/posts"}],"about":[{"href":"https:\/\/www.europesays.com\/fr\/wp-json\/wp\/v2\/types\/post"}],"author":[{"embeddable":true,"href":"https:\/\/www.europesays.com\/fr\/wp-json\/wp\/v2\/users\/2"}],"replies":[{"embeddable":true,"href":"https:\/\/www.europesays.com\/fr\/wp-json\/wp\/v2\/comments?post=569106"}],"version-history":[{"count":0,"href":"https:\/\/www.europesays.com\/fr\/wp-json\/wp\/v2\/posts\/569106\/revisions"}],"wp:featuredmedia":[{"embeddable":true,"href":"https:\/\/www.europesays.com\/fr\/wp-json\/wp\/v2\/media\/569107"}],"wp:attachment":[{"href":"https:\/\/www.europesays.com\/fr\/wp-json\/wp\/v2\/media?parent=569106"}],"wp:term":[{"taxonomy":"category","embeddable":true,"href":"https:\/\/www.europesays.com\/fr\/wp-json\/wp\/v2\/categories?post=569106"},{"taxonomy":"post_tag","embeddable":true,"href":"https:\/\/www.europesays.com\/fr\/wp-json\/wp\/v2\/tags?post=569106"}],"curies":[{"name":"wp","href":"https:\/\/api.w.org\/{rel}","templated":true}]}}