{"id":569114,"date":"2025-11-30T15:26:14","date_gmt":"2025-11-30T15:26:14","guid":{"rendered":"https:\/\/www.europesays.com\/fr\/569114\/"},"modified":"2025-11-30T15:26:14","modified_gmt":"2025-11-30T15:26:14","slug":"karine-le-marchand-evoque-les-candidats-de-lamour-est-dans-le-pre-que-des-rustres","status":"publish","type":"post","link":"https:\/\/www.europesays.com\/fr\/569114\/","title":{"rendered":"Karine Le Marchand \u00e9voque les candidats de L&rsquo;amour est dans le pr\u00e9 : \u00ab\u00a0Que des rustres\u2026\u00a0\u00bb"},"content":{"rendered":"<p>Par <a class=\"author_recette\" id=\"author_name\" href=\"https:\/\/www.nextplz.fr\/auteur\/camille-mutin\" target=\"_blank\" rel=\"noopener\">Camille<br \/>\nMutin<\/a> &#8211;<br \/>\nPubli\u00e9 le 30 Nov 2025 \u00e0<br \/>\n15:00<\/p>\n<p class=\"article-intro excerpt\">Apr\u00e8s 15 ans au coeur de L\u2019amour<br \/>\nest dans le pr\u00e9, Karine Le Marchand dit clairement ce qu\u2019elle pense<br \/>\ndes agriculteurs en qu\u00eate d\u2019amour.<\/p>\n<p><img width=\"750\" height=\"410\" src=\"data:image\/svg+xml,%3Csvg%20xmlns=\" http:=\"\" class=\"img-responsive alignnone size-full pinit-here zoom-it\" alt=\"Karine Le Marchand \u00e9voque les candidats de L'amour est dans le pr\u00e9 : &quot;Que des rustres...&quot;\" fetchpriority=\"high\" data-lazyloading=\"false\" decoding=\"async\" data-lazy-src=\"https:\/\/www.europesays.com\/fr\/wp-content\/uploads\/2025\/11\/design-sans-titre-1-13-750x410.jpg\"\/><\/p>\n<p>\u00a9 Jumeau<br \/>\nAlexis\/ABACA\/Shutterstock<\/p>\n<p>La c\u00e9l\u00e8bre \u00e9mission L\u00a0\u00bbamour est dans le pr\u00e9 c\u00e9l\u00e8bre ses 20 ans<br \/>\nde diffusion. Karine Le Marchand en est l&rsquo;animatrice depuis environ<br \/>\n15 ans. Un programme tr\u00e8s cher \u00e0 son coeur, qui a construit sa<br \/>\ncarri\u00e8re. Si certains comparent <a href=\"https:\/\/www.nextplz.fr\/telerealite\/508014-pas-vu-a-la-tele-dans-lamour-est-dans-le-pre-emu-aux-larmes-gilles-craque-ca-ne-se-voit-peut-etre-pas-comme-ca-mais\" target=\"_blank\" rel=\"noopener\"><br \/>\ncette qu\u00eate de l&rsquo;amour<\/a> \u00e0 de la t\u00e9l\u00e9-r\u00e9alit\u00e9, pour la<br \/>\nquinquag\u00e9naire, cela n&rsquo;en est rien : \u00ab\u00a0Quelle production,<br \/>\nau-del\u00e0 des tournages, permet de suivre des gens\u00a0? D\u2019habitude,<br \/>\non les prend, on s\u2019en sert et on les jette (&#8230;) Ce n\u2019est pas du<br \/>\nchacun pour soi\u00a0! Ce sont des gens qui sortent de la solitude<br \/>\net qui font un pas de c\u00f4t\u00e9 par rapport \u00e0 leur travail.\u00a0\u00bb Karine<br \/>\nLe Marchand est heureuse de pouvoir montrer une nouvelle image des<br \/>\nagriculteurs. Elle le dit elle-m\u00eame dans une r\u00e9cente interview. On<br \/>\nvous en dit plus.<\/p>\n<p>Des portraits r\u00e9els et<br \/>\nsinc\u00e8res<\/p>\n<p>Lorsqu&rsquo;une saison est termin\u00e9e, les candidats de L&rsquo;amour est<br \/>\ndans le pr\u00e9 ne tombent pas aux oubliettes. Effectivement, ces<br \/>\nderniers sont r\u00e9guli\u00e8rement invit\u00e9s \u00e0 discuter de leur exp\u00e9rience<br \/>\net \u00e0 donner des nouvelles de leur vie apr\u00e8s le tournage. Karine Le<br \/>\nMarchand demeure tr\u00e8s proche de ces agriculteurs dont elle vante<br \/>\nles m\u00e9rites : \u00ab\u00a0Cette \u00e9mission est magique (&#8230;) Chaque ancien<br \/>\nse sent porteur d\u2019un message. Quand on dit que c\u2019est une famille,<br \/>\nce ne sont pas des \u00e9l\u00e9ments de langage.\u00a0\u00bb L&rsquo;animatrice souhaite<br \/>\nmontrer une image tr\u00e8s diff\u00e9rente de ces travailleurs acharn\u00e9s<br \/>\nsouvent m\u00e9pris\u00e9s.<\/p>\n<p>Karine Le Marchand<br \/>\n: \u00ab\u00a0Je suis extr\u00eamement fi\u00e8re\u00a0\u00bb<\/p>\n<p>Pour ses agriculteurs, <a href=\"https:\/\/www.instagram.com\/karine.le.marchand\/\" target=\"_blank\" rel=\"noopener\">Karine Le Marchand<\/a> partirait en guerre ! L&rsquo;animatrice<br \/>\nd\u00e9fend les participants, parfois trop m\u00e9pris\u00e9s : \u00ab\u00a0Je suis<br \/>\nextr\u00eamement fi\u00e8re de participer au changement de regard des<br \/>\nt\u00e9l\u00e9spectateurs sur les agriculteurs. Je suis extr\u00eamement fi\u00e8re<br \/>\nqu\u2019on arr\u00eate de penser qu\u2019ils ne sont que des rustres. On montre<br \/>\ndes hommes et des femmes qui s\u2019engagent dans l\u2019amour et au-del\u00e0 des<br \/>\nvilles. Ils cherchent des choses simples qui sont de l\u2019ordre de<br \/>\nl\u2019amour sinc\u00e8re. Ces gens-l\u00e0 nous donnent des le\u00e7ons de vie en<br \/>\npermanence et je les en remercie.\u00a0\u00bb Des paroles qui touchent<br \/>\nbeaucoup tous les candidats de l&rsquo;\u00e9mission tr\u00e8s regard\u00e9e.<\/p>\n<p><script async src=\"\/\/www.instagram.com\/embed.js\"><\/script><\/p>\n","protected":false},"excerpt":{"rendered":"Par Camille Mutin &#8211; Publi\u00e9 le 30 Nov 2025 \u00e0 15:00 Apr\u00e8s 15 ans au coeur de L\u2019amour&hellip;\n","protected":false},"author":2,"featured_media":569115,"comment_status":"","ping_status":"","sticky":false,"template":"","format":"standard","meta":{"footnotes":""},"categories":[1356],"tags":[58,59,1011,27,252,1364],"class_list":{"0":"post-569114","1":"post","2":"type-post","3":"status-publish","4":"format-standard","5":"has-post-thumbnail","7":"category-television","8":"tag-divertissement","9":"tag-entertainment","10":"tag-fr","11":"tag-france","12":"tag-television","13":"tag-tv"},"share_on_mastodon":{"url":"https:\/\/pubeurope.com\/@fr\/115639352443988225","error":""},"_links":{"self":[{"href":"https:\/\/www.europesays.com\/fr\/wp-json\/wp\/v2\/posts\/569114","targetHints":{"allow":["GET"]}}],"collection":[{"href":"https:\/\/www.europesays.com\/fr\/wp-json\/wp\/v2\/posts"}],"about":[{"href":"https:\/\/www.europesays.com\/fr\/wp-json\/wp\/v2\/types\/post"}],"author":[{"embeddable":true,"href":"https:\/\/www.europesays.com\/fr\/wp-json\/wp\/v2\/users\/2"}],"replies":[{"embeddable":true,"href":"https:\/\/www.europesays.com\/fr\/wp-json\/wp\/v2\/comments?post=569114"}],"version-history":[{"count":0,"href":"https:\/\/www.europesays.com\/fr\/wp-json\/wp\/v2\/posts\/569114\/revisions"}],"wp:featuredmedia":[{"embeddable":true,"href":"https:\/\/www.europesays.com\/fr\/wp-json\/wp\/v2\/media\/569115"}],"wp:attachment":[{"href":"https:\/\/www.europesays.com\/fr\/wp-json\/wp\/v2\/media?parent=569114"}],"wp:term":[{"taxonomy":"category","embeddable":true,"href":"https:\/\/www.europesays.com\/fr\/wp-json\/wp\/v2\/categories?post=569114"},{"taxonomy":"post_tag","embeddable":true,"href":"https:\/\/www.europesays.com\/fr\/wp-json\/wp\/v2\/tags?post=569114"}],"curies":[{"name":"wp","href":"https:\/\/api.w.org\/{rel}","templated":true}]}}