{"id":569116,"date":"2025-11-30T15:27:14","date_gmt":"2025-11-30T15:27:14","guid":{"rendered":"https:\/\/www.europesays.com\/fr\/569116\/"},"modified":"2025-11-30T15:27:14","modified_gmt":"2025-11-30T15:27:14","slug":"nikki-sixx-motley-crue-critique-les-rockeurs-de-65-ans-qui-jouent-encore-aux-jeunes","status":"publish","type":"post","link":"https:\/\/www.europesays.com\/fr\/569116\/","title":{"rendered":"Nikki Sixx (M\u00f6tley Cr\u00fce) critique les rockeurs de 65 ans qui jouent encore aux jeunes"},"content":{"rendered":"<p><strong>\u00c0 l\u2019approche des 45 ans de <a href=\"https:\/\/www.metalzone.fr\/motley-crue\/\" target=\"_blank\" rel=\"noopener\">M\u00f6tley Cr\u00fce<\/a>, Nikki Sixx prend du recul sur son parcours et s\u2019en prend aux artistes vieillissants qui refusent d\u2019\u00e9voluer, estimant qu\u2019il est illusoire de \u201cse comporter comme \u00e0 25 ans quand on en a 65\u201d.<\/strong><\/p>\n<p>\u201cCe n\u2019est pas cool pour les fans\u201d : Nikki Sixx critique ceux qui refusent de vieillir<\/p>\n<p>Dans une interview accord\u00e9e \u00e0 Dustin Grove de <a href=\"https:\/\/www.youtube.com\/watch?v=7nLlnPKEEQw\" target=\"_blank\" rel=\"noopener\">WTHR<\/a>, Nikki Sixx a livr\u00e9 un regard lucide sur l\u2019\u00e2ge, l\u2019\u00e9volution artistique et le rythme impos\u00e9 par la sc\u00e8ne. \u00c0 66 ans, le bassiste de M\u00f6tley Cr\u00fce affirme assumer pleinement cette nouvelle phase de sa vie, loin des exc\u00e8s de ses d\u00e9buts\u00a0: \u201cLa vie change, mec. Et c\u2019est bien qu\u2019elle change. Ce que je n\u2019aime pas, c\u2019est voir des artistes qui essaient encore de se comporter comme s\u2019ils avaient 25 ans alors qu\u2019ils en ont 65. Je ne trouve pas \u00e7a cool pour les fans\u201d.<\/p>\n<p>Pour Sixx, la long\u00e9vit\u00e9 d\u2019un groupe passe par l\u2019authenticit\u00e9\u00a0: \u201cOn vieillit, on change, on a d\u2019autres centres d\u2019int\u00e9r\u00eat. Et M\u00f6tley Cr\u00fce a su naviguer l\u00e0-dedans sans tricher, en restant sinc\u00e8re\u201d. Il voit dans cette sinc\u00e9rit\u00e9 l\u2019une des raisons de leur impact\u00a0: \u201cCertains nous d\u00e9testent, d\u2019autres disent qu\u2019on a chang\u00e9 leur vie. C\u2019est peut-\u00eatre \u00e7a, notre magie involontaire\u201d.<\/p>\n<p>M\u00f6tley Cr\u00fce pr\u00e9pare une grande tourn\u00e9e pour 2026<\/p>\n<p>Alors que le groupe sort d\u2019une r\u00e9sidence \u00e0 Las Vegas marqu\u00e9e par le retour en forme de Vince Neil apr\u00e8s plusieurs AVC, M\u00f6tley Cr\u00fce se pr\u00e9pare pour la tourn\u00e9e The Return Of Carnival Of Sins. Ce cycle nord-am\u00e9ricain c\u00e9l\u00e9brera \u00e0 la fois les 20 ans de leur tourn\u00e9e de 2005 et les 45 ans du groupe. Il r\u00e9unira \u00e9galement <a href=\"https:\/\/www.metalzone.fr\/extreme\/\" target=\"_blank\" rel=\"noopener\">Extreme<\/a> et Tesla pour 33 dates \u00e0 partir du 17 juillet 2026.<\/p>\n<p>Un dollar par billet sera revers\u00e9 \u00e0 l\u2019organisation ASAP! pour soutenir des programmes artistiques destin\u00e9s aux jeunes, via la M\u00f6tley Cr\u00fce Giveback Initiative. Malgr\u00e9 les ann\u00e9es, le groupe entend bien poursuivre sa route, sans pour autant chercher \u00e0 recr\u00e9er artificiellement ses d\u00e9buts.<\/p>\n<p>Vid\u00e9o de WTHR :<\/p>\n","protected":false},"excerpt":{"rendered":"\u00c0 l\u2019approche des 45 ans de M\u00f6tley Cr\u00fce, Nikki Sixx prend du recul sur son parcours et s\u2019en&hellip;\n","protected":false},"author":2,"featured_media":569117,"comment_status":"","ping_status":"","sticky":false,"template":"","format":"standard","meta":{"footnotes":""},"categories":[1355],"tags":[58,59,1011,27,1361,873],"class_list":{"0":"post-569116","1":"post","2":"type-post","3":"status-publish","4":"format-standard","5":"has-post-thumbnail","7":"category-musique","8":"tag-divertissement","9":"tag-entertainment","10":"tag-fr","11":"tag-france","12":"tag-music","13":"tag-musique"},"share_on_mastodon":{"url":"https:\/\/pubeurope.com\/@fr\/115639356340448701","error":""},"_links":{"self":[{"href":"https:\/\/www.europesays.com\/fr\/wp-json\/wp\/v2\/posts\/569116","targetHints":{"allow":["GET"]}}],"collection":[{"href":"https:\/\/www.europesays.com\/fr\/wp-json\/wp\/v2\/posts"}],"about":[{"href":"https:\/\/www.europesays.com\/fr\/wp-json\/wp\/v2\/types\/post"}],"author":[{"embeddable":true,"href":"https:\/\/www.europesays.com\/fr\/wp-json\/wp\/v2\/users\/2"}],"replies":[{"embeddable":true,"href":"https:\/\/www.europesays.com\/fr\/wp-json\/wp\/v2\/comments?post=569116"}],"version-history":[{"count":0,"href":"https:\/\/www.europesays.com\/fr\/wp-json\/wp\/v2\/posts\/569116\/revisions"}],"wp:featuredmedia":[{"embeddable":true,"href":"https:\/\/www.europesays.com\/fr\/wp-json\/wp\/v2\/media\/569117"}],"wp:attachment":[{"href":"https:\/\/www.europesays.com\/fr\/wp-json\/wp\/v2\/media?parent=569116"}],"wp:term":[{"taxonomy":"category","embeddable":true,"href":"https:\/\/www.europesays.com\/fr\/wp-json\/wp\/v2\/categories?post=569116"},{"taxonomy":"post_tag","embeddable":true,"href":"https:\/\/www.europesays.com\/fr\/wp-json\/wp\/v2\/tags?post=569116"}],"curies":[{"name":"wp","href":"https:\/\/api.w.org\/{rel}","templated":true}]}}