{"id":569130,"date":"2025-11-30T15:36:16","date_gmt":"2025-11-30T15:36:16","guid":{"rendered":"https:\/\/www.europesays.com\/fr\/569130\/"},"modified":"2025-11-30T15:36:16","modified_gmt":"2025-11-30T15:36:16","slug":"ce-concert-brutalement-interrompu-illustre-les-fortes-tensions-diplomatiques-entre-tokyo-et-pekin","status":"publish","type":"post","link":"https:\/\/www.europesays.com\/fr\/569130\/","title":{"rendered":"Ce concert brutalement interrompu illustre les fortes tensions diplomatiques entre Tokyo et P\u00e9kin"},"content":{"rendered":"<p>        <img decoding=\"async\" loading=\"lazy\" src=\"https:\/\/www.europesays.com\/fr\/wp-content\/uploads\/2025\/11\/ca907f4_upload-1-xmhb06lqvqwq-capture-d-ecran-2025-11-30-141510.jpg\"  width=\"728\" height=\"409\" alt=\"La chanteuse japonaise Maki Otsuki interrompue au milieu de son concert \u00e0 Shangha\u00ef, le 29\u00a0novembre 2025.\"\/>  <\/p>\n<p>Capture d\u2019\u00e9cran X<\/p>\n<p>La chanteuse japonaise Maki Otsuki interrompue au milieu de son concert \u00e0 Shangha\u00ef, le 29\u00a0novembre 2025.<\/p>\n<p class=\"asset asset-text\">Elle \u00e9tait en train d\u2019interpr\u00e9ter un g\u00e9n\u00e9rique de la tr\u00e8s populaire s\u00e9rie anim\u00e9e One Piece. La chanteuse japonaise Maki Otsuki a d\u00fb interrompre brutalement et en plein milieu son concert en Chine (<strong>voir la vid\u00e9o plus bas<\/strong>), selon son \u00e9quipe, lors d\u2019un festival ensuite d\u00e9programm\u00e9 dans son int\u00e9gralit\u00e9.<\/p>\n<p class=\"asset asset-text\">Il s\u2019agit de la derni\u00e8re annulation culturelle dans un contexte de fortes tensions diplomatiques entre Tokyo et P\u00e9kin.<\/p>\n<p class=\"asset asset-text\">L\u2019artiste, qui devait se produire deux fois au Festival Bandai Namco 2025 \u00e0 Shangha\u00ef, avait entam\u00e9 son premier concert. Cependant, elle a \u00ab\u00a0d\u00fb brusquement interrompre sa performance en raison de circonstances in\u00e9vitables\u00a0\u00bb, ont \u00e9crit ses agents samedi 29\u00a0novembre sur son site officiel.<\/p>\n<p> La lecture de ce contenu est susceptible d\u2019entra\u00eener un d\u00e9p\u00f4t de cookies de la part de l\u2019op\u00e9rateur tiers qui l\u2019h\u00e9berge. Compte-tenu des choix que vous avez exprim\u00e9s en mati\u00e8re de d\u00e9p\u00f4t de cookies, nous avons bloqu\u00e9 l\u2019affichage de ce contenu. Si vous souhaitez y acc\u00e9der, vous devez accepter la cat\u00e9gorie de cookies \u201cContenus tiers\u201d en cliquant sur le bouton ci-dessous. <\/p>\n<p> Lire la Vid\u00e9o        <\/p>\n<p class=\"asset asset-text\">Le Festival Bandai Namco devait durer jusqu\u2019\u00e0 ce dimanche. Mais, selon l\u2019agence japonaise Kyodo News, les organisateurs ont annonc\u00e9 sur le r\u00e9seau social chinois WeChat l\u2019annulation du reste de l\u2019\u00e9v\u00e9nement, citant des \u00ab\u00a0facteurs divers\u00a0\u00bb.<\/p>\n<p>                     Les annulations d\u2019\u00e9v\u00e9nements culturels se multiplient    <\/p>\n<p class=\"asset asset-text\">Les annulations d\u2019\u00e9v\u00e9nements culturels se multiplient entre les deux pays asiatiques, engag\u00e9s dans une bataille diplomatique autour du sujet sensible de Ta\u00efwan.<\/p>\n<p class=\"asset asset-text\">Les relations bilat\u00e9rales ont pris un coup de froid quand la Premi\u00e8re ministre nippone, Sanae Takaichi, a laiss\u00e9 entendre d\u00e9but novembre que son pays pourrait intervenir militairement en cas d\u2019attaque contre <a href=\"https:\/\/www.huffingtonpost.fr\/politique\/article\/les-propos-d-aurelien-tache-sur-la-chine-ne-vont-pas-arranger-la-reputation-de-lfi-sur-le-sujet_257663.html\" target=\"_blank\" rel=\"noopener\">Ta\u00efwan<\/a>, que P\u00e9kin revendique en mena\u00e7ant de recourir \u00e0 la force pour s\u2019en emparer.<\/p>\n<p class=\"asset asset-text\">La Chine, rendue furieuse par les d\u00e9clarations de Sanae Takaichi, a recommand\u00e9 \u00e0 ses ressortissants d\u2019\u00e9viter d\u2019aller au Japon, et convoqu\u00e9 l\u2019ambassadeur de ce pays.<\/p>\n<p class=\"asset asset-text\">D\u2019autres artistes et spectacles ont \u00e9t\u00e9 d\u00e9command\u00e9s en Chine derni\u00e8rement, dont les concerts de la chanteuse pop Ayumi Hamasaki et la pianiste de jazz Hiromi Uehara, toujours d\u2019apr\u00e8s Kyodo.<\/p>\n<p class=\"asset asset-text\">\u00ab\u00a0Je crois toujours fermement que le divertissement doit \u00eatre un pont qui nous relie, et que je dois cr\u00e9er ce pont\u00a0\u00bb, a r\u00e9agi sur son compte Instagram Ayumi Hamasaki, dont le concert \u00e0 Shangha\u00ef a \u00e9t\u00e9 annul\u00e9 vendredi, veille de la date pr\u00e9vue du show.<\/p>\n","protected":false},"excerpt":{"rendered":"Capture d\u2019\u00e9cran X La chanteuse japonaise Maki Otsuki interrompue au milieu de son concert \u00e0 Shangha\u00ef, le 29\u00a0novembre&hellip;\n","protected":false},"author":2,"featured_media":569131,"comment_status":"","ping_status":"","sticky":false,"template":"","format":"standard","meta":{"footnotes":""},"categories":[5],"tags":[11,309,1697,312,1011,27,14,2070,873,12,28],"class_list":{"0":"post-569130","1":"post","2":"type-post","3":"status-publish","4":"format-standard","5":"has-post-thumbnail","7":"category-international","8":"tag-actualites","9":"tag-chine","10":"tag-concert","11":"tag-diplomatie","12":"tag-fr","13":"tag-france","14":"tag-international","15":"tag-japon","16":"tag-musique","17":"tag-news","18":"tag-world"},"share_on_mastodon":{"url":"","error":""},"_links":{"self":[{"href":"https:\/\/www.europesays.com\/fr\/wp-json\/wp\/v2\/posts\/569130","targetHints":{"allow":["GET"]}}],"collection":[{"href":"https:\/\/www.europesays.com\/fr\/wp-json\/wp\/v2\/posts"}],"about":[{"href":"https:\/\/www.europesays.com\/fr\/wp-json\/wp\/v2\/types\/post"}],"author":[{"embeddable":true,"href":"https:\/\/www.europesays.com\/fr\/wp-json\/wp\/v2\/users\/2"}],"replies":[{"embeddable":true,"href":"https:\/\/www.europesays.com\/fr\/wp-json\/wp\/v2\/comments?post=569130"}],"version-history":[{"count":0,"href":"https:\/\/www.europesays.com\/fr\/wp-json\/wp\/v2\/posts\/569130\/revisions"}],"wp:featuredmedia":[{"embeddable":true,"href":"https:\/\/www.europesays.com\/fr\/wp-json\/wp\/v2\/media\/569131"}],"wp:attachment":[{"href":"https:\/\/www.europesays.com\/fr\/wp-json\/wp\/v2\/media?parent=569130"}],"wp:term":[{"taxonomy":"category","embeddable":true,"href":"https:\/\/www.europesays.com\/fr\/wp-json\/wp\/v2\/categories?post=569130"},{"taxonomy":"post_tag","embeddable":true,"href":"https:\/\/www.europesays.com\/fr\/wp-json\/wp\/v2\/tags?post=569130"}],"curies":[{"name":"wp","href":"https:\/\/api.w.org\/{rel}","templated":true}]}}