{"id":569132,"date":"2025-11-30T15:37:13","date_gmt":"2025-11-30T15:37:13","guid":{"rendered":"https:\/\/www.europesays.com\/fr\/569132\/"},"modified":"2025-11-30T15:37:13","modified_gmt":"2025-11-30T15:37:13","slug":"transports-education-administrations-a-quoi-faut-il-sattendre-lors-de-la-journee-de-greve-du-2-decembre","status":"publish","type":"post","link":"https:\/\/www.europesays.com\/fr\/569132\/","title":{"rendered":"Transports, \u00e9ducation, administrations&#8230; \u00c0 quoi faut-il s\u2019attendre lors de la journ\u00e9e de gr\u00e8ve du 2 d\u00e9cembre ?"},"content":{"rendered":"<p>\n    \u00c0 l\u2019appel de la CGT, de la FSU et de Solidaires, les syndicats entendent peser sur le projet de budget 2026, qu\u2019ils jugent d\u00e9favorable aux agents publics. Le Figaro fait le point sur ce qui attend les usagers.<\/p>\n<p class=\"fig-paragraph\">La journ\u00e9e de mobilisation nationale du mardi 2 d\u00e9cembre s\u2019annonce perturb\u00e9e dans plusieurs secteurs cl\u00e9s, \u00e0 l\u2019appel d\u2019un front intersyndical compos\u00e9 notamment de la\u00a0<a href=\"http:\/\/www.lefigaro.fr\/flash-eco\/chez-edf-le-lent-declin-de-la-cgt-a-la-gouvernance-des-oeuvres-sociales-20251120\" data-fig-type=\"NewsFlash\" data-gtm-custom-categorie=\"navigation\" data-gtm-custom-action=\"crossclick\" data-gtm-custom-label=\"Contextuel\" data-gtm-event=\"customEventSPE\" data-fig-domain=\"LEFIGARO\" target=\"_blank\" rel=\"noopener\">CGT<\/a>, FSU et Solidaires. Ce mouvement social vise explicitement le projet de loi de finances (PLF) 2026, jug\u00e9 par les syndicats comme \u00absocialement injuste\u00bb et dont les discussions vont se poursuivre jusqu\u2019\u00e0 la mi-d\u00e9cembre. Ils r\u00e9clament \u00e0 la fois la fin du gel des salaires dans la fonction publique, une hausse g\u00e9n\u00e9rale des r\u00e9mun\u00e9rations, l\u2019arr\u00eat des suppressions de postes ou encore l\u2019abandon du doublement des franchises m\u00e9dicales. La gr\u00e8ve touchera principalement les transports, l\u2019\u00e9ducation et certaines administrations, avec des cons\u00e9quences variables selon les territoires. Le Figaro fait le point sur les perturbations.<\/p>\n<p class=\"fig-paragraph\">Dans les transports, le trafic s\u2019annonce nettement r\u00e9duit. \u00c0 la RATP, un pr\u00e9avis de gr\u00e8ve couvre la p\u00e9riode du lundi 1er d\u00e9cembre \u00e0 partir de 18h jusqu\u2019au mercredi 3 d\u00e9cembre \u00e0 7h. Plusieurs lignes de m\u00e9tro, de bus et de tramways pourraient fonctionner en mode restreint. \u00c0 la SNCF, la CGT Cheminots \u00e9voque des retards et des suppressions de trains. Les pr\u00e9visions officielles de circulation pour la journ\u00e9e de mardi ne seront communiqu\u00e9es que lundi en fin d\u2019apr\u00e8s-midi. Du c\u00f4t\u00e9 du secteur a\u00e9rien, deux syndicats minoritaires de pilotes d\u2019<a href=\"http:\/\/www.lefigaro.fr\/societes\/pourquoi-air-france-klm-lufthansa-et-iag-se-disputent-la-compagnie-portugaise-tap-20251121\" data-fig-type=\"Article\" data-gtm-custom-categorie=\"navigation\" data-gtm-custom-action=\"crossclick\" data-gtm-custom-label=\"Contextuel\" data-gtm-event=\"customEventSPE\" data-fig-domain=\"LEFIGARO\" target=\"_blank\" rel=\"noopener\">Air France<\/a>\u00a0pr\u00e9voient de lancer des mobilisations les 2 et 3 d\u00e9cembre pour d\u00e9noncer des suppressions de postes dans l\u2019entreprise.<\/p>\n<p>                                            <a class=\"fig-a11y-skip\" href=\"#fig-a11y-skip-main-inarticle\" data-module=\"a11y-skip\" data-context=\"was @visible\"><br \/>\n    Passer la publicit\u00e9<br \/>\n<\/a>            <\/p>\n<p>                                            Des ralentissements dans les services administratifs<\/p>\n<p class=\"fig-paragraph\">L\u2019\u00e9ducation nationale fait aussi partie des secteurs fortement mobilis\u00e9s. Des absences d\u2019enseignants sont attendues dans le primaire comme dans le secondaire. Certaines \u00e9coles pourraient assurer un service minimum, tandis que d\u2019autres risques de rester totalement ferm\u00e9es selon les d\u00e9cisions prises par les communes. Les syndicats d\u00e9noncent notamment la suppression de plus de 4000 postes dans le secondaire et des r\u00e9ductions d\u2019effectifs dans le primaire. Les cantines scolaires, accueils du matin et du soir ainsi que les activit\u00e9s p\u00e9riscolaires pourraient aussi \u00eatre perturb\u00e9s ou suspendus. Dans les cr\u00e8ches municipales, les collectivit\u00e9s anticipent d\u00e9j\u00e0 un fonctionnement r\u00e9duit, voire certaines fermetures partielles faute de personnel suffisant.<\/p>\n<p class=\"fig-paragraph\">Les administrations et services publics sont \u00e9galement concern\u00e9s. Le pr\u00e9avis de gr\u00e8ve couvre la fonction publique d\u2019\u00c9tat et territoriale, ce qui pourrait entra\u00eener des ralentissements dans les services administratifs, la fermeture temporaire de certains guichets ou le report de rendez-vous, notamment pour les titres d\u2019identit\u00e9 ou les d\u00e9marches sociales. Dans certains \u00e9tablissements de sant\u00e9, les syndicats \u00e9voquent la mise en place d\u2019un service minimum, avec une pr\u00e9sence limit\u00e9e d\u2019agents non gr\u00e9vistes.<\/p>\n<p class=\"fig-paragraph\">La journ\u00e9e de mardi sera aussi marqu\u00e9e par des manifestations et rassemblements annonc\u00e9s dans de nombreuses grandes villes, comme Bordeaux, La Rochelle, Ch\u00e2teaubriant, Lens, Douai, Dijon, Le Havre ou encore Rouen. Les organisations syndicales doivent encore pr\u00e9ciser, dans les heures qui viennent, les modalit\u00e9s de la manifestation parisienne. Ces cort\u00e8ges pourraient provoquer des d\u00e9viations, des fermetures ponctuelles de routes ou un ralentissement significatif du trafic automobile en centre-ville.<\/p>\n","protected":false},"excerpt":{"rendered":"\u00c0 l\u2019appel de la CGT, de la FSU et de Solidaires, les syndicats entendent peser sur le projet&hellip;\n","protected":false},"author":2,"featured_media":569133,"comment_status":"","ping_status":"","sticky":false,"template":"","format":"standard","meta":{"footnotes":""},"categories":[4],"tags":[11,1011,27,6151,12,25,3427,800],"class_list":{"0":"post-569132","1":"post","2":"type-post","3":"status-publish","4":"format-standard","5":"has-post-thumbnail","7":"category-france","8":"tag-actualites","9":"tag-fr","10":"tag-france","11":"tag-greve","12":"tag-news","13":"tag-republique-francaise","14":"tag-syndicats","15":"tag-transports"},"share_on_mastodon":{"url":"https:\/\/pubeurope.com\/@fr\/115639395640773752","error":""},"_links":{"self":[{"href":"https:\/\/www.europesays.com\/fr\/wp-json\/wp\/v2\/posts\/569132","targetHints":{"allow":["GET"]}}],"collection":[{"href":"https:\/\/www.europesays.com\/fr\/wp-json\/wp\/v2\/posts"}],"about":[{"href":"https:\/\/www.europesays.com\/fr\/wp-json\/wp\/v2\/types\/post"}],"author":[{"embeddable":true,"href":"https:\/\/www.europesays.com\/fr\/wp-json\/wp\/v2\/users\/2"}],"replies":[{"embeddable":true,"href":"https:\/\/www.europesays.com\/fr\/wp-json\/wp\/v2\/comments?post=569132"}],"version-history":[{"count":0,"href":"https:\/\/www.europesays.com\/fr\/wp-json\/wp\/v2\/posts\/569132\/revisions"}],"wp:featuredmedia":[{"embeddable":true,"href":"https:\/\/www.europesays.com\/fr\/wp-json\/wp\/v2\/media\/569133"}],"wp:attachment":[{"href":"https:\/\/www.europesays.com\/fr\/wp-json\/wp\/v2\/media?parent=569132"}],"wp:term":[{"taxonomy":"category","embeddable":true,"href":"https:\/\/www.europesays.com\/fr\/wp-json\/wp\/v2\/categories?post=569132"},{"taxonomy":"post_tag","embeddable":true,"href":"https:\/\/www.europesays.com\/fr\/wp-json\/wp\/v2\/tags?post=569132"}],"curies":[{"name":"wp","href":"https:\/\/api.w.org\/{rel}","templated":true}]}}