{"id":569138,"date":"2025-11-30T15:40:20","date_gmt":"2025-11-30T15:40:20","guid":{"rendered":"https:\/\/www.europesays.com\/fr\/569138\/"},"modified":"2025-11-30T15:40:20","modified_gmt":"2025-11-30T15:40:20","slug":"classement-lyon-saintelyon-2025-en-direct","status":"publish","type":"post","link":"https:\/\/www.europesays.com\/fr\/569138\/","title":{"rendered":"Classement Lyon Saint\u00e9Lyon 2025 en direct"},"content":{"rendered":"<p style=\"text-align: justify;\"><strong>Retrouvez les r\u00e9sultats et le classement en direct (top 10) de la Lyon Saint\u00e9Lyon 2025. D\u00e9part donn\u00e9 ce samedi 29 novembre \u00e0 9h, heure fran\u00e7aise.<\/strong><\/p>\n<p style=\"text-align: justify;\">\u00c9preuve phare et format le plus exigeant de l\u2019\u00e9v\u00e9nement ASICS <a href=\"https:\/\/dicodusport.fr\/blog\/courses-de-legende-2-la-saintelyon\/\" target=\"_blank\" rel=\"noopener\">Saint\u00e9Lyon<\/a>, la <strong>Lyon Saint\u00e9Lyon<\/strong> incarne l\u2019essence profonde de ce trail hivernal mythique. Dans la lign\u00e9e de l\u2019ancienne et l\u00e9gendaire 180, elle propose aux coureurs un d\u00e9fi hors norme : <strong>160 kilom\u00e8tres<\/strong> d\u2019un aller-retour complet entre <strong>Lyon<\/strong> et <strong>Saint-\u00c9tienne<\/strong>, traversant les Monts du Lyonnais dans des conditions hivernales souvent rudes.<\/p>\n<p>Infos et parcours de la Lyon Saint\u00e9Lyon<\/p>\n<p style=\"text-align: justify;\">Cette course s\u2019adresse aux trailers exp\u00e9riment\u00e9s en qu\u00eate d\u2019un engagement total, capables d\u2019affronter la fatigue, la longueur et l\u2019incertitude climatique typiques de la fin novembre. Entre sections roulantes, sentiers techniques, travers\u00e9es de villages et cr\u00eates expos\u00e9es, la <strong>Lyon Saint\u00e9Lyon<\/strong> se distingue par son atmosph\u00e8re unique, m\u00e9lange d\u2019aventure nocturne, de solidarit\u00e9 et de d\u00e9passement de soi. D\u00e9part donn\u00e9 ce samedi 29 novembre 2025 \u00e0 9h, \u00e0 la Halle Tony Garnier de Lyon.<\/p>\n<p style=\"text-align: justify;\">Contrairement \u00e0 la Saint\u00e9Lyon classique, disput\u00e9e de nuit, la <strong>Lyon Saint\u00e9Lyon<\/strong> d\u00e9marre en plein jour. Les coureurs parcourront l\u2019aller vers Saint-\u00c9tienne durant l\u2019apr\u00e8s-midi, avant d\u2019attaquer le retour vers Lyon dans la nuit du samedi au dimanche. Cette gestion d\u00e9cal\u00e9e du temps ajoute une dimension strat\u00e9gique : partir prudemment sous la lumi\u00e8re du jour pour arriver lucide dans les phases nocturnes les plus difficiles.<\/p>\n<p>Le parcours de Lyon Saint\u00e9Lyon 2025<\/p>\n<p style=\"text-align: justify;\">L\u2019\u00e9dition 2025 propose un trac\u00e9 significativement renouvel\u00e9 : 40 % du parcours est in\u00e9dit, 10 kilom\u00e8tres de sentiers nouveaux font leur apparition, et l\u2019ensemble a \u00e9t\u00e9 pens\u00e9 pour \u00eatre un peu moins haut, davantage roulant, sans perdre la technicit\u00e9 et la vari\u00e9t\u00e9 qui font la r\u00e9putation de l\u2019\u00e9preuve.<\/p>\n<p style=\"text-align: justify;\">Le parcours se structure autour de plusieurs ambiances : les abords lyonnais, avec des premiers kilom\u00e8tres qui permettent une mise en jambes progressive avant de s\u2019engager dans les <strong>Monts du Lyonnais<\/strong>. Les chemins alternent pistes, petits sentiers et premi\u00e8res bosses r\u00e9guli\u00e8res.<\/p>\n<p>\n<a href=\"https:\/\/dicodusport.fr\/blog\/offres\/abonnements-sans-pub\/\" target=\"_blank\" rel=\"noopener\"><img loading=\"lazy\" decoding=\"async\" class=\"alignnone size-full wp-image-501284 perfmatters-lazy\" alt=\"\" width=\"1200\" height=\"200\" src=\"https:\/\/www.europesays.com\/fr\/wp-content\/uploads\/2025\/04\/Abonnements-sans-pubs-Dicodusport.png\"\/><\/a><\/p>\n<p style=\"text-align: justify;\">Puis les cr\u00eates des <strong>Monts du Lyonnais<\/strong>, c\u0153ur sauvage de la course, cette zone offre des portions foresti\u00e8res, des passages en cr\u00eate parfois expos\u00e9s au vent et des transitions successives entre mont\u00e9es \u00e9nergiques et descentes techniques. C\u2019est ici que se joue la gestion du d\u00e9nivel\u00e9 et de l\u2019effort.<\/p>\n<p>\n<a href=\"https:\/\/dicodusport.fr\/blog\/offres\/abonnements-sans-pub\/\" target=\"_blank\" rel=\"noopener\"><img loading=\"lazy\" decoding=\"async\" class=\"alignnone size-full wp-image-501296 perfmatters-lazy\" alt=\"\" width=\"400\" height=\"400\" src=\"https:\/\/www.europesays.com\/fr\/wp-content\/uploads\/2025\/04\/Abonnements-sans-pubs-Dicodusport-mobile.png\"\/><\/a><\/p>\n<p style=\"text-align: justify;\">Avant la mi-course \u00e0 <strong>Saint-\u00c9tienne<\/strong>, lorsque la nuit tombe, que les frontales s\u2019allument et que les concurrents entament le voyage retour.<\/p>\n<p style=\"text-align: justify;\">Enfin, le retour nocturne vers <strong>Lyon<\/strong>, moment embl\u00e9matique, avec un long serpent lumineux traverse les collines. La nuit, le froid et la fatigue install\u00e9e exigent une vigilance constante. La portion finale vers Lyon, souvent boueuse, met les organismes \u00e0 l\u2019\u00e9preuve avant la descente vers la capitale des Gaules.<\/p>\n<p style=\"text-align: justify;\"><strong>Retrouvez le top 10 du classement de la Lyon Saint\u00e9Lyon 2025, longue de 160 kilom\u00e8tres pour 4 150 m\u00e8tres de d\u00e9nivel\u00e9 positif.<\/strong><\/p>\n<p>Classement Lyon Saint\u00e9Lyon 2025 \u2013 Course hommes<\/p>\n<p><strong>Classement officiel mis \u00e0 jour \u00e0 l\u2019issue de la course.<\/strong><\/p>\n<tr style=\"height: 24px\">\n<td style=\"border-color: #ebebeb;height: 24px;text-align: center;width: 80px;vertical-align: middle\">\ud83c\udfc6<\/td>\n<td style=\"border-color: #ebebeb;height: 24px;text-align: center;width: 500px;vertical-align: middle\"><strong>ATHL\u00c8TES<\/strong><\/td>\n<td style=\"border-color: #ebebeb;height: 24px;text-align: center;width: 220px;vertical-align: middle\"><strong>TEMPS<\/strong><\/td>\n<\/tr>\n<tr style=\"height: 24px\">\n<td style=\"border-color: #ebebeb;height: 24px;text-align: center;width: 80px;vertical-align: middle\"><strong>1.<\/strong><\/td>\n<td style=\"border-color: #ebebeb;height: 24px;text-align: center;width: 500px;vertical-align: middle\"><strong>\ud83c\uddeb\ud83c\uddf7 ELWAN MEHL<\/strong><\/td>\n<td style=\"border-color: #ebebeb;text-align: center;width: 220px;vertical-align: middle\"><strong>7h04m23<\/strong><strong>s<\/strong><\/td>\n<\/tr>\n<tr>\n<td style=\"border-color: #ebebeb;text-align: center;width: 80px;vertical-align: middle\"><strong>2.<\/strong><\/td>\n<td style=\"border-color: #ebebeb;height: 24px;text-align: center;width: 500px;vertical-align: middle\"><strong>\ud83c\uddeb\ud83c\uddf7 SAMUEL CAIGNAN<\/strong><\/td>\n<td style=\"border-color: #ebebeb;text-align: center;width: 220px;vertical-align: middle\"><strong>\u00e0 10m57s<\/strong><\/td>\n<\/tr>\n<tr>\n<td style=\"border-color: #ebebeb;text-align: center;width: 80px;vertical-align: middle\"><strong>3.<\/strong><\/td>\n<td style=\"border-color: #ebebeb;height: 24px;text-align: center;width: 500px;vertical-align: middle\"><strong>\ud83c\uddeb\ud83c\uddf7 JEFFREY DORSEY<\/strong><\/td>\n<td style=\"border-color: #ebebeb;text-align: center;width: 220px;vertical-align: middle\"><strong>\u00e0 12m22s<\/strong><\/td>\n<\/tr>\n<tr>\n<td style=\"border-color: #ebebeb;text-align: center;width: 80px;vertical-align: middle\">4.<\/td>\n<td style=\"border-color: #ebebeb;height: 24px;text-align: center;width: 500px;vertical-align: middle\"><strong>\ud83c\uddeb\ud83c\uddf7 NICOLAS FIRMIN<\/strong><\/td>\n<td style=\"border-color: #ebebeb;text-align: center;width: 220px;vertical-align: middle\"><strong>\u00e0 15m07s<\/strong><\/td>\n<\/tr>\n<tr>\n<td style=\"border-color: #ebebeb;text-align: center;width: 80px;vertical-align: middle\">5.<\/td>\n<td style=\"border-color: #ebebeb;height: 24px;text-align: center;width: 500px;vertical-align: middle\"><strong>\ud83c\uddeb\ud83c\uddf7 SIMON JONET<\/strong><\/td>\n<td style=\"border-color: #ebebeb;text-align: center;width: 220px;vertical-align: middle\"><strong>\u00e0 18m36s<\/strong><\/td>\n<\/tr>\n<tr>\n<td style=\"border-color: #ebebeb;text-align: center;width: 80px;vertical-align: middle\">6.<\/td>\n<td style=\"border-color: #ebebeb;height: 24px;text-align: center;width: 500px;vertical-align: middle\"><strong>\ud83c\uddeb\ud83c\uddf7 MAXIME GENDROT<\/strong><\/td>\n<td style=\"border-color: #ebebeb;text-align: center;width: 220px;vertical-align: middle\"><strong>\u00e0 28m15s<\/strong><\/td>\n<\/tr>\n<tr>\n<td style=\"border-color: #ebebeb;text-align: center;width: 80px;vertical-align: middle\">7.<\/td>\n<td style=\"border-color: #ebebeb;height: 24px;text-align: center;width: 500px;vertical-align: middle\"><strong>\ud83c\uddeb\ud83c\uddf7 NATHAN COURANT<\/strong><\/td>\n<td style=\"border-color: #ebebeb;text-align: center;width: 220px;vertical-align: middle\"><strong>\u00e0 28m37s<\/strong><\/td>\n<\/tr>\n<tr>\n<td style=\"border-color: #ebebeb;text-align: center;width: 80px;vertical-align: middle\">8.<\/td>\n<td style=\"border-color: #ebebeb;height: 24px;text-align: center;width: 500px;vertical-align: middle\"><strong>\ud83c\uddeb\ud83c\uddf7 WANDRILLE RENOUX<\/strong><\/td>\n<td style=\"border-color: #ebebeb;text-align: center;width: 220px;vertical-align: middle\"><strong>\u00e0 33m58s<\/strong><\/td>\n<\/tr>\n<tr>\n<td style=\"border-color: #ebebeb;text-align: center;width: 80px;vertical-align: middle\">9.<\/td>\n<td style=\"border-color: #ebebeb;height: 24px;text-align: center;width: 500px;vertical-align: middle\"><strong>\ud83c\uddeb\ud83c\uddf7 FRAN\u00c7OIS-OLIVIER WEICHERT<\/strong><\/td>\n<td style=\"border-color: #ebebeb;text-align: center;width: 220px;vertical-align: middle\"><strong>\u00e0 34m28s<\/strong><\/td>\n<\/tr>\n<tr style=\"height: 24px\">\n<td style=\"border-color: #ebebeb;height: 24px;text-align: center;width: 80px;vertical-align: middle\">10.<\/td>\n<td style=\"border-color: #ebebeb;height: 24px;text-align: center;width: 500px;vertical-align: middle\"><strong>\ud83c\uddeb\ud83c\uddf7 PIERRE-ANTOINE CUEFF<\/strong><\/td>\n<td style=\"border-color: #ebebeb;text-align: center;width: 220px;vertical-align: middle\"><strong>\u00e0 39m19s<\/strong><\/td>\n<\/tr>\n<p>Classement Lyon Saint\u00e9Lyon 2025 \u2013 Course femmes<\/p>\n<p><strong>Classement officiel mis \u00e0 jour \u00e0 l\u2019issue de la course.<\/strong><\/p>\n<tr style=\"height: 24px\">\n<td style=\"border-color: #ebebeb;height: 24px;text-align: center;width: 80px;vertical-align: middle\">\ud83c\udfc6<\/td>\n<td style=\"border-color: #ebebeb;height: 24px;text-align: center;width: 500px;vertical-align: middle\"><strong>ATHL\u00c8TES<\/strong><\/td>\n<td style=\"border-color: #ebebeb;height: 24px;text-align: center;width: 220px;vertical-align: middle\"><strong>TEMPS<\/strong><\/td>\n<\/tr>\n<tr style=\"height: 24px\">\n<td style=\"border-color: #ebebeb;height: 24px;text-align: center;width: 80px;vertical-align: middle\"><strong>1.<\/strong><\/td>\n<td style=\"border-color: #ebebeb;height: 24px;text-align: center;width: 500px;vertical-align: middle\"><strong>\ud83c\uddeb\ud83c\uddf7 ENORA NIORT<\/strong><\/td>\n<td style=\"border-color: #ebebeb;text-align: center;width: 220px;vertical-align: middle\"><strong>9h25m23<\/strong><strong>s<\/strong><\/td>\n<\/tr>\n<tr>\n<td style=\"border-color: #ebebeb;text-align: center;width: 80px;vertical-align: middle\"><strong>2.<\/strong><\/td>\n<td style=\"border-color: #ebebeb;height: 24px;text-align: center;width: 500px;vertical-align: middle\"><strong>\ud83c\uddeb\ud83c\uddf7 CAROLINE SEBERT<\/strong><\/td>\n<td style=\"border-color: #ebebeb;text-align: center;width: 220px;vertical-align: middle\"><strong>\u00e0 24m11s<\/strong><\/td>\n<\/tr>\n<tr>\n<td style=\"border-color: #ebebeb;text-align: center;width: 80px;vertical-align: middle\"><strong>3.<\/strong><\/td>\n<td style=\"border-color: #ebebeb;height: 24px;text-align: center;width: 500px;vertical-align: middle\"><strong>\ud83c\uddeb\ud83c\uddf7 SARAH THIOLLIER<\/strong><\/td>\n<td style=\"border-color: #ebebeb;text-align: center;width: 220px;vertical-align: middle\"><strong>\u00e0 57m56s<\/strong><\/td>\n<\/tr>\n<tr>\n<td style=\"border-color: #ebebeb;text-align: center;width: 80px;vertical-align: middle\">4.<\/td>\n<td style=\"border-color: #ebebeb;height: 24px;text-align: center;width: 500px;vertical-align: middle\"><strong>\ud83c\uddeb\ud83c\uddf7 AGATHE LISOWSKI<\/strong><\/td>\n<td style=\"border-color: #ebebeb;text-align: center;width: 220px;vertical-align: middle\"><strong>\u00e0 1h08m41s<\/strong><\/td>\n<\/tr>\n<tr>\n<td style=\"border-color: #ebebeb;text-align: center;width: 80px;vertical-align: middle\">5.<\/td>\n<td style=\"border-color: #ebebeb;height: 24px;text-align: center;width: 500px;vertical-align: middle\"><strong>\ud83c\uddeb\ud83c\uddf7 ALICE KEMLIN<\/strong><\/td>\n<td style=\"border-color: #ebebeb;text-align: center;width: 220px;vertical-align: middle\"><strong>\u00e0 1h24m48s<\/strong><\/td>\n<\/tr>\n<tr>\n<td style=\"border-color: #ebebeb;text-align: center;width: 80px;vertical-align: middle\">6.<\/td>\n<td style=\"border-color: #ebebeb;height: 24px;text-align: center;width: 500px;vertical-align: middle\"><strong>\ud83c\uddeb\ud83c\uddf7 CAROLE BOUTEILLE<\/strong><\/td>\n<td style=\"border-color: #ebebeb;text-align: center;width: 220px;vertical-align: middle\"><strong>\u00e0 1h37m34s<\/strong><\/td>\n<\/tr>\n<tr>\n<td style=\"border-color: #ebebeb;text-align: center;width: 80px;vertical-align: middle\">7.<\/td>\n<td style=\"border-color: #ebebeb;height: 24px;text-align: center;width: 500px;vertical-align: middle\"><strong>\ud83c\uddeb\ud83c\uddf7 MAUD MERY DE MONTIGNY<\/strong><\/td>\n<td style=\"border-color: #ebebeb;text-align: center;width: 220px;vertical-align: middle\"><strong>\u00e0 1h37m52s<\/strong><\/td>\n<\/tr>\n<tr>\n<td style=\"border-color: #ebebeb;text-align: center;width: 80px;vertical-align: middle\">8.<\/td>\n<td style=\"border-color: #ebebeb;height: 24px;text-align: center;width: 500px;vertical-align: middle\"><strong>\ud83c\uddeb\ud83c\uddf7 FLORENCE MARGUERITTE<\/strong><\/td>\n<td style=\"border-color: #ebebeb;text-align: center;width: 220px;vertical-align: middle\"><strong>\u00e0 1h54m13s<\/strong><\/td>\n<\/tr>\n<tr>\n<td style=\"border-color: #ebebeb;text-align: center;width: 80px;vertical-align: middle\">9.<\/td>\n<td style=\"border-color: #ebebeb;height: 24px;text-align: center;width: 500px;vertical-align: middle\"><strong>\ud83c\uddeb\ud83c\uddf7 CHRISTINE GARNIER<\/strong><\/td>\n<td style=\"border-color: #ebebeb;text-align: center;width: 220px;vertical-align: middle\"><strong>\u00e0 2h02m53s<\/strong><\/td>\n<\/tr>\n<tr style=\"height: 24px\">\n<td style=\"border-color: #ebebeb;height: 24px;text-align: center;width: 80px;vertical-align: middle\">10.<\/td>\n<td style=\"border-color: #ebebeb;height: 24px;text-align: center;width: 500px;vertical-align: middle\"><strong>\ud83c\uddeb\ud83c\uddf7 ANNE-GA\u00cbLLE COFFY<\/strong><\/td>\n<td style=\"border-color: #ebebeb;text-align: center;width: 220px;vertical-align: middle\"><strong>\u00e0 2h12m04s<\/strong><\/td>\n<\/tr>\n","protected":false},"excerpt":{"rendered":"Retrouvez les r\u00e9sultats et le classement en direct (top 10) de la Lyon Saint\u00e9Lyon 2025. D\u00e9part donn\u00e9 ce&hellip;\n","protected":false},"author":2,"featured_media":569139,"comment_status":"","ping_status":"","sticky":false,"template":"","format":"standard","meta":{"footnotes":""},"categories":[9653],"tags":[1111,11,2430,2113,1777,674,1011,27,12,25,4001,64376,6187,29099],"class_list":{"0":"post-569138","1":"post","2":"type-post","3":"status-publish","4":"format-standard","5":"has-post-thumbnail","7":"category-saint-etienne","8":"tag-actu","9":"tag-actualites","10":"tag-auvergne-rhone-alpes","11":"tag-breve","12":"tag-eu","13":"tag-europe","14":"tag-fr","15":"tag-france","16":"tag-news","17":"tag-republique-francaise","18":"tag-saint-etienne","19":"tag-saintelyon","20":"tag-trail","21":"tag-ultra-trail"},"share_on_mastodon":{"url":"https:\/\/pubeurope.com\/@fr\/115639408547284534","error":""},"_links":{"self":[{"href":"https:\/\/www.europesays.com\/fr\/wp-json\/wp\/v2\/posts\/569138","targetHints":{"allow":["GET"]}}],"collection":[{"href":"https:\/\/www.europesays.com\/fr\/wp-json\/wp\/v2\/posts"}],"about":[{"href":"https:\/\/www.europesays.com\/fr\/wp-json\/wp\/v2\/types\/post"}],"author":[{"embeddable":true,"href":"https:\/\/www.europesays.com\/fr\/wp-json\/wp\/v2\/users\/2"}],"replies":[{"embeddable":true,"href":"https:\/\/www.europesays.com\/fr\/wp-json\/wp\/v2\/comments?post=569138"}],"version-history":[{"count":0,"href":"https:\/\/www.europesays.com\/fr\/wp-json\/wp\/v2\/posts\/569138\/revisions"}],"wp:featuredmedia":[{"embeddable":true,"href":"https:\/\/www.europesays.com\/fr\/wp-json\/wp\/v2\/media\/569139"}],"wp:attachment":[{"href":"https:\/\/www.europesays.com\/fr\/wp-json\/wp\/v2\/media?parent=569138"}],"wp:term":[{"taxonomy":"category","embeddable":true,"href":"https:\/\/www.europesays.com\/fr\/wp-json\/wp\/v2\/categories?post=569138"},{"taxonomy":"post_tag","embeddable":true,"href":"https:\/\/www.europesays.com\/fr\/wp-json\/wp\/v2\/tags?post=569138"}],"curies":[{"name":"wp","href":"https:\/\/api.w.org\/{rel}","templated":true}]}}