{"id":56914,"date":"2025-04-27T13:36:15","date_gmt":"2025-04-27T13:36:15","guid":{"rendered":"https:\/\/www.europesays.com\/fr\/56914\/"},"modified":"2025-04-27T13:36:15","modified_gmt":"2025-04-27T13:36:15","slug":"street-art-a-nantes-deux-artistes-reunis-dans-une-expo-ephemere","status":"publish","type":"post","link":"https:\/\/www.europesays.com\/fr\/56914\/","title":{"rendered":"Street Art\u00a0\u00e0 Nantes\u00a0: deux artistes r\u00e9unis dans une expo \u00e9ph\u00e9m\u00e8re"},"content":{"rendered":"<p>Il ne reste que ce dimanche pour appr\u00e9cier les \u0153uvres des artistes de street art que sont Jinks Kunst et Mister Zion \u00e0 l\u2019occasion d\u2019une exposition vente \u00e9ph\u00e9m\u00e8re \u00e0 l\u2019initiative de la galerie itin\u00e9rante Morphose. Cr\u00e9\u00e9 par\u00a0G\u00e9raldine Clouard-Raffanel, elle met en avant ce bin\u00f4me de cr\u00e9ateurs jusqu\u2019\u00e0 ce soir.<\/p>\n<p>En savoir plus\u00a0:<\/p>\n<p>Jinks Kunst<\/p>\n<p>Ce street artiste franco-suisse, d\u00e9couvre le graffiti \u00e0 l\u2019adolescence sous l\u2019in?uence de la culture hip-hop et du skate. Son art \u00e9volue vers une approche multidisciplinaire m\u00ealant collage, peinture, photographie et d\u00e9tournement de panneaux de signalisation. Il travaille sur di?\u00e9rents supports\u00a0: murs, bois, plateaux de skate-board, disques vinyle. Passionn\u00e9 par le pochoir depuis 2006, il r\u00e9alise des \u0153uvres minutieuses inspir\u00e9es de l\u2019actualit\u00e9 et des cultures urbaines, r\u00e9guli\u00e8rement expos\u00e9es en France et \u00e0 l\u2019international. \u00ab\u00a0Lors de mes voyages, je parcours les rues sans rel\u00e2che \u00e0 la recherche de panneaux de signalisation et de murs afin de raconter une histoire. Pour cette exposition, je suis ravi de partager mes toutes derni\u00e8res cr\u00e9ations avec les Nantaises et les Nantais\u00a0!\u00a0<\/p>\n<p>Mister Zion<\/p>\n<p>Cet artiste nantais, a d\u2019abord exerc\u00e9 comme graphiste avant de se consacrer pleinement \u00e0 l\u2019art. Son travail, instinctif et ludique, explore l\u2019art urbain \u00e0 travers des techniques mixtes (bombes a\u00e9rosol, encres\u2026) sur divers supports. Sa signature r\u00e9side dans la calligraphie abstraite, qui s\u2019exprime \u00e0 travers diverses collections.\u00a0Je pratique l\u2019\u00e9criture automatique, il n\u2019y a pas de signification ni de code \u00e0 trouver. Tout repose sur l\u2019\u00e9quilibre et l\u2019interaction des \u00e9l\u00e9ments entre eux, formant un tout. L\u2019\u0153il doit pouvoir y d\u00e9ambuler, se perdre dans les ramifications de ces r\u00e9seaux aux itin\u00e9raires di?\u00e9rents, tout en oubliant les codes et le sens de lecture ancr\u00e9s dans notre cerveau. \u00c0 l\u2019inverse d\u2019un plan, d\u2019une carte, tout est fait ici pour vous perdre\u00a0!\u00a0<\/p>\n<p>Galerie Morphose au 27, rue Jean-Jaur\u00e8s chez Emmanuelle Genin Encadrement \u00e0 Nantes.<\/p>\n<p>Dimanche 27\u00a0avril jusqu\u2019\u00e0 17h. Acc\u00e8s libre et gratuit<\/p>\n<p>\u00a0<\/p>\n","protected":false},"excerpt":{"rendered":"Il ne reste que ce dimanche pour appr\u00e9cier les \u0153uvres des artistes de street art que sont Jinks&hellip;\n","protected":false},"author":2,"featured_media":56915,"comment_status":"","ping_status":"","sticky":false,"template":"","format":"standard","meta":{"footnotes":""},"categories":[2818],"tags":[1111,11,3734,2937,11645,1777,674,12176,1011,27,766,12,2636,25,11386,3845],"class_list":{"0":"post-56914","1":"post","2":"type-post","3":"status-publish","4":"format-standard","5":"has-post-thumbnail","7":"category-nantes","8":"tag-actu","9":"tag-actualites","10":"tag-art","11":"tag-artistes","12":"tag-ephemere","13":"tag-eu","14":"tag-europe","15":"tag-expo","16":"tag-fr","17":"tag-france","18":"tag-nantes","19":"tag-news","20":"tag-pays-de-la-loire","21":"tag-republique-francaise","22":"tag-reunis","23":"tag-street"},"share_on_mastodon":{"url":"https:\/\/pubeurope.com\/@fr\/114410198452821927","error":""},"_links":{"self":[{"href":"https:\/\/www.europesays.com\/fr\/wp-json\/wp\/v2\/posts\/56914","targetHints":{"allow":["GET"]}}],"collection":[{"href":"https:\/\/www.europesays.com\/fr\/wp-json\/wp\/v2\/posts"}],"about":[{"href":"https:\/\/www.europesays.com\/fr\/wp-json\/wp\/v2\/types\/post"}],"author":[{"embeddable":true,"href":"https:\/\/www.europesays.com\/fr\/wp-json\/wp\/v2\/users\/2"}],"replies":[{"embeddable":true,"href":"https:\/\/www.europesays.com\/fr\/wp-json\/wp\/v2\/comments?post=56914"}],"version-history":[{"count":0,"href":"https:\/\/www.europesays.com\/fr\/wp-json\/wp\/v2\/posts\/56914\/revisions"}],"wp:featuredmedia":[{"embeddable":true,"href":"https:\/\/www.europesays.com\/fr\/wp-json\/wp\/v2\/media\/56915"}],"wp:attachment":[{"href":"https:\/\/www.europesays.com\/fr\/wp-json\/wp\/v2\/media?parent=56914"}],"wp:term":[{"taxonomy":"category","embeddable":true,"href":"https:\/\/www.europesays.com\/fr\/wp-json\/wp\/v2\/categories?post=56914"},{"taxonomy":"post_tag","embeddable":true,"href":"https:\/\/www.europesays.com\/fr\/wp-json\/wp\/v2\/tags?post=56914"}],"curies":[{"name":"wp","href":"https:\/\/api.w.org\/{rel}","templated":true}]}}