{"id":569144,"date":"2025-11-30T15:45:24","date_gmt":"2025-11-30T15:45:24","guid":{"rendered":"https:\/\/www.europesays.com\/fr\/569144\/"},"modified":"2025-11-30T15:45:24","modified_gmt":"2025-11-30T15:45:24","slug":"nouveau-siege-de-la-caf-du-var-inaugure-a-toulon","status":"publish","type":"post","link":"https:\/\/www.europesays.com\/fr\/569144\/","title":{"rendered":"Nouveau si\u00e8ge de la Caf du Var inaugur\u00e9 \u00e0 Toulon"},"content":{"rendered":"<p>\u00a0<\/p>\n<p>La Caf du Var inaugure \u00e0 Toulon un si\u00e8ge moderne offrant un accueil repens\u00e9 et accessible \u00e0 tous.<\/p>\n<p><img fetchpriority=\"high\" decoding=\"async\" class=\"img-responsive wp-image-80472\" title=\"caf toulon ddv\" src=\"https:\/\/www.europesays.com\/fr\/wp-content\/uploads\/2025\/11\/caf-toulon-ddv.jpg\" alt=\"Inauguration nouveau si\u00e8ge Caf Var Toulon\" width=\"1200\" height=\"801\"\/><\/p>\n<p>Inauguration nouveau si\u00e8ge Caf Var Toulon- CREDIT : D\u00e9partement du var<\/p>\n<p>Un nouveau si\u00e8ge moderne au c\u0153ur de La Loubi\u00e8re<\/p>\n<p data-start=\"144\" data-end=\"685\">Le quartier de La Loubi\u00e8re \u00e0 Toulon a accueilli ce vendredi l\u2019inauguration officielle du tout nouveau si\u00e8ge de la Caf du Var, un \u00e9v\u00e9nement marqu\u00e9 par la pr\u00e9sence de nombreux \u00e9lus et personnalit\u00e9s locales. Ce b\u00e2timent enti\u00e8rement repens\u00e9 et modernis\u00e9 symbolise la volont\u00e9 de l\u2019institution d\u2019offrir un service plus accessible, plus fluide et mieux adapt\u00e9 aux besoins des usagers. Les \u00e9quipes de la Caf vont d\u00e9sormais travailler dans des espaces plus fonctionnels, pens\u00e9s pour am\u00e9liorer la qualit\u00e9 d\u2019accueil comme l\u2019efficacit\u00e9 administrative.<\/p>\n<p>Un accueil sans condition pour les usagers<\/p>\n<p data-start=\"736\" data-end=\"1261\">L\u2019un des points forts mis en avant lors de l\u2019inauguration est la volont\u00e9 affirm\u00e9e de proposer un accueil sans condition, permettant \u00e0 chacun d\u2019obtenir les informations ou l\u2019accompagnement n\u00e9cessaire sans barri\u00e8re pr\u00e9alable. Cette approche vise \u00e0 renforcer la proximit\u00e9 entre la Caf et les habitants du d\u00e9partement, tout en r\u00e9pondant \u00e0 l\u2019\u00e9volution des attentes sociales. Les \u00e9lus pr\u00e9sents ont salu\u00e9 une structure \u201cmoderne, ouverte et tourn\u00e9e vers l\u2019humain\u201d, un outil qui s\u2019inscrit pleinement dans \u2026<\/p>\n<p>\u00a0<\/p>\n<p>Lire la suite dans l\u2019article <a href=\"https:\/\/www.varactu.fr\/nouveau-siege-caf-du-var-inaugure-a-toulon\/\" target=\"_blank\" rel=\"noopener\">Nouveau si\u00e8ge Caf du Var inaugur\u00e9 \u00e0 Toulon<\/a> qui est apparu en premier sur <a href=\"https:\/\/www.varactu.fr\" target=\"_blank\" rel=\"noopener\">Var Actu<\/a>.<\/p>\n","protected":false},"excerpt":{"rendered":"\u00a0 La Caf du Var inaugure \u00e0 Toulon un si\u00e8ge moderne offrant un accueil repens\u00e9 et accessible \u00e0&hellip;\n","protected":false},"author":2,"featured_media":569145,"comment_status":"","ping_status":"","sticky":false,"template":"","format":"standard","meta":{"footnotes":""},"categories":[9619],"tags":[1111,11,1777,674,1011,27,12,882,25,2310],"class_list":{"0":"post-569144","1":"post","2":"type-post","3":"status-publish","4":"format-standard","5":"has-post-thumbnail","7":"category-toulon","8":"tag-actu","9":"tag-actualites","10":"tag-eu","11":"tag-europe","12":"tag-fr","13":"tag-france","14":"tag-news","15":"tag-provence-alpes-cote-dazur","16":"tag-republique-francaise","17":"tag-toulon"},"share_on_mastodon":{"url":"https:\/\/pubeurope.com\/@fr\/115639427668185877","error":""},"_links":{"self":[{"href":"https:\/\/www.europesays.com\/fr\/wp-json\/wp\/v2\/posts\/569144","targetHints":{"allow":["GET"]}}],"collection":[{"href":"https:\/\/www.europesays.com\/fr\/wp-json\/wp\/v2\/posts"}],"about":[{"href":"https:\/\/www.europesays.com\/fr\/wp-json\/wp\/v2\/types\/post"}],"author":[{"embeddable":true,"href":"https:\/\/www.europesays.com\/fr\/wp-json\/wp\/v2\/users\/2"}],"replies":[{"embeddable":true,"href":"https:\/\/www.europesays.com\/fr\/wp-json\/wp\/v2\/comments?post=569144"}],"version-history":[{"count":0,"href":"https:\/\/www.europesays.com\/fr\/wp-json\/wp\/v2\/posts\/569144\/revisions"}],"wp:featuredmedia":[{"embeddable":true,"href":"https:\/\/www.europesays.com\/fr\/wp-json\/wp\/v2\/media\/569145"}],"wp:attachment":[{"href":"https:\/\/www.europesays.com\/fr\/wp-json\/wp\/v2\/media?parent=569144"}],"wp:term":[{"taxonomy":"category","embeddable":true,"href":"https:\/\/www.europesays.com\/fr\/wp-json\/wp\/v2\/categories?post=569144"},{"taxonomy":"post_tag","embeddable":true,"href":"https:\/\/www.europesays.com\/fr\/wp-json\/wp\/v2\/tags?post=569144"}],"curies":[{"name":"wp","href":"https:\/\/api.w.org\/{rel}","templated":true}]}}