{"id":569156,"date":"2025-11-30T15:53:36","date_gmt":"2025-11-30T15:53:36","guid":{"rendered":"https:\/\/www.europesays.com\/fr\/569156\/"},"modified":"2025-11-30T15:53:36","modified_gmt":"2025-11-30T15:53:36","slug":"la-chanteuse-valentina-en-showcase-gratuit-dimanche-a-rennes","status":"publish","type":"post","link":"https:\/\/www.europesays.com\/fr\/569156\/","title":{"rendered":"La chanteuse Valentina en showcase gratuit dimanche \u00e0 Rennes"},"content":{"rendered":"<p>Le centre Alma a une invit\u00e9e surprise dimanche 30\u00a0novembre 2025\u00a0: la chanteuse Valentina, gagnante de l\u2019Eurovision junior en 2020.<\/p>\n<p>En tourn\u00e9e<\/p>\n<p>Maintenant lyc\u00e9enne, elle avait commenc\u00e9 \u00e0 chanter <a href=\"https:\/\/rennes.maville.com\/bretagne\/ille-et-vilaine\/thorigne-fouillard\/valentina-la-petite-fille-qui-reve-d-etre-chanteuse-5386729\" target=\"_self\" rel=\"noopener\">en 2016 dans l\u2019\u00e9mission The Voice Kids<\/a> avant d\u2019int\u00e9grer les Kids United. Pr\u00e8s de dix ans plus tard, apr\u00e8s avoir sorti un album en d\u00e9but d\u2019ann\u00e9e, elle vient d\u2019entamer <a href=\"https:\/\/programmetv.ouest-france.fr\/medias\/television\/eurovision\/exclusif-valentina-gagnante-de-leurovision-junior-2020-annonce-sa-premiere-tournee-solo-66b07c6c-0fa9-11f0-9328-e5f61e6be38b\" target=\"_self\" rel=\"noopener\">une tourn\u00e9e de concerts pour plusieurs mois<\/a>.<\/p>\n<p><strong>Lire aussi<\/strong>\u00a0: <a href=\"https:\/\/rennes.maville.com\/actu\/actudet_-a-15-ans-l-ancienne-gagnante-de-l-eurovision-junior-fait-la-premiere-partie-de-vitaa-a-rennes-_7-6621189_actu.Htm\" target=\"_self\" rel=\"noopener\">\u00c0 15\u00a0ans, l\u2019ex gagnante de l\u2019Eurovision junior Valentina fait la premi\u00e8re partie de Vitaa \u00e0 Rennes<\/a><\/p>\n<p>Dimanche 30\u00a0novembre 2025, au centre Alma, qui sera exceptionnellement ouvert, elle proposera un showcase \u00e0 partir de 16\u00a0h avant de proc\u00e9der \u00e0 l\u2019illumination du grand sapin. Une s\u00e9ance de d\u00e9dicaces sera propos\u00e9e \u00e0 partir de 16\u00a0h\u00a030.<\/p>\n<p>\u00a0<\/p>\n","protected":false},"excerpt":{"rendered":"Le centre Alma a une invit\u00e9e surprise dimanche 30\u00a0novembre 2025\u00a0: la chanteuse Valentina, gagnante de l\u2019Eurovision junior en&hellip;\n","protected":false},"author":2,"featured_media":569157,"comment_status":"","ping_status":"","sticky":false,"template":"","format":"standard","meta":{"footnotes":""},"categories":[2821],"tags":[1111,11,829,2704,6664,1777,674,1011,27,326,12,584,25,2891,27817],"class_list":{"0":"post-569156","1":"post","2":"type-post","3":"status-publish","4":"format-standard","5":"has-post-thumbnail","7":"category-rennes","8":"tag-actu","9":"tag-actualites","10":"tag-bretagne","11":"tag-chanteuse","12":"tag-dimanche","13":"tag-eu","14":"tag-europe","15":"tag-fr","16":"tag-france","17":"tag-gratuit","18":"tag-news","19":"tag-rennes","20":"tag-republique-francaise","21":"tag-showcase","22":"tag-valentina"},"share_on_mastodon":{"url":"https:\/\/pubeurope.com\/@fr\/115639458510212374","error":""},"_links":{"self":[{"href":"https:\/\/www.europesays.com\/fr\/wp-json\/wp\/v2\/posts\/569156","targetHints":{"allow":["GET"]}}],"collection":[{"href":"https:\/\/www.europesays.com\/fr\/wp-json\/wp\/v2\/posts"}],"about":[{"href":"https:\/\/www.europesays.com\/fr\/wp-json\/wp\/v2\/types\/post"}],"author":[{"embeddable":true,"href":"https:\/\/www.europesays.com\/fr\/wp-json\/wp\/v2\/users\/2"}],"replies":[{"embeddable":true,"href":"https:\/\/www.europesays.com\/fr\/wp-json\/wp\/v2\/comments?post=569156"}],"version-history":[{"count":0,"href":"https:\/\/www.europesays.com\/fr\/wp-json\/wp\/v2\/posts\/569156\/revisions"}],"wp:featuredmedia":[{"embeddable":true,"href":"https:\/\/www.europesays.com\/fr\/wp-json\/wp\/v2\/media\/569157"}],"wp:attachment":[{"href":"https:\/\/www.europesays.com\/fr\/wp-json\/wp\/v2\/media?parent=569156"}],"wp:term":[{"taxonomy":"category","embeddable":true,"href":"https:\/\/www.europesays.com\/fr\/wp-json\/wp\/v2\/categories?post=569156"},{"taxonomy":"post_tag","embeddable":true,"href":"https:\/\/www.europesays.com\/fr\/wp-json\/wp\/v2\/tags?post=569156"}],"curies":[{"name":"wp","href":"https:\/\/api.w.org\/{rel}","templated":true}]}}