{"id":569158,"date":"2025-11-30T15:54:18","date_gmt":"2025-11-30T15:54:18","guid":{"rendered":"https:\/\/www.europesays.com\/fr\/569158\/"},"modified":"2025-11-30T15:54:18","modified_gmt":"2025-11-30T15:54:18","slug":"faits-divers-plusieurs-gendarmes-et-policiers-blesses-en-intervenant-sur-des-raves-a-rennes-et-istres","status":"publish","type":"post","link":"https:\/\/www.europesays.com\/fr\/569158\/","title":{"rendered":"Faits divers. Plusieurs gendarmes et policiers bless\u00e9s en intervenant sur des raves \u00e0 Rennes et Istres"},"content":{"rendered":"<p>Trois f\u00eatards et un gendarme ont \u00e9t\u00e9 bless\u00e9s lors d&rsquo;une intervention visant \u00e0 d\u00e9loger une free party install\u00e9e t\u00f4t dimanche dans un hangar \u00e0 Corps-Nuds, pr\u00e8s de Rennes, a-t-on appris de la pr\u00e9fecture d&rsquo;Ille-et-Vilaine.\u00a0Plus de 500 personnes sont rassembl\u00e9es dans le hangar vide d&rsquo;une soci\u00e9t\u00e9 de transport depuis 2h du matin selon cette m\u00eame source, confirmant une information Ouest-France.<\/p>\n<p>\u00ab\u00a0Trouble de la vision\u00a0\u00bb pour un gendarme<\/p>\n<p>Elles sont parvenues \u00e0 repousser une tentative des gendarmes et CRS d\u00e9ploy\u00e9s durant la nuit de mettre fin \u00e0 l&rsquo;\u00e9v\u00e8nement en utilisant des mortiers et des barres de fer d&rsquo;apr\u00e8s la pr\u00e9fecture. L&rsquo;un des gendarmes souffre d&rsquo;un \u00ab trouble de la vision \u00bb suite \u00e0 un tir de mortier a indiqu\u00e9 cette source.<\/p>\n<p>Trois f\u00eatards ont \u00e9galement subi des blessures dont on ne connaissait pas la gravit\u00e9 en fin de matin\u00e9e, et ont \u00e9t\u00e9 transport\u00e9s par les pompiers au CHU de Rennes.<\/p>\n<p>Une rave \u00ab\u00a0mise en \u00e9chec\u00a0\u00bb \u00e0 Istres<\/p>\n<p>En parall\u00e8le \u00e0 Istres (Bouches-du-Rh\u00f4ne), pr\u00e8s de Marseille,\u00a0neuf policiers ont \u00e9t\u00e9 l\u00e9g\u00e8rement bless\u00e9s en entravant une rave. Ils intervenaient sur un rassemblement d&rsquo;environ 300 vehicules.\u00a0Les organisateurs du rassemblement, qui tentent depuis jeudi de trouver un site, ont \u00e9t\u00e9 \u00ab mis en \u00e9chec \u00bb d&rsquo;abord au nord de Marseille puis samedi dans la r\u00e9gion d&rsquo;Arles, avec l&rsquo;intervention de la gendarmerie. Les participants ont finalement atterri sur le parking d&rsquo;une salle de spectacle \u00e0 Istres, \u00e0 soixante kilom\u00e8tres au nord-ouest de Marseille, a-t-on appris aupr\u00e8s des services de la pr\u00e9f\u00e8te de police d\u00e9l\u00e9gu\u00e9e des Bouches-du-Rh\u00f4ne.<\/p>\n<p>Les quelque 300 v\u00e9hicules participant \u00e0 la rave sont toujours sur ce parking, \u00ab entour\u00e9s d&rsquo;un dispositif des forces de l&rsquo;ordre \u00bb, ont pr\u00e9cis\u00e9 ces services. Rapportant des \u00ab jets de projectiles \u00bb, cette m\u00eame source fait \u00e9tat de \u00ab neuf bless\u00e9s l\u00e9gers parmi les policiers et polici\u00e8res \u00bb, tandis que des v\u00e9hicules de police ont \u00e9t\u00e9 endommag\u00e9s.<br \/>Si les participants \u00ab ont mis un peu de musique \u00bb sur le parking, \u00ab la rave party \u00e0 proprement parler ne s&rsquo;est pas tenue \u00bb.<\/p>\n","protected":false},"excerpt":{"rendered":"Trois f\u00eatards et un gendarme ont \u00e9t\u00e9 bless\u00e9s lors d&rsquo;une intervention visant \u00e0 d\u00e9loger une free party install\u00e9e&hellip;\n","protected":false},"author":2,"featured_media":568917,"comment_status":"","ping_status":"","sticky":false,"template":"","format":"standard","meta":{"footnotes":""},"categories":[2821],"tags":[1111,11,829,1777,674,274,107,1011,27,329,12,584,25],"class_list":{"0":"post-569158","1":"post","2":"type-post","3":"status-publish","4":"format-standard","5":"has-post-thumbnail","7":"category-rennes","8":"tag-actu","9":"tag-actualites","10":"tag-bretagne","11":"tag-eu","12":"tag-europe","13":"tag-faits-divers-justice","14":"tag-fil-info","15":"tag-fr","16":"tag-france","17":"tag-france-monde","18":"tag-news","19":"tag-rennes","20":"tag-republique-francaise"},"share_on_mastodon":{"url":"https:\/\/pubeurope.com\/@fr\/115639462620224675","error":""},"_links":{"self":[{"href":"https:\/\/www.europesays.com\/fr\/wp-json\/wp\/v2\/posts\/569158","targetHints":{"allow":["GET"]}}],"collection":[{"href":"https:\/\/www.europesays.com\/fr\/wp-json\/wp\/v2\/posts"}],"about":[{"href":"https:\/\/www.europesays.com\/fr\/wp-json\/wp\/v2\/types\/post"}],"author":[{"embeddable":true,"href":"https:\/\/www.europesays.com\/fr\/wp-json\/wp\/v2\/users\/2"}],"replies":[{"embeddable":true,"href":"https:\/\/www.europesays.com\/fr\/wp-json\/wp\/v2\/comments?post=569158"}],"version-history":[{"count":0,"href":"https:\/\/www.europesays.com\/fr\/wp-json\/wp\/v2\/posts\/569158\/revisions"}],"wp:featuredmedia":[{"embeddable":true,"href":"https:\/\/www.europesays.com\/fr\/wp-json\/wp\/v2\/media\/568917"}],"wp:attachment":[{"href":"https:\/\/www.europesays.com\/fr\/wp-json\/wp\/v2\/media?parent=569158"}],"wp:term":[{"taxonomy":"category","embeddable":true,"href":"https:\/\/www.europesays.com\/fr\/wp-json\/wp\/v2\/categories?post=569158"},{"taxonomy":"post_tag","embeddable":true,"href":"https:\/\/www.europesays.com\/fr\/wp-json\/wp\/v2\/tags?post=569158"}],"curies":[{"name":"wp","href":"https:\/\/api.w.org\/{rel}","templated":true}]}}