{"id":569159,"date":"2025-11-30T15:55:32","date_gmt":"2025-11-30T15:55:32","guid":{"rendered":"https:\/\/www.europesays.com\/fr\/569159\/"},"modified":"2025-11-30T15:55:32","modified_gmt":"2025-11-30T15:55:32","slug":"soiree-camping-folklore-japonais-et-autres-curiosites-culturelles-a-decouvrir-en-decembre","status":"publish","type":"post","link":"https:\/\/www.europesays.com\/fr\/569159\/","title":{"rendered":"Soir\u00e9e camping, folklore japonais et autres curiosit\u00e9s culturelles \u00e0 d\u00e9couvrir en d\u00e9cembre"},"content":{"rendered":"<p class=\"wp-block-post-excerpt__excerpt\">Pour ce mois de d\u00e9cembre 2025, notre s\u00e9lection culturelle fait voyager de l\u2019Allemagne en Birkenstock \u00e0 Shangha\u00ef sur grand \u00e9cran. Il y aura aussi du vin chaud parce qu\u2019on a \u00e9t\u00e9 sages. <\/p>\n<p class=\"font-sans\">\n\t\t\tCet article est en acc\u00e8s libre. Pour soutenir Rue89 Strasbourg,<br \/>\n\t\t\t<a class=\"underline\" href=\"https:\/\/www.rue89strasbourg.com\/abonnement\" target=\"_blank\" rel=\"noopener\">abonnez-vous<\/a>.\n\t\t<\/p>\n<p>Fanny Laemmel<\/p>\n<p>Publi\u00e9 le 30 novembre 2025\u00a0\u00a0\u00b7\u00a0\u00a0<\/p>\n<p>Imprim\u00e9 le 30 novembre 2025 \u00e0 16h55\u00a0\u00a0\u00b7\u00a0\u00a0<\/p>\n<p>Modifi\u00e9 le 30 novembre 2025\u00a0\u00a0\u00b7\u00a0\u00a0<\/p>\n<p>\t\t\t\t\t7\u00a0minutes\n<\/p>\n<p>Paye ton No\u00ebl, un festival \u00e0 suivre, vraiment<\/p>\n<p>Les contr\u00f4les de s\u00e9curit\u00e9 et les illuminations sont en place, les rues se remplissent aussi vite que les verres de vins chauds et vous avez peut-\u00eatre \u00e9t\u00e9 convi\u00e9s \u00e0 un secret santa entre coll\u00e8gues\u2026 Pas de panique, le festival Paye ton No\u00ebl est de retour avec un programme qui donne des envies de festoyer en pull moche et de s\u2019\u00e9changer des cadeaux inutiles. Pour sa 19e \u00e9dition, le festival se d\u00e9ploie dans cinq lieux diff\u00e9rents.<\/p>\n<p>Apr\u00e8s s\u2019\u00eatre install\u00e9 au March\u00e9 Off fin novembre, Pelpass installe le mini-village de Paye ton No\u00ebl du 5 au 7 d\u00e9cembre place de Zurich pour un week-end de concerts, spectacles et animations compatibles avec les familles. C\u2019est en acc\u00e8s libre, disons plut\u00f4t \u00e0 prix libre, et il y aura de du vin chaud, des cr\u00eapes, des tartes flamb\u00e9es et tout ce qui fait No\u00ebl \u00e0 Strasbourg, les touristes en moins. <\/p>\n<p>Mardi 9 d\u00e9cembre, c\u2019est Le Cosmos qui accueillera le concours Paye ton court-m\u00e9trage sur le th\u00e8me Guirlandes et sac de couchage, le Star \u00e9tant rendu indisponible en raison des travaux du Saint-Ex. <\/p>\n<\/p>\n<p>Anysa, programm\u00e9e \u00e0 Paye ton No\u00ebl samedi 20 d\u00e9cembre. <\/p>\n<p>Du 11 au 13, le festival se d\u00e9place au Molodo\u00ef avec notamment une soir\u00e9e sp\u00e9cial camping le jeudi\u00a0: loup-garou g\u00e9ant, concours en tous genres, karaok\u00e9 live, Whitney Houston challenge\u2026 Le festival envoie ensuite des concerts vendredi et samedi puis remets \u00e7a les vendredi 19 et samedi 20 d\u00e9cembre mais \u00e0 La Grenze. Qui a dit que d\u00e9cembre c\u2019\u00e9tait relou \u00e0 Strasbourg\u00a0?<\/p>\n<p>Y <strong>aller<\/strong><\/p>\n<p><a href=\"https:\/\/www.rue89strasbourg.com\/user\/offrez-rue89-strasbourg\" target=\"_blank\" rel=\" noreferrer noopener\"><img loading=\"lazy\" decoding=\"async\" width=\"1940\" height=\"500\" src=\"https:\/\/www.europesays.com\/fr\/wp-content\/uploads\/2025\/11\/banner-970x250px-promo-v2-.png\" alt=\"\" class=\"wp-image-367072\" style=\"object-fit:cover;width:970px;height:250px\"  \/><\/a><\/p>\n<p>Quel r\u00f4le pour les m\u00e9dias quand la d\u00e9mocratie est menac\u00e9e\u00a0?<\/p>\n<p>Guillaume Krempp, r\u00e9dacteur en chef de Rue89 Strasbourg participera avec les journalistes Maud de Carpentier, Nicolas Kaspar et Jacques Trentesaux \u00e0 une table-ronde sur les m\u00e9dias et la d\u00e9mocratie au March\u00e9 Off lundi 1er d\u00e9cembre. Il s\u2019agira de d\u00e9battre sur le th\u00e8me \u00ab\u00a0Partout \u00e0 travers le monde, la crise de la d\u00e9mocratie remet en question le r\u00f4le des m\u00e9dias\u00a0; mais qu\u2019en pensent nos m\u00e9dias locaux\u00a0?\u00a0\u00bb Bonne question\u2026<\/p>\n<p>Y <strong>aller<\/strong><\/p>\n<p><strong>Table ronde m\u00e9dias et d\u00e9mocratie, <\/strong>lundi 1er d\u00e9cembre de 18h \u00e0 20h, au March\u00e9 Off, place Grimmeissen \u00e0 Strasbourg \u2013 Petite France. Entr\u00e9e libre.<\/p>\n<p>\t\tShanghai sur grand \u00e9cran<\/p>\n<p>Et si ce mois de d\u00e9cembre \u00e9tait l\u2019occasion d\u2019une plong\u00e9e dans le patrimoine cin\u00e9matographique de Shanghai\u00a0? Bon, il faut \u00eatre disponible les mercredis matins \u00e0 11h, mais \u00e7a vaut le coup\u00a0: les s\u00e9ances sont gratuites et l\u2019on d\u00e9couvre un nouveau film chaque semaine. On doit ce cycle au Shanghai Film Technology Plant qui a entrepris la restauration de cinq \u0153uvres majeures embl\u00e9matiques, r\u00e9alis\u00e9s entre les ann\u00e9es 1940 et 1990. Les films sont tous diffus\u00e9s deux fois jusqu\u2019au 21 janvier 2026, et en version sous-titr\u00e9es.<\/p>\n<p><img loading=\"lazy\" decoding=\"async\" width=\"792\" height=\"445\" src=\"https:\/\/www.europesays.com\/fr\/wp-content\/uploads\/2025\/11\/soeurs-de-sce\u0300ne-wutai-jiemei-de-jin-xie-792x445.jpg\" alt=\"Image extraite du film S\u0153urs de sce\u0300ne (Wutai Jiemei) de Jin Xie\" class=\"wp-image-367948\"  \/><\/p>\n<p>Au riche programme de ce p\u00e9riple dans le temps\u00a0: une histoire d\u2019\u00e9mancipation entre la Chine et Paris, un ancien d\u00e9tenu de camp de travail qui devient gardien de chevaux, la vie d\u2019une actrice d\u2019op\u00e9ra en lutte contre un syst\u00e8me masculin, le quotidien d\u2019une fille de six ans dans les ann\u00e9es 20, et deux actrices qui subissent les bouleversements socio-politiques de la Chine pr\u00e9-r\u00e9volutionnaire.<\/p>\n<ul class=\"wp-block-list\">\n<li>mercredi 3 d\u00e9cembre \u00e0 11h\u00a0: <strong>Pan Yuliang artiste peintre <\/strong>(1994). Vendue \u00e0 une maison close en chine lorsqu\u2019elle est adolescente, Yuliang parvient \u00e0 s\u2019extraire de sa condition et devient une artiste peintre reconnue.<\/li>\n<li>mercredi 10 d\u00e9cembre \u00e0 11h\u00a0: <strong>Woman-demon-human <\/strong>(1987). La vie d\u2019une actrice d\u2019op\u00e9ra chinois marqu\u00e9e par une lutte avec acharn\u00e9e contre un syst\u00e8me domin\u00e9 par les hommes.<\/li>\n<li>mercredi 17 d\u00e9cembre \u00e0 11h\u00a0: <strong>Soeur de sc\u00e8ne <\/strong>(1964). Au d\u00e9but des ann\u00e9es 1940, une jeune villageoise maltrait\u00e9e trouve refuge au sein d\u2019une troupe mais leur lien se fragilise \u00e0 mesure que les bouleversements socio-politiques traversent la soci\u00e9t\u00e9 chinoise.<\/li>\n<li>mercredi 07 janvier \u00e0 11h\u00a0: <strong>Le Gardien de chevaux<\/strong> (1982). Apr\u00e8s plusieurs ann\u00e9es en camp de travail, Xu Ling Jun s\u2019installe dans l\u2019ouest de la Chine. Son p\u00e8re, sino-am\u00e9ricain, le retrouve et souhaite l\u2019emmener vivre aux \u00c9tats-Unis.<\/li>\n<li>mercredi 14 janvier \u00e0 11h\u00a0: <strong>My memories of old Beijing<\/strong> (1983). \u00c0 la fin des ann\u00e9es 1920, Yingzi Lin, une jeune fille de six ans, quitte Ta\u00efwan avec ses parents pour s\u2019installer \u00e0 P\u00e9kin. <\/li>\n<li>mercredi 21 janvier \u00e0 11h\u00a0: <strong>Pan Yuliang artiste peintre<\/strong>.<\/li>\n<\/ul>\n<p>Y <strong>aller<\/strong><\/p>\n<p><strong>Cycle Patrimoine cin\u00e9matographique de Shanghai<\/strong>, tous les mercredis \u00e0 11h jusqu\u2019au 21 janvier 2026, au cin\u00e9ma Star, 27 rue du Jeu-des-Enfants \u00e0 Strasbourg \u2013 centre-ville. Entr\u00e9e libre. <a href=\"https:\/\/www.cinema-star.com\/\" target=\"_blank\" rel=\"noreferrer noopener\">Programmation d\u00e9taill\u00e9e<\/a>.<\/p>\n<p><img loading=\"lazy\" decoding=\"async\" width=\"792\" height=\"528\" src=\"https:\/\/www.europesays.com\/fr\/wp-content\/uploads\/2025\/11\/yokai-james-coote-792x528.jpg\" alt=\"Le spectacle YOKAI de la compagnie The Krumple. Photo : James Coote\" class=\"wp-image-367949\"  \/> Y\u014dkai\u00a0Photo\u00a0: James Coote<\/p>\n<p>Y\u014dkai, folie visuelle et fantastique<\/p>\n<p>Avez-vous d\u00e9j\u00e0 entendu parler des Y\u014dkai\u00a0? Ces cr\u00e9atures surnaturelles du folklore japonais apportent chance ou malheur aux vivants selon leur humeur. Le collectif Krumple leur donne corps \u00e0 travers six interpr\u00e8tes qui m\u00ealent mime, marionnette, danse et magie. Bas\u00e9e entre la Norv\u00e8ge et la France, cette compagnie concentre ses recherches sur un langage th\u00e9\u00e2tral universel, fond\u00e9 sur le jeu physique et la po\u00e9sie visuelle. Sans un mot, le spectacle d\u00e9ploie une folie visuelle o\u00f9 le second degr\u00e9 r\u00e8gne en ma\u00eetre, oscillant constamment entre rire et \u00e9motion. <\/p>\n<p>Les images sont aussi dr\u00f4les que grin\u00e7antes\u00a0: une branche d\u2019arbre pousse dans l\u2019oreille d\u2019un homme qui vient de perdre sa femme ; un poisson surgit pour d\u00e9vorer la t\u00eate d\u2019un p\u00eacheur solitaire, qui n\u2019y pr\u00eate m\u00eame pas attention. Derri\u00e8re ces visions oniriques se cache une fable contemporaine sur notre obstination \u00e0 vouloir \u00eatre heureux malgr\u00e9 tout.<\/p>\n<p>Y <strong>aller<\/strong><\/p>\n<p><strong>Y\u014dkai<\/strong>, mercredi 3 d\u00e9cembre \u00e0 15h, jeudi 4 et vendredi 5 \u00e0 10h et 14h30, samedi 6 et dimanche 7 d\u00e9cembre \u00e0 10h et 17h au TJP Grande sc\u00e8ne, 7 rue des Balayeurs \u00e0 Strasbourg \u2013 Krutenau. <a href=\"https:\/\/billetterie.tjp-strasbourg.com\/agenda\/70-y%C5%8Dkai\" target=\"_blank\" rel=\"noopener\">Billetterie de 4\u20ac \u00e0 24\u20ac<\/a>.<\/p>\n<p>Jongleur en Birkenstock<\/p>\n<p>Une knack en \u00e9quilibre sur une baguette de pain. \u00c7a pourrait \u00eatre le r\u00e9sum\u00e9 de ce spectacle c\u00e9l\u00e9brant la rencontre culturelle entre la France et l\u2019Allemagne. Sorte de one-man-show circassien, French touch made in Germany convoque \u00e0 la fois la virtuosit\u00e9 \u2013 jonglage, acrobatie et mentalisme impressionnent \u2013 et l\u2019humour de son interpr\u00e8te allemand install\u00e9 en France depuis plus de 20 ans. Lui, c\u2019est Immo, et on nous promet qu\u2019il est \u00ab\u00a0aussi \u00e0 l\u2019aise avec les mots qu\u2019avec une tron\u00e7onneuse\u00a0\u00bb. Il apprend \u00e0 son public des recettes culinaires exotiques, des mots allemands \u00e0 travers un num\u00e9ro de mentalisme, fait (re)d\u00e9couvrir <a href=\"https:\/\/fr.wikipedia.org\/wiki\/Kraftwerk\" target=\"_blank\" rel=\"noreferrer noopener\">Kraftwerk<\/a>, et peut-\u00eatre m\u00eame lancer un d\u00e9bat franco-allemand sur le foot ou le nucl\u00e9aire\u2026 Le public est \u00e9videmment mis \u00e0 contribution de ces performances burlesques qui jonglent entre les r\u00e9f\u00e9rences des deux pays. <\/p>\n<\/p>\n<p>La bande annonce de French touch made in Germany.<\/p>\n<p>Y <strong>aller<\/strong><\/p>\n<p><strong>French touch made in Germany, <\/strong>dimanche 7 d\u00e9cembre \u00e0 17h \u00e0 Le Pr\u00e9o, 5 rue du G\u00e9n\u00e9ral-de-Gaulle \u00e0 Oberhausbergen. <a href=\"https:\/\/www.ardei-soft.com\/oberhausbergen\/manif.html?refManif=1653\" target=\"_blank\" rel=\"noreferrer noopener\">Billetterie de 6\u20ac \u00e0 18\u20ac<\/a>. <\/p>\n<p><img loading=\"lazy\" decoding=\"async\" width=\"792\" height=\"792\" src=\"https:\/\/www.europesays.com\/fr\/wp-content\/uploads\/2025\/11\/img-9999-1860-enhanced-nr-jpg-792x792.webp.webp\" alt=\"Cr\u00e9dit photo : Vision profonde\" class=\"wp-image-367953\"  \/><\/p>\n<p>Bass music \u00e0 la Pokop<\/p>\n<p>Les musiques \u00e9lectroniques, et plus particuli\u00e8rement la bass music, seront \u00e0 l\u2019honneur de cette soir\u00e9e CTRL:BASS imagin\u00e9e par Les Pygmalions. L\u2019objectif de cette association est de diffuser ce style de musique \u00e0 Strasbourg. Mais bass music, k\u00e9saco\u00a0? \u00c7a regroupe un ensemble de genres musicaux caract\u00e9ris\u00e9s par des lignes de basse et du groove, comme le dubstep, le drum and bass, le UK garage, ou encore le hip-hop. La soir\u00e9e promet une exp\u00e9rience immersive m\u00ealant sc\u00e9nographie, cr\u00e9ation visuelle et DJ set. Cette \u00e9dition accueille le DJ et producteur Asdek, figure de la sc\u00e8ne \u00e9lectronique internationale, les artistes strasbourgeois\u00b7es et nanc\u00e9ien\u00b7nes Raver, Pauliphonie et Vari\u00e4re. La soir\u00e9e sera suivie d\u2019un after party \u00e0 la P\u00e9niche M\u00e9canique.<\/p>\n<p>Y <strong>aller<\/strong><\/p>\n<p><img loading=\"lazy\" decoding=\"async\" width=\"792\" height=\"634\" src=\"https:\/\/www.europesays.com\/fr\/wp-content\/uploads\/2025\/11\/weaver-9-792x634.jpg\" alt=\"Une \u0153uvre de Robert Weaver \u00e0 d\u00e9couvrir au Mus\u00e9e Tomi Ungerer\" class=\"wp-image-367954\"  \/><\/p>\n<p>Expo sur le reportage illustr\u00e9<\/p>\n<p>Le Mus\u00e9e Tomi Ungerer propose jusqu\u2019au 15 f\u00e9vrier un face-\u00e0-face passionnant entre deux ma\u00eetres du \u00ab\u00a0visual journalism\u00a0\u00bb\u00a0: Robert Weaver et Tomi Ungerer. L\u2019expo explore l\u2019illustration comme voix journalistique \u00e0 part enti\u00e8re. Au programme, 83 \u0153uvres de Robert Weaver, pionnier am\u00e9ricain qui a fait du dessin un outil d\u2019enqu\u00eate et de narration. Son influence sur Ungerer ? D\u00e9cisive. De ce dernier, on d\u00e9couvre notamment le carnet America qui rassemble des croquis r\u00e9alis\u00e9s entre 1956 et 1971, m\u00ealant r\u00e9alisme et satire pour capter les tensions de la soci\u00e9t\u00e9 am\u00e9ricaine. Si le reportage dessin\u00e9 s\u2019est fait rare dans la presse, la tradition des dessinateurs d\u2019audience perdure (voir des reportages dessin\u00e9s sur Rue89 Strasbourg <a href=\"https:\/\/www.rue89strasbourg.com\/dossier\/stages-responsabilisation-arsea\" target=\"_blank\" rel=\"noreferrer noopener\">ici<\/a>, <a href=\"https:\/\/www.rue89strasbourg.com\/semaine-wwoofing-maraicher-riedoasis-obenheim-153982\" target=\"_blank\" rel=\"noreferrer noopener\">ici<\/a> ou <a href=\"https:\/\/www.rue89strasbourg.com\/semaine-wwoofing-maraicher-riedoasis-obenheim-153982\" target=\"_blank\" rel=\"noreferrer noopener\">ici<\/a>). L\u2019exposition pr\u00e9sente ainsi les \u0153uvres plus r\u00e9centes de Ronald Searle et d\u2019Olivier Dangla, qui a couvert le proc\u00e8s Charlie Hebdo pour Le Monde.<\/p>\n<p>Y <strong>aller<\/strong><\/p>\n<p><strong>Robert Weaver \/ Tomi Ungerer. L\u2019illustration en action<\/strong>, jusqu\u2019au 15 f\u00e9vrier 2026, du mardi au vendredi de 10h \u00e0 13h et les samedis et dimanches de 10h \u00e0 18h au Mus\u00e9e Tomi Ungerer, 2, avenue de la Marseillaise \u00e0 Strasbourg \u2013 Neustadt. Entr\u00e9es de 3,5\u20ac \u00e0 7,5\u20ac.<\/p>\n","protected":false},"excerpt":{"rendered":"Pour ce mois de d\u00e9cembre 2025, notre s\u00e9lection culturelle fait voyager de l\u2019Allemagne en Birkenstock \u00e0 Shangha\u00ef sur&hellip;\n","protected":false},"author":2,"featured_media":569160,"comment_status":"","ping_status":"","sticky":false,"template":"","format":"standard","meta":{"footnotes":""},"categories":[2820],"tags":[1111,11,68439,251,1777,674,1011,27,775,15195,19942,68440,68441,68442,12,15196,68443,25,640,55249],"class_list":{"0":"post-569159","1":"post","2":"type-post","3":"status-publish","4":"format-standard","5":"has-post-thumbnail","7":"category-strasbourg","8":"tag-actu","9":"tag-actualites","10":"tag-cinema-star","11":"tag-culture","12":"tag-eu","13":"tag-europe","14":"tag-fr","15":"tag-france","16":"tag-grand-est","17":"tag-la-grenze","18":"tag-la-pokop","19":"tag-le-preo","20":"tag-molodoi","21":"tag-musee-tomi-ungerer","22":"tag-news","23":"tag-pelpass","24":"tag-place-de-zurich","25":"tag-republique-francaise","26":"tag-strasbourg","27":"tag-tjp"},"share_on_mastodon":{"url":"https:\/\/pubeurope.com\/@fr\/115639467165996600","error":""},"_links":{"self":[{"href":"https:\/\/www.europesays.com\/fr\/wp-json\/wp\/v2\/posts\/569159","targetHints":{"allow":["GET"]}}],"collection":[{"href":"https:\/\/www.europesays.com\/fr\/wp-json\/wp\/v2\/posts"}],"about":[{"href":"https:\/\/www.europesays.com\/fr\/wp-json\/wp\/v2\/types\/post"}],"author":[{"embeddable":true,"href":"https:\/\/www.europesays.com\/fr\/wp-json\/wp\/v2\/users\/2"}],"replies":[{"embeddable":true,"href":"https:\/\/www.europesays.com\/fr\/wp-json\/wp\/v2\/comments?post=569159"}],"version-history":[{"count":0,"href":"https:\/\/www.europesays.com\/fr\/wp-json\/wp\/v2\/posts\/569159\/revisions"}],"wp:featuredmedia":[{"embeddable":true,"href":"https:\/\/www.europesays.com\/fr\/wp-json\/wp\/v2\/media\/569160"}],"wp:attachment":[{"href":"https:\/\/www.europesays.com\/fr\/wp-json\/wp\/v2\/media?parent=569159"}],"wp:term":[{"taxonomy":"category","embeddable":true,"href":"https:\/\/www.europesays.com\/fr\/wp-json\/wp\/v2\/categories?post=569159"},{"taxonomy":"post_tag","embeddable":true,"href":"https:\/\/www.europesays.com\/fr\/wp-json\/wp\/v2\/tags?post=569159"}],"curies":[{"name":"wp","href":"https:\/\/api.w.org\/{rel}","templated":true}]}}