{"id":569165,"date":"2025-11-30T15:59:18","date_gmt":"2025-11-30T15:59:18","guid":{"rendered":"https:\/\/www.europesays.com\/fr\/569165\/"},"modified":"2025-11-30T15:59:18","modified_gmt":"2025-11-30T15:59:18","slug":"quand-cest-trop-risque-on-abandonne-les-forces-de-lordre-face-aux-dangers-des-2","status":"publish","type":"post","link":"https:\/\/www.europesays.com\/fr\/569165\/","title":{"rendered":"\u00ab\u00a0Quand c\u2019est trop risqu\u00e9, on abandonne\u00a0\u00bb\u00a0: les forces de l\u2019ordre face aux dangers des"},"content":{"rendered":"<p>Tous les policiers et gendarmes ont dans leur bo\u00eete \u00e0 souvenirs un refus d\u2019obtemp\u00e9rer marquant. \u00a0C\u2019est l\u2019une des interventions qui me met le plus sous tension. Je crains toujours pour les passants ou les autres usagers de la route. M\u00eame pour mes co\u00e9quipiers et moi. Le comportement de certains chauffards est effrayant.\u00a0<\/p>\n<p>Quand on lance ce policier de la brigade anticriminalit\u00e9 de Nantes (Loire-Atlantique) sur le sujet, il cite au d\u00e9bott\u00e9 \u00a0l\u2019individu qui a percut\u00e9 de v\u00e9hicules de police, l\u2019\u00e9t\u00e9 dernier, \u00e0 Rez\u00e9\u00a0\u00bb.Ou cette chasse, le 19\u00a0novembre, qui a men\u00e9 la Bac jusqu\u2019\u00e0 Missillac.\u00a0C\u2019\u00e9tait sur un appel des coll\u00e8gues de Saint-Nazaire. La voiture a finalement pris la quatre voies \u00e0 contresens. On a abandonn\u00e9.\u00a0 Le v\u00e9hicule n\u2019a jamais \u00e9t\u00e9 retrouv\u00e9.<\/p>\n<p>\u00a0Quand c\u2019est trop dangereux, on laisse tomber. La priorit\u00e9, c\u2019est la s\u00e9curit\u00e9, prolonge le commandant Lionel Tanguy, patron de l\u2019Escadron d\u00e9partemental de contr\u00f4le des flux. \u00c7a demande une extr\u00eame vigilance, avoir en t\u00eate les gestes de s\u00e9curit\u00e9. Lors d\u2019un contr\u00f4le routier, on rappelle sans cesse les consignes.\u00a0<\/p>\n<p>\u00ab\u00a0On a la plaque d\u2019immatriculation\u00a0\u00bb<\/p>\n<p>Depuis le d\u00e9but de l\u2019ann\u00e9e, les gendarmes du Groupement de Loire-Atlantique ont g\u00e9r\u00e9 334\u00a0refus d\u2019obtemp\u00e9rer. Un chiffre en hausse de 9,51\u00a0% par rapport \u00e0 2024, sur la m\u00eame\u00a0p\u00e9riode.\u00a0Il n\u2019y a pas une vacation le week-end o\u00f9 les gars ne sont pas concern\u00e9s\u00a0\u00bb,observe l\u2019officier.<\/p>\n<p>Une constante dans le ph\u00e9nom\u00e8ne\u00a0:\u00a0Les motifs de la fuite sont rarement \u201cgraves\u201d. Des d\u00e9fauts de permis, des absences d\u2019assurances, l\u2019alcool\u00e9mie bien s\u00fbr.\u00a0Une fois, \u00a0un conducteur a pris des risques inconsid\u00e9r\u00e9s parce qu\u2019il pensait avoir bu trop d\u2019alcool avant de reprendre le volant. Quand on l\u2019a interpell\u00e9 et qu\u2019il a souffl\u00e9, il \u00e9tait n\u00e9gatif\u00a0\u00bb.<\/p>\n<p>Il arrive aussi que les automobilistes aient une autre raison de prendre la poudre d\u2019escampette\u00a0: \u00a0\u00c0 Pornic, en ao\u00fbt, un homme de 28\u00a0ans s\u2019est fait pincer avec de la coca\u00efne, point de d\u00e9part d\u2019une enqu\u00eate, qui a d\u00e9montr\u00e9 son implication dans un trafic de drogue.<\/p>\n<p>\u00a0Dans la plupart des cas, on a la plaque d\u2019immatriculation, \u00e7a ne sert \u00e0 rien de fuir\u00a0\u00bb,soupire un policier. Lionel Tanguy abonde\u00a0: \u00a0Le plus souvent, on est d\u00e9j\u00e0 devant la maison lorsque le fuyard revient chez lui.\u00a0<\/p>\n<p>\u00a0<\/p>\n","protected":false},"excerpt":{"rendered":"Tous les policiers et gendarmes ont dans leur bo\u00eete \u00e0 souvenirs un refus d\u2019obtemp\u00e9rer marquant. \u00a0C\u2019est l\u2019une des&hellip;\n","protected":false},"author":2,"featured_media":568927,"comment_status":"","ping_status":"","sticky":false,"template":"","format":"standard","meta":{"footnotes":""},"categories":[2818],"tags":[21649,1111,11,1149,1777,674,2823,18720,1011,27,766,12,24282,18842,2636,14728,25,4510,8029],"class_list":{"0":"post-569165","1":"post","2":"type-post","3":"status-publish","4":"format-standard","5":"has-post-thumbnail","7":"category-nantes","8":"tag-abandonne","9":"tag-actu","10":"tag-actualites","11":"tag-dangers","12":"tag-eu","13":"tag-europe","14":"tag-face","15":"tag-forces","16":"tag-fr","17":"tag-france","18":"tag-nantes","19":"tag-news","20":"tag-obtemperer","21":"tag-ordre","22":"tag-pays-de-la-loire","23":"tag-refus","24":"tag-republique-francaise","25":"tag-risque","26":"tag-trop"},"share_on_mastodon":{"url":"https:\/\/pubeurope.com\/@fr\/115639482067771802","error":""},"_links":{"self":[{"href":"https:\/\/www.europesays.com\/fr\/wp-json\/wp\/v2\/posts\/569165","targetHints":{"allow":["GET"]}}],"collection":[{"href":"https:\/\/www.europesays.com\/fr\/wp-json\/wp\/v2\/posts"}],"about":[{"href":"https:\/\/www.europesays.com\/fr\/wp-json\/wp\/v2\/types\/post"}],"author":[{"embeddable":true,"href":"https:\/\/www.europesays.com\/fr\/wp-json\/wp\/v2\/users\/2"}],"replies":[{"embeddable":true,"href":"https:\/\/www.europesays.com\/fr\/wp-json\/wp\/v2\/comments?post=569165"}],"version-history":[{"count":0,"href":"https:\/\/www.europesays.com\/fr\/wp-json\/wp\/v2\/posts\/569165\/revisions"}],"wp:featuredmedia":[{"embeddable":true,"href":"https:\/\/www.europesays.com\/fr\/wp-json\/wp\/v2\/media\/568927"}],"wp:attachment":[{"href":"https:\/\/www.europesays.com\/fr\/wp-json\/wp\/v2\/media?parent=569165"}],"wp:term":[{"taxonomy":"category","embeddable":true,"href":"https:\/\/www.europesays.com\/fr\/wp-json\/wp\/v2\/categories?post=569165"},{"taxonomy":"post_tag","embeddable":true,"href":"https:\/\/www.europesays.com\/fr\/wp-json\/wp\/v2\/tags?post=569165"}],"curies":[{"name":"wp","href":"https:\/\/api.w.org\/{rel}","templated":true}]}}