{"id":569176,"date":"2025-11-30T16:05:17","date_gmt":"2025-11-30T16:05:17","guid":{"rendered":"https:\/\/www.europesays.com\/fr\/569176\/"},"modified":"2025-11-30T16:05:17","modified_gmt":"2025-11-30T16:05:17","slug":"marches-de-noel-auchan-lego-les-10-infos-de-la-semaine-a-retenir-a-lille-et-autour","status":"publish","type":"post","link":"https:\/\/www.europesays.com\/fr\/569176\/","title":{"rendered":"March\u00e9s de No\u00ebl, Auchan, LEGO\u00ae&#8230; Les 10 infos de la semaine \u00e0 retenir \u00e0 Lille et autour"},"content":{"rendered":"<p>                    Par<br \/>\n        <strong><br \/>\n            <a href=\"https:\/\/actu.fr\/auteur\/redaction-lille\" title=\"Consulter tous les articles de R\u00e9daction Lille\" target=\"_blank\" rel=\"noopener\">R\u00e9daction Lille<\/a><br \/>\n                    <\/strong><\/p>\n<p>        Publi\u00e9 le<\/p>\n<p>            30 nov. 2025 \u00e0 15h46        <\/p>\n<p>Le rattrapage, c\u2019est maintenant ! Si vous n\u2019avez pas suivi l\u2019actualit\u00e9 ces derniers jours, la r\u00e9daction vous liste <b>les informations qui ont marqu\u00e9 la semaine du lundi 24 au dimanche 30 novembre 2025 \u00e0 Lille<\/b> <b>et autour<\/b>. Voici notre top 10.\u00a0<\/p>\n<p class=\" wall-content\"><b><a href=\"https:\/\/actu.fr\/economie\/auchan-voici-les-15-supermarches-du-nord-et-du-pas-de-calais-qui-seront-transformes-en-intermarche-ou-netto_63504824.html\" target=\"_blank\" rel=\"noopener\">Auchan : voici les 15 supermarch\u00e9s du Nord et du Pas-de-Calais qui seront transform\u00e9s en Intermarch\u00e9 ou Netto<\/a><\/b><\/p>\n<p class=\" wall-content\">Le groupe Auchan a annonc\u00e9 le basculement de ses supermarch\u00e9s sous la banni\u00e8re Intermarch\u00e9 ou Netto. Voici les magasins concern\u00e9s dans le Nord et le Pas-de-Calais.\u00a0<\/p>\n<p class=\" wall-content\"><b><a href=\"https:\/\/actu.fr\/hauts-de-france\/lille_59350\/apres-new-york-shanghai-et-londres-lexposition-lego-la-plus-populaire-du-monde-debarque-a-lille_63490901.html\" target=\"_blank\" rel=\"noopener\">Apr\u00e8s New York, Shanghai et Londres, l\u2019exposition LEGO\u00ae la plus populaire du monde d\u00e9barque \u00e0 Lille<\/a><\/b><\/p>\n<p class=\" wall-content\">L\u2019exposition mondiale The Art Of The Brick arrive \u00e0 Lille le 10\u00a0d\u00e9cembre avec plus d\u2019un million de briques LEGO\u00ae transform\u00e9es en \u0153uvres d\u2019art \u00e0 d\u00e9couvrir \u00e0 EuraTechnologies.<\/p>\n<p class=\" wall-content\"><b><a href=\"https:\/\/actu.fr\/hauts-de-france\/villers-cotterets_02810\/villers-cotterets-pourquoi-ce-gros-deploiement-de-gendarmerie-chez-volkswagen-ce-mardi_63483151.html\" target=\"_blank\" rel=\"noopener\">Villers-Cotter\u00eats. Pourquoi ce gros d\u00e9ploiement de gendarmerie chez Volkswagen ce mardi\u00a0?<\/a><\/b><\/p>\n<p class=\" wall-content\">Ce mardi 25 novembre 2025, de nombreux gendarmes vont se d\u00e9ployer sur le site Volkswagen de Villers-Cotter\u00eats, dans l\u2019Aisne. Pas de panique, il s\u2019agit l\u00e0 d\u2019un exercice. D\u00e9tails.<\/p>\n<p class=\" wall-content\"><b><a href=\"https:\/\/actu.fr\/hauts-de-france\/roubaix_59512\/un-des-plus-beaux-marches-de-noel-de-la-metropole-de-lille-debute-ce-vendredi_63489353.html\" target=\"_blank\" rel=\"noopener\">Un des plus beaux march\u00e9s de No\u00ebl de la m\u00e9tropole de Lille d\u00e9bute ce vendredi<\/a><\/b><\/p>\n<p class=\" wall-content\">Il est toujours tr\u00e8s attendu et d\u00e9bute ce vendredi 28\u00a0novembre 2025\u2009! D\u00e9couvrez ce qui vous attend lors du march\u00e9 de No\u00ebl de Roubaix, l\u2019un des plus beaux de la m\u00e9tropole de Lille.<\/p>\n<p class=\" wall-content\"><b><a href=\"https:\/\/actu.fr\/loisirs-culture\/a-1h30-de-lille-lun-des-plus-beaux-marches-de-noel-du-monde-ouvre-ses-portes-ce-vendredi_63503957.html\" target=\"_blank\" rel=\"noopener\">A 1h30 de Lille, l\u2019un des plus beaux march\u00e9s de No\u00ebl du monde ouvre ses portes<\/a><\/b><\/p>\n<p class=\" wall-content\">Toujours tr\u00e8s attendu, ce march\u00e9 de No\u00ebl ouvre ses portes en Belgique ce vendredi 28 novembre 2025. A 1h30 de Lille, il est reconnu comme l\u2019un des plus beaux du monde.<\/p>\n<p class=\" wall-content\"><b><a href=\"https:\/\/actu.fr\/hauts-de-france\/lesquin_59343\/cette-boulangerie-patisserie-poursuit-son-ascension-en-france-en-ouvrant-une-nouvelle-boutique-pres-de-lille_63484990.html\" target=\"_blank\" rel=\"noopener\">Cette boulangerie-p\u00e2tisserie poursuit son ascension en France en ouvrant une nouvelle boutique pr\u00e8s de Lille<\/a><\/b><\/p>\n<p class=\" wall-content\">Le 2 d\u00e9cembre 2025, un nouveau point de vente de cette enseigne phare de la boulangerie-p\u00e2tisserie ouvre pr\u00e8s de Lille. Il s\u2019agira de la 100e boutique de ce r\u00e9seau tr\u00e8s appr\u00e9ci\u00e9.<\/p>\n<p>Votre r\u00e9gion, votre actu !<\/p>\n<p>Recevez chaque jour les infos qui comptent pour vous.<\/p>\n<p>\t<a href=\"https:\/\/actu.fr\/newsletter\" class=\"ac-btn ac-btn--corner ac-btn--medium ac-btn--blue800\" target=\"_blank\" rel=\"noopener\">S&rsquo;incrire<\/a><\/p>\n<p class=\" wall-content\"><b><a href=\"https:\/\/actu.fr\/hauts-de-france\/roubaix_59512\/roubaix-la-demission-surprise-du-directeur-general-des-services-christian-belpaire-fait-enormement-reagir_63482362.html\" target=\"_blank\" rel=\"noopener\">Roubaix. La d\u00e9mission surprise du directeur g\u00e9n\u00e9ral des services Christian Belpaire fait \u00e9norm\u00e9ment r\u00e9agir<\/a><\/b><\/p>\n<p class=\" wall-content\">Le directeur g\u00e9n\u00e9ral des services de Roubaix (Nord), Christian Belpaire, d\u00e9missionne ce lundi 24 novembre 2025, apr\u00e8s 20 jours \u00e0 ce poste. Cela suscite r\u00e9actions et interrogations.<\/p>\n<p class=\" wall-content\"><b><a href=\"https:\/\/actu.fr\/hauts-de-france\/englos_59195\/englos-une-nouvelle-enseigne-ultra-gourmande-sinstalle-dans-le-centre-commercial-aushopping_63480591.html\" target=\"_blank\" rel=\"noopener\">Englos. Une nouvelle enseigne ultra gourmande s\u2019installe dans le centre commercial Aushopping<\/a><\/b><\/p>\n<p class=\" wall-content\">Avis aux gourmands ! Le centre commercial Aushopping d\u2019Englos, dans la m\u00e9tropole de Lille (Nord) accueille une toute nouvelle boutique qui devrait vous r\u00e9galer. D\u00e9tails.<\/p>\n<p class=\" wall-content\"><b><a href=\"https:\/\/actu.fr\/hauts-de-france\/lambersart_59328\/la-metropole-de-lille-devra-verser-10-000-e-a-ce-couple-de-lambersart-qui-subit-le-bruit-de-la-rocade_63483490.html\" target=\"_blank\" rel=\"noopener\">La M\u00e9tropole de Lille devra verser 10 000 \u20ac \u00e0 ce couple de Lambersart qui subit le bruit de la rocade<\/a><\/b><\/p>\n<p class=\" wall-content\">Le tribunal administratif a condamn\u00e9 la M\u00e9tropole europ\u00e9enne de Lille \u00e0 verser 10 000 \u20ac \u00e0 un couple de riverains de la rocade, \u00e0 Lambersart. Ils subissent le bruit des voitures.<\/p>\n<p class=\" wall-content\"><b><a href=\"https:\/\/actu.fr\/hauts-de-france\/lille_59350\/un-an-apres-sa-reouverture-ce-musee-du-nord-affiche-deja-des-records-daffluence_63480831.html\" target=\"_blank\" rel=\"noopener\">Un an apr\u00e8s sa r\u00e9ouverture, ce mus\u00e9e du Nord affiche d\u00e9j\u00e0 des records d\u2019affluence<\/a><\/b><\/p>\n<p class=\" wall-content\">C\u2019est un des artistes fran\u00e7ais les plus embl\u00e9matiques. Henri Matisse a son mus\u00e9e dans le Nord. Fin novembre\u00a02025, un an apr\u00e8s sa r\u00e9ouverture, il affiche des records d\u2019affluence.<\/p>\n<p class=\" wall-content\">Personnalisez votre actualit\u00e9 en ajoutant vos villes et m\u00e9dias en favori avec <a href=\"https:\/\/moncompte.actu.fr\" title=\"D\u00e9couvez Mon Actu\" rel=\"nofollow noopener\" data-trk=\"{&quot;cta&quot;:{&quot;action&quot;:&quot;https:\\\/\\\/moncompte.actu.fr&quot;,&quot;category&quot;:&quot;mon compte&quot;,&quot;from&quot;:&quot;article footer&quot;,&quot;name&quot;:&quot;Mon actu&quot;,&quot;type&quot;:&quot;cta&quot;}}\" target=\"_blank\">Mon Actu<\/a>.<\/p>\n","protected":false},"excerpt":{"rendered":"Par R\u00e9daction Lille Publi\u00e9 le 30 nov. 2025 \u00e0 15h46 Le rattrapage, c\u2019est maintenant ! Si vous n\u2019avez&hellip;\n","protected":false},"author":2,"featured_media":569177,"comment_status":"","ping_status":"","sticky":false,"template":"","format":"standard","meta":{"footnotes":""},"categories":[2815],"tags":[1111,11,1777,674,1011,27,811,1307,12,25,104],"class_list":{"0":"post-569176","1":"post","2":"type-post","3":"status-publish","4":"format-standard","5":"has-post-thumbnail","7":"category-lille","8":"tag-actu","9":"tag-actualites","10":"tag-eu","11":"tag-europe","12":"tag-fr","13":"tag-france","14":"tag-hauts-de-france","15":"tag-lille","16":"tag-news","17":"tag-republique-francaise","18":"tag-societe"},"share_on_mastodon":{"url":"https:\/\/pubeurope.com\/@fr\/115639505601989130","error":""},"_links":{"self":[{"href":"https:\/\/www.europesays.com\/fr\/wp-json\/wp\/v2\/posts\/569176","targetHints":{"allow":["GET"]}}],"collection":[{"href":"https:\/\/www.europesays.com\/fr\/wp-json\/wp\/v2\/posts"}],"about":[{"href":"https:\/\/www.europesays.com\/fr\/wp-json\/wp\/v2\/types\/post"}],"author":[{"embeddable":true,"href":"https:\/\/www.europesays.com\/fr\/wp-json\/wp\/v2\/users\/2"}],"replies":[{"embeddable":true,"href":"https:\/\/www.europesays.com\/fr\/wp-json\/wp\/v2\/comments?post=569176"}],"version-history":[{"count":0,"href":"https:\/\/www.europesays.com\/fr\/wp-json\/wp\/v2\/posts\/569176\/revisions"}],"wp:featuredmedia":[{"embeddable":true,"href":"https:\/\/www.europesays.com\/fr\/wp-json\/wp\/v2\/media\/569177"}],"wp:attachment":[{"href":"https:\/\/www.europesays.com\/fr\/wp-json\/wp\/v2\/media?parent=569176"}],"wp:term":[{"taxonomy":"category","embeddable":true,"href":"https:\/\/www.europesays.com\/fr\/wp-json\/wp\/v2\/categories?post=569176"},{"taxonomy":"post_tag","embeddable":true,"href":"https:\/\/www.europesays.com\/fr\/wp-json\/wp\/v2\/tags?post=569176"}],"curies":[{"name":"wp","href":"https:\/\/api.w.org\/{rel}","templated":true}]}}