{"id":569182,"date":"2025-11-30T16:10:14","date_gmt":"2025-11-30T16:10:14","guid":{"rendered":"https:\/\/www.europesays.com\/fr\/569182\/"},"modified":"2025-11-30T16:10:14","modified_gmt":"2025-11-30T16:10:14","slug":"cinq-jeunes-entrent-par-effraction-dans-une-maternelle-a-lyon","status":"publish","type":"post","link":"https:\/\/www.europesays.com\/fr\/569182\/","title":{"rendered":"Cinq jeunes entrent par effraction dans une maternelle, \u00e0 Lyon"},"content":{"rendered":"<p>                            <img loading=\"lazy\" width=\"1080\" height=\"675\" class=\"attachment-article size-article wp-post-image lazyload\" alt=\"\" decoding=\"async\" src=\"https:\/\/www.europesays.com\/fr\/wp-content\/uploads\/2025\/11\/IMG_7692-scaled-e1693322361876.jpg\" data-eio-rwidth=\"1080\" data-eio-rheight=\"675\"\/><\/p>\n<p>Le restaurant de l\u2019\u00e9cole maternelle Claudius-Berthelier, dans le 7e arrondissement de Lyon, sera ferm\u00e9 ce jeudi. (Photo Hadrien Jame)<\/p>\n<p class=\"content\" style=\"font-size:1.2em;font-weight:700\">Samedi 29 novembre apr\u00e8s-midi, cinq jeunes sont entr\u00e9s par effraction dans la maternelle Jean-Mermoz, dans le 8e arrondissement de Lyon. Les jeunes hommes ont \u00e9t\u00e9 plac\u00e9s en garde \u00e0 vue. <\/p>\n<p>Il \u00e9tait environ 15h ce samedi 29 novembre, rue Professeur-Ranvier, dans le 8e arrondissement de Lyon, lorsque cinq personnes, \u00e2g\u00e9s de 15 \u00e0 19 ans, ont forc\u00e9 une porte vitr\u00e9e pour p\u00e9n\u00e9trer dans la maternelle Jean-Mermoz.<\/p>\n<p>Les adolescents ont \u00e9t\u00e9 rep\u00e9r\u00e9s peu de temps apr\u00e8s, vers 15h15, assis sur des chaises \u00e0 l&rsquo;arri\u00e8re du b\u00e2timents en possession d&rsquo;une tablette tactile vol\u00e9e. Ils ont imm\u00e9diatement \u00e9t\u00e9 plac\u00e9s en garde \u00e0 vue. <\/p>\n","protected":false},"excerpt":{"rendered":"Le restaurant de l\u2019\u00e9cole maternelle Claudius-Berthelier, dans le 7e arrondissement de Lyon, sera ferm\u00e9 ce jeudi. (Photo Hadrien&hellip;\n","protected":false},"author":2,"featured_media":569183,"comment_status":"","ping_status":"","sticky":false,"template":"","format":"standard","meta":{"footnotes":""},"categories":[1889],"tags":[1111,11,2430,1777,674,118,1011,27,2428,12,25,2429,1175],"class_list":{"0":"post-569182","1":"post","2":"type-post","3":"status-publish","4":"format-standard","5":"has-post-thumbnail","7":"category-lyon","8":"tag-actu","9":"tag-actualites","10":"tag-auvergne-rhone-alpes","11":"tag-eu","12":"tag-europe","13":"tag-faits-divers","14":"tag-fr","15":"tag-france","16":"tag-lyon","17":"tag-news","18":"tag-republique-francaise","19":"tag-rhone","20":"tag-vol"},"share_on_mastodon":{"url":"https:\/\/pubeurope.com\/@fr\/115639526125105767","error":""},"_links":{"self":[{"href":"https:\/\/www.europesays.com\/fr\/wp-json\/wp\/v2\/posts\/569182","targetHints":{"allow":["GET"]}}],"collection":[{"href":"https:\/\/www.europesays.com\/fr\/wp-json\/wp\/v2\/posts"}],"about":[{"href":"https:\/\/www.europesays.com\/fr\/wp-json\/wp\/v2\/types\/post"}],"author":[{"embeddable":true,"href":"https:\/\/www.europesays.com\/fr\/wp-json\/wp\/v2\/users\/2"}],"replies":[{"embeddable":true,"href":"https:\/\/www.europesays.com\/fr\/wp-json\/wp\/v2\/comments?post=569182"}],"version-history":[{"count":0,"href":"https:\/\/www.europesays.com\/fr\/wp-json\/wp\/v2\/posts\/569182\/revisions"}],"wp:featuredmedia":[{"embeddable":true,"href":"https:\/\/www.europesays.com\/fr\/wp-json\/wp\/v2\/media\/569183"}],"wp:attachment":[{"href":"https:\/\/www.europesays.com\/fr\/wp-json\/wp\/v2\/media?parent=569182"}],"wp:term":[{"taxonomy":"category","embeddable":true,"href":"https:\/\/www.europesays.com\/fr\/wp-json\/wp\/v2\/categories?post=569182"},{"taxonomy":"post_tag","embeddable":true,"href":"https:\/\/www.europesays.com\/fr\/wp-json\/wp\/v2\/tags?post=569182"}],"curies":[{"name":"wp","href":"https:\/\/api.w.org\/{rel}","templated":true}]}}