{"id":569186,"date":"2025-11-30T16:13:10","date_gmt":"2025-11-30T16:13:10","guid":{"rendered":"https:\/\/www.europesays.com\/fr\/569186\/"},"modified":"2025-11-30T16:13:10","modified_gmt":"2025-11-30T16:13:10","slug":"ratp-et-sncf-les-perturbations-attendues-dans-les-transports-a-paris-et-en-ile-de-france-cette-semaine-28","status":"publish","type":"post","link":"https:\/\/www.europesays.com\/fr\/569186\/","title":{"rendered":"RATP et SNCF. Les perturbations attendues dans les transports \u00e0 Paris et en \u00cele-de-France cette semaine"},"content":{"rendered":"<p>                    Par<br \/>\n        <strong><br \/>\n            <a href=\"https:\/\/actu.fr\/auteur\/glenn-gillet\" title=\"Consulter tous les articles de Glenn Gillet\" target=\"_blank\" rel=\"noopener\">Glenn Gillet<\/a><br \/>\n                    <\/strong><\/p>\n<p>        Publi\u00e9 le<\/p>\n<p>            30 nov. 2025 \u00e0 17h06        <\/p>\n<p>Attention si vous comptez utiliser les lignes de transport entre lundi\u00a01er et dimanche 7\u00a0d\u00e9cembre 2025. Des <strong>perturbations<\/strong> sont \u00e0 pr\u00e9voir cette semaine le r\u00e9seau \u00e0 Paris et en \u00cele-de-France, selon la <a href=\"https:\/\/actu.fr\/tag\/ratp\" target=\"_blank\" rel=\"noopener\">RATP<\/a> et la <a href=\"https:\/\/actu.fr\/tag\/sncf\" target=\"_blank\" rel=\"noopener\">SNCF<\/a>. <a href=\"https:\/\/actu.fr\/tag\/metro\" target=\"_blank\" rel=\"noopener\">M\u00e9tro<\/a>, Transilien, RER\u2026 Voici le <strong>r\u00e9capitulatif des pr\u00e9visions<\/strong> sur actu Paris.<\/p>\n<p>M\u00e9tro<\/p>\n<p class=\" wall-content\"><strong>Ligne 1<\/strong>\u2009: jusqu\u2019au 4\u00a0janvier, le week-end de 16\u2009: 00 \u00e0 23\u2009: 45, les acc\u00e8s \u00e0 la station Tuileries sont ferm\u00e9s par mesure de s\u00e9curit\u00e9 en raison du march\u00e9 de No\u00ebl.<\/p>\n<p class=\" wall-content\"><strong>Ligne 14<\/strong>\u2009: le 7\u00a0d\u00e9cembre jusqu\u2019\u00e0 10h, le trafic sera interrompu sur toute la ligne en raison de travaux de modernisation.<\/p>\n<p>RER<\/p>\n<p class=\" wall-content\"><strong>RER A<\/strong>\u2009: jusqu\u2019au 19\u00a0d\u00e9cembre, du lundi au vendredi d\u00e8s 21h50, le trafic est interrompu entre Cergy \u2013 Le Haut et Maisons-Laffitte en raison de travaux. Jusqu\u2019au 13\u00a0d\u00e9cembre, du mardi au samedi jusqu\u2019\u00e0 5h10, le trafic est interrompu de Cergy \u2013 Le Haut \u00e0 Maisons-Laffitte en raison de travaux.<\/p>\n<p class=\" wall-content\"><strong>RER B<\/strong>\u2009: jusqu\u2019au 12\u00a0d\u00e9cembre, du lundi au vendredi d\u00e8s 22h45, le trafic est interrompu entre Gare du Nord et A\u00e9roport Charles de Gaulle 2 \u2013 TGV\/Mitry \u2013 Claye en raison de travaux d\u2019entretien.<\/p>\n<p class=\" wall-content\"><strong>RER C<\/strong>\u2009: le 6\u00a0d\u00e9cembre, le trafic sera interrompu entre Invalides et Gare d\u2019Austerlitz, et entre Choisy-le-Roi et Br\u00e9tigny. Le 7\u00a0d\u00e9cembre jusqu\u2019\u00e0 17h, le trafic sera interrompu entre Invalides et Gare d\u2019Austerlitz, et entre Choisy-le-Roi et Br\u00e9tigny. Jusqu\u2019au 11\u00a0janvier, l\u2019arr\u00eat n\u2019est pas desservi \u00e0 Issy vers Dourdan la For\u00eat, Saint-Martin d\u2019\u00c9tampes et Massy \u2013 Palaiseau en raison de travaux. Du lundi\u00a01er au vendredi 19\u00a0d\u00e9cembre (sauf samedi et dimanche), le trafic est interrompu \u00e0 partir de 22h30 entre Dourdan et Paris Austerlitz et entre Saint-Martin d\u2019\u00c9tampes et Paris Austerlitz. Idem tous les jours jusqu\u2019au 19\u00a0d\u00e9cembre partir de 23h, entre Juvisy et Paris Austerlitz et entre Paris Austerlitz et Pont de Rungis. Idem tous les jours \u00e0 partir de de 23h45 de Javel vers Saint-Quentin en Yvelines et entre Versailles Ch\u00e2teau Rive Gauche et Javel. Dimanche 7\u00a0d\u00e9cembre, le trafic est interrompu \u00e0 partir de 23h45 entre Dourdan et Paris Austerlitz et entre Saint-Martin d\u2019\u00c9tampes et Paris Austerlitz.<\/p>\n<p class=\" wall-content\"><strong>RER D<\/strong>\u2009: samedi\u00a06 et dimanche 7\u00a0d\u00e9cembre, le trafic est interrompu entre Combs-la-Ville \u2013 Quincy et Melun en raison de travaux. Jusqu\u2019au 14\u00a0d\u00e9cembre, du lundi au vendredi \u00e0 partir de 23h20, le trafic est interrompu entre Gare du Nord et Creil en raison de travaux. Jusqu\u2019au 12\u00a0d\u00e9cembre, en semaine de 22h30 \u00e0 la fin de service, les gares entre Paris Gare de Lyon et Villeneuve-Saint-Georges ne sont pas desservies. Jusqu\u2019au 24\u00a0d\u00e9cembre, en semaine d\u00e8s 23h30, le trafic sera interrompu entre Gare du Nord et Gare de Lyon en raison de travaux. Jusqu\u2019au 12\u00a0d\u00e9cembre, en semaine \u00e0 partir de 23h15, le trafic est interrompu de Villeneuve-Saint-Georges vers Corbeil-Essonnes. Du 1er\u00a0d\u00e9cembre au 3\u00a0janvier, le trafic est interrompu entre Paris Gare du Nord et Creil \u00e0 partir de 23h35, sauf le samedi\u00a06 et dimanche 7\u00a0d\u00e9cembre o\u00f9 le trafic est interrompu entre 22h50 \u00e0 8h50. Du lundi\u00a01er au vendredi 12\u00a0d\u00e9cembre, \u00e0 partir de 22h30, les gares de Cr\u00e9teil Pompadour, Villeneuve Triage, Le Vert de Maisons et Maisons-Alfort ne sont pas desservies.<\/p>\n<p>Votre r\u00e9gion, votre actu !<\/p>\n<p>Recevez chaque jour les infos qui comptent pour vous.<\/p>\n<p>\t<a href=\"https:\/\/actu.fr\/newsletter\" class=\"ac-btn ac-btn--corner ac-btn--medium ac-btn--blue800\" target=\"_blank\" rel=\"noopener\">S&rsquo;incrire<\/a><\/p>\n<p class=\" wall-content\"><strong>RER E<\/strong>\u2009: samedi\u00a06 et dimanche 7\u00a0d\u00e9cembre, le trafic est interrompu entre Nanterre-la-Folie et Villiers-sur-Marne et entre Nanterre-la-Folie et Tournan. Idem \u00e0 partir de 22h45 entre Nanterre-la-Folie et Chelles Gournay. Jusqu\u2019au 12\u00a0d\u00e9cembre, les soirs en semaine, d\u00e8s 20h55, le trafic est interrompu entre Nanterre \u2013 La Folie et Tournan pour travaux. Idem \u00e0 partir de 22h45 entre Nanterre-la-Folie et Chelles Gournay.<\/p>\n<p>Transilien<\/p>\n<p class=\" wall-content\"><strong>Ligne H<\/strong>\u2009: du 6\u00a0d\u00e9cembre \u00e0 22h50 au 7\u00a0d\u00e9cembre \u00e0 08h50, le trafic est interrompu entre Gare du Nord et Ermont \u2013 Eaubonne\/Sarcelles Saint Brice en raison de travaux.<\/p>\n<p class=\" wall-content\"><strong>Ligne J<\/strong>\u2009: jusqu\u2019au 12\u00a0d\u00e9cembre, du lundi au vendredi d\u00e8s 21h40, le trafic est interrompu entre Gare Saint-Lazare et Mantes-la-Jolie via Poissy. Jusqu\u2019au 5\u00a0d\u00e9cembre le trafic est interrompu en semaine \u00e0 partir de 22h50 entre Argenteuil et Ermont Eaubonne.<\/p>\n<p class=\" wall-content\"><strong>Ligne K<\/strong>\u2009: Jusqu\u2019au 20\u00a0d\u00e9cembre, en soir\u00e9e semaine jusqu\u2019au samedi matin, le trafic est interrompu entre Gare du Nord et Cr\u00e9py-en-Valois \u00e0 partir de 20h10. Du 6\u00a0d\u00e9cembre au 21\u00a0d\u00e9cembre, le samedi, le trafic est interrompu entre Mitry \u2013 Claye et Cr\u00e9py-en-Valois.<\/p>\n<p class=\" wall-content\"><strong>Ligne L<\/strong>\u2009: jusqu\u2019au 19\u00a0d\u00e9cembre, du lundi au vendredi d\u00e8s 21h50, le trafic est interrompu entre Saint-Cloud et Versailles Rive Droite. Samedi\u00a06 et dimanche 7\u00a0d\u00e9cembre, le trafic est interrompu entre Paris Saint-Lazare, Nanterre Universit\u00e9 et Maisons-Laffitte en raison de travaux.<\/p>\n<p class=\" wall-content\"><strong>Ligne U<\/strong>\u2009: du lundi\u00a01er au vendredi 5\u00a0d\u00e9cembre, le trafic est interrompu en semaine \u00e0 partir de 21h30 entre Paris Montparnasse et Dreux en raison de travaux. Idem qu\u2019\u00e0 partir de 22h entre Paris Montparnasse et Plaisir \u2013 Grignon. Idem \u00e0 partir de 23h entre Paris Montparnasse et Rambouillet. Du samedi\u00a06 jusqu\u2019au dimanche 7\u00a0d\u00e9cembre \u00e0 16h30, le trafic est interrompu entre Mantes-la-Jolie et \u00c9p\u00f4ne \u2013 M\u00e9zi\u00e8res.<\/p>\n<p class=\" wall-content\"><strong>Ligne P<\/strong>\u2009: jusqu\u2019au 19\u00a0d\u00e9cembre, en semaine \u00e0 partir de 20h45, le trafic est interrompu entre Paris Est et Provins. Idem \u00e0 partir de 22h entre Paris Est et Ch\u00e2teau-Thierry. Idem \u00e0 partir entre Paris Est et Coulommiers. Idem jusqu\u2019au 12\u00a0d\u00e9cembre \u00e0 partir de 22h00 entre Meaux et La Fert\u00e9-Milon. Le 6\u00a0d\u00e9cembre \u00e0 partir de 23, le trafic sera interrompu entre Gare de l\u2019Est et Ch\u00e2teau-Thierry.<\/p>\n<p class=\" wall-content\"><strong>Ligne R<\/strong>\u2009: jusqu\u2019au 12\u00a0d\u00e9cembre, en semaine de 23h05 \u00e0 5h20, le trafic interrompu entre Gare de Lyon et Montargis. Idem \u00e0 partir de minuit Moret Veneux-les-Sablons et Montargis.<\/p>\n<p class=\" wall-content\"><strong>Ligne U<\/strong>\u2009: du 1er au 19\u00a0d\u00e9cembre, le trafic est interrompu \u00e0 partir de 22h entre La D\u00e9fense et La Verri\u00e8re.<\/p>\n<p class=\" wall-content\">Personnalisez votre actualit\u00e9 en ajoutant vos villes et m\u00e9dias en favori avec <a href=\"https:\/\/moncompte.actu.fr\" title=\"D\u00e9couvez Mon Actu\" rel=\"nofollow noopener\" data-trk=\"{&quot;cta&quot;:{&quot;action&quot;:&quot;https:\\\/\\\/moncompte.actu.fr&quot;,&quot;category&quot;:&quot;mon compte&quot;,&quot;from&quot;:&quot;article footer&quot;,&quot;name&quot;:&quot;Mon actu&quot;,&quot;type&quot;:&quot;cta&quot;}}\" target=\"_blank\">Mon Actu<\/a>.<\/p>\n","protected":false},"excerpt":{"rendered":"Par Glenn Gillet Publi\u00e9 le 30 nov. 2025 \u00e0 17h06 Attention si vous comptez utiliser les lignes de&hellip;\n","protected":false},"author":2,"featured_media":475094,"comment_status":"","ping_status":"","sticky":false,"template":"","format":"standard","meta":{"footnotes":""},"categories":[1592],"tags":[1111,11,1777,674,1011,27,662,12,626,625,25,2215,104,2803],"class_list":{"0":"post-569186","1":"post","2":"type-post","3":"status-publish","4":"format-standard","5":"has-post-thumbnail","7":"category-ile-de-france","8":"tag-actu","9":"tag-actualites","10":"tag-eu","11":"tag-europe","12":"tag-fr","13":"tag-france","14":"tag-ile-de-france","15":"tag-news","16":"tag-paris","17":"tag-ratp","18":"tag-republique-francaise","19":"tag-sncf","20":"tag-societe","21":"tag-transport"},"share_on_mastodon":{"url":"https:\/\/pubeurope.com\/@fr\/115639537149627133","error":""},"_links":{"self":[{"href":"https:\/\/www.europesays.com\/fr\/wp-json\/wp\/v2\/posts\/569186","targetHints":{"allow":["GET"]}}],"collection":[{"href":"https:\/\/www.europesays.com\/fr\/wp-json\/wp\/v2\/posts"}],"about":[{"href":"https:\/\/www.europesays.com\/fr\/wp-json\/wp\/v2\/types\/post"}],"author":[{"embeddable":true,"href":"https:\/\/www.europesays.com\/fr\/wp-json\/wp\/v2\/users\/2"}],"replies":[{"embeddable":true,"href":"https:\/\/www.europesays.com\/fr\/wp-json\/wp\/v2\/comments?post=569186"}],"version-history":[{"count":0,"href":"https:\/\/www.europesays.com\/fr\/wp-json\/wp\/v2\/posts\/569186\/revisions"}],"wp:featuredmedia":[{"embeddable":true,"href":"https:\/\/www.europesays.com\/fr\/wp-json\/wp\/v2\/media\/475094"}],"wp:attachment":[{"href":"https:\/\/www.europesays.com\/fr\/wp-json\/wp\/v2\/media?parent=569186"}],"wp:term":[{"taxonomy":"category","embeddable":true,"href":"https:\/\/www.europesays.com\/fr\/wp-json\/wp\/v2\/categories?post=569186"},{"taxonomy":"post_tag","embeddable":true,"href":"https:\/\/www.europesays.com\/fr\/wp-json\/wp\/v2\/tags?post=569186"}],"curies":[{"name":"wp","href":"https:\/\/api.w.org\/{rel}","templated":true}]}}