{"id":569187,"date":"2025-11-30T16:14:15","date_gmt":"2025-11-30T16:14:15","guid":{"rendered":"https:\/\/www.europesays.com\/fr\/569187\/"},"modified":"2025-11-30T16:14:15","modified_gmt":"2025-11-30T16:14:15","slug":"le-ministre-de-linterieur-laurent-nunez-condamne-tres-fermement-lagression-dont-a-ete-victime-jordan-bardella","status":"publish","type":"post","link":"https:\/\/www.europesays.com\/fr\/569187\/","title":{"rendered":"Le ministre de l&rsquo;Int\u00e9rieur, Laurent Nu\u00f1ez, condamne \u00ab\u00a0tr\u00e8s fermement\u00a0\u00bb l&rsquo;agression dont a \u00e9t\u00e9 victime Jordan Bardella"},"content":{"rendered":"\n<p class=\"c-chapo \">\n  L&rsquo;homme interpell\u00e9 avait d\u00e9j\u00e0 vis\u00e9 Eric Zemmour pendant la campagne pr\u00e9sidentielle de 2022 selon le procureur de Montauban, cit\u00e9 par \u00ab\u00a0La D\u00e9p\u00eache du Midi\u00a0\u00bb.\n<\/p>\n<p>      lire plus tard<\/p>\n<p id=\"dialog__title\" class=\"dialog__title\">Pour sauvegarder cet article, connectez-vous ou cr\u00e9ez un compte franceinfo<\/p>\n<p class=\"dialog__description\">Sans paiement. Sans abonnement.<\/p>\n<p>        Fermer la fen\u00eatre d\u2019activation des notifications France Info<\/p>\n<p>      cr\u00e9er votre compte<\/p>\n<p>      se connecter<\/p>\n<p>        Fermer la fen\u00eatre de pr\u00e9sentation<\/p>\n<p>    <img loading=\"lazy\" decoding=\"async\" class=\"signature__image lazyload\" width=\"100\" height=\"100\" data- alt=\"\" src=\"https:\/\/www.europesays.com\/fr\/wp-content\/uploads\/2025\/05\/64a68815cd1a7_placeholder-36b69ec8.png\"\/><\/p>\n<p>    Publi\u00e9 le 30\/11\/2025 14:42<\/p>\n<p>      Mis \u00e0 jour le 30\/11\/2025 15:39<\/p>\n<p>        Temps de lecture : 1min<\/p>\n<p>    <img decoding=\"async\"  alt=\"Jordan Bardella lors d'une visite au salon Milipol \u00e0 Villepinte (Seine-Saint-Denis) le 19 novembre 2025. (THIBAUD MORITZ \/ AFP)\" width=\"432\" height=\"243\" src=\"https:\/\/www.europesays.com\/fr\/wp-content\/uploads\/2025\/11\/000-84gk82z-692c48c64195e758780649.jpg\" fetchpriority=\"high\"\/><\/p>\n<p>      Jordan Bardella lors d&rsquo;une visite au salon Milipol \u00e0 Villepinte (Seine-Saint-Denis) le 19 novembre 2025. (THIBAUD MORITZ \/ AFP)<\/p>\n<p>Le ministre de l&rsquo;Int\u00e9rieur en soutien \u00e0 Jordan Bardella. \u00ab\u00a0Je condamne tr\u00e8s fermement l&rsquo;agression\u00a0\u00bb <a href=\"https:\/\/www.franceinfo.fr\/politique\/jordan-bardella\/jordan-bardella-agresse-lors-d-une-dedicace-dans-le-tarn-et-garonne-le-president-du-rn-va-porter-plainte_7647950.html\" target=\"_self\" rel=\"noopener noreferrer nofollow\" data-tooltip-url=\"https:\/\/www.franceinfo.fr\/politique\/jordan-bardella\/jordan-bardella-agresse-lors-d-une-dedicace-dans-le-tarn-et-garonne-le-president-du-rn-va-porter-plainte_7647950.html\">dont a \u00e9t\u00e9 victime le pr\u00e9sident du Rassemblement national samedi<\/a>, a d\u00e9clar\u00e9 Laurent Nu\u00f1ez <a href=\"https:\/\/www.bfmtv.com\/politique\/gouvernement\/jordan-bardella-agresse-dans-le-tarn-et-garonne-laurent-nunez-deplore-une-montee-des-violences-dans-la-vie-politique_AV-202511300235.html\" target=\"_blank\" rel=\"noopener\" data-tooltip-url=\"https:\/\/www.bfmtv.com\/politique\/gouvernement\/jordan-bardella-agresse-dans-le-tarn-et-garonne-laurent-nunez-deplore-une-montee-des-violences-dans-la-vie-politique_AV-202511300235.html\">dimanche 30 novembre sur BFMTV<\/a>. \u00ab\u00a0C&rsquo;est inacceptable. Nous sommes dans une d\u00e9mocratie, tout le monde doit pouvoir s&rsquo;exprimer\u00a0\u00bb, a-t-il poursuivi. Le ministre de l&rsquo;Int\u00e9rieur a d\u00e9nonc\u00e9 \u00ab\u00a0des actes d&rsquo;intimidation\u00a0\u00bb et a soulign\u00e9 un \u00ab\u00a0durcissement du climat politique\u00a0\u00bb.<\/p>\n<p>Lors d&rsquo;une s\u00e9ance de d\u00e9dicaces, \u00e0 Moissac dans le Tarn-et-Garonne, un homme a tent\u00e9 d&rsquo;\u00e9craser un \u0153uf sur la t\u00eate de Jordan Bardella. Cet homme de 74\u00a0ans est actuellement en garde \u00e0 vue. Selon le procureur de Montauban, Bruno Sauvage, <a href=\"https:\/\/www.ladepeche.fr\/2025\/11\/30\/info-la-depeche-oeuf-ecrase-sur-la-tete-de-jordan-bardella-qui-est-le-septuagenaire-qui-a-vise-le-president-du-rassemblement-national-13082301.php\" target=\"_blank\" rel=\"noopener\" data-tooltip-url=\"https:\/\/www.ladepeche.fr\/2025\/11\/30\/info-la-depeche-oeuf-ecrase-sur-la-tete-de-jordan-bardella-qui-est-le-septuagenaire-qui-a-vise-le-president-du-rassemblement-national-13082301.php\">contact\u00e9 par La D\u00e9p\u00eache du Midi<\/a>, il s&rsquo;agit du m\u00eame homme qui avait d\u00e9j\u00e0 vis\u00e9 Eric Zemmour en mars 2022, en pleine campagne pr\u00e9sidentielle. Le suspect est entendu pour \u00ab\u00a0violence sur personne d\u00e9positaire de l&rsquo;autorit\u00e9 publique sans incapacit\u00e9\u00a0\u00bb, pr\u00e9cise-t-il.<\/p>\n","protected":false},"excerpt":{"rendered":"L&rsquo;homme interpell\u00e9 avait d\u00e9j\u00e0 vis\u00e9 Eric Zemmour pendant la campagne pr\u00e9sidentielle de 2022 selon le procureur de Montauban,&hellip;\n","protected":false},"author":2,"featured_media":569188,"comment_status":"","ping_status":"","sticky":false,"template":"","format":"standard","meta":{"footnotes":""},"categories":[1888],"tags":[1111,1928,11,1927,1777,674,1011,27,12,1926,626,1925,25],"class_list":{"0":"post-569187","1":"post","2":"type-post","3":"status-publish","4":"format-standard","5":"has-post-thumbnail","7":"category-paris","8":"tag-actu","9":"tag-actu-paris","10":"tag-actualites","11":"tag-actualites-paris","12":"tag-eu","13":"tag-europe","14":"tag-fr","15":"tag-france","16":"tag-news","17":"tag-news-paris","18":"tag-paris","19":"tag-paris-news","20":"tag-republique-francaise"},"share_on_mastodon":{"url":"https:\/\/pubeurope.com\/@fr\/115639542712650926","error":""},"_links":{"self":[{"href":"https:\/\/www.europesays.com\/fr\/wp-json\/wp\/v2\/posts\/569187","targetHints":{"allow":["GET"]}}],"collection":[{"href":"https:\/\/www.europesays.com\/fr\/wp-json\/wp\/v2\/posts"}],"about":[{"href":"https:\/\/www.europesays.com\/fr\/wp-json\/wp\/v2\/types\/post"}],"author":[{"embeddable":true,"href":"https:\/\/www.europesays.com\/fr\/wp-json\/wp\/v2\/users\/2"}],"replies":[{"embeddable":true,"href":"https:\/\/www.europesays.com\/fr\/wp-json\/wp\/v2\/comments?post=569187"}],"version-history":[{"count":0,"href":"https:\/\/www.europesays.com\/fr\/wp-json\/wp\/v2\/posts\/569187\/revisions"}],"wp:featuredmedia":[{"embeddable":true,"href":"https:\/\/www.europesays.com\/fr\/wp-json\/wp\/v2\/media\/569188"}],"wp:attachment":[{"href":"https:\/\/www.europesays.com\/fr\/wp-json\/wp\/v2\/media?parent=569187"}],"wp:term":[{"taxonomy":"category","embeddable":true,"href":"https:\/\/www.europesays.com\/fr\/wp-json\/wp\/v2\/categories?post=569187"},{"taxonomy":"post_tag","embeddable":true,"href":"https:\/\/www.europesays.com\/fr\/wp-json\/wp\/v2\/tags?post=569187"}],"curies":[{"name":"wp","href":"https:\/\/api.w.org\/{rel}","templated":true}]}}