{"id":569189,"date":"2025-11-30T16:15:35","date_gmt":"2025-11-30T16:15:35","guid":{"rendered":"https:\/\/www.europesays.com\/fr\/569189\/"},"modified":"2025-11-30T16:15:35","modified_gmt":"2025-11-30T16:15:35","slug":"les-10-snobismes-de-la-parisienne-pour-profiter-de-noel-avec-style-partie-3","status":"publish","type":"post","link":"https:\/\/www.europesays.com\/fr\/569189\/","title":{"rendered":"Les 10 snobismes de la Parisienne pour profiter de No\u00ebl avec style \u2013 Partie 3"},"content":{"rendered":"<p><strong>\u00c0 Paris, No\u00ebl n\u2019est pas qu\u2019une f\u00eate, c\u2019est une mise en sc\u00e8ne magique. Et la Parisienne y joue son r\u00f4le avec style et exigence. Voici les 10 rituels les plus pris\u00e9s pour un mois de d\u00e9cembre absolument et d\u00e9licieusement snob<\/strong>!<\/p>\n<p>Rep\u00e9rer les illuminations les plus chic de  Paris<\/p>\n<p><img loading=\"lazy\" decoding=\"async\" width=\"864\" height=\"486\" src=\"data:image\/svg+xml,%3Csvg%20xmlns=\" http:=\"\" alt=\"\" class=\"wp-image-199030\" data-lazy- data-lazy- data-lazy-src=\"https:\/\/www.europesays.com\/fr\/wp-content\/uploads\/2025\/11\/1776A28C-BE29-4913-B392-647169090596_1_105_c-edited.jpeg\"\/><\/p>\n<p>Impossible de passer un No\u00ebl chic sans un d\u00e9tour par <strong>l\u2019Avenue Montaigne<\/strong>, o\u00f9 <strong>la Maison Dior<\/strong> propose chaque ann\u00e9e une mise en lumi\u00e8re spectaculaire. Cette ann\u00e9e encore, la fa\u00e7ade se transforme en v\u00e9ritable conte de f\u00e9e. Un arr\u00eat obligatoire pour votre feed Instagram. A voir \u00e9galement : Cartier rue de la Paix , Vuitton place vend\u00f4me \u2026 <a href=\"https:\/\/www.parisselectbook.com\/2025\/11\/23\/ou-voir-les-plus-belles-illuminations-de-noel-2025-a-paris\/\" target=\"_blank\" rel=\"noopener\">Voir ici toutes les illuminations de No\u00ebl \u00e0 ne pas rater. <\/a><br \/>\ud83d\udccd<strong>11 Rue Fran\u00e7ois 1er, 75008 Paris<\/strong><\/p>\n<p>Go\u00fbter gourmand dans un palace : La R\u00e9serve Paris <\/p>\n<p><img loading=\"lazy\" decoding=\"async\" width=\"720\" height=\"405\" src=\"data:image\/svg+xml,%3Csvg%20xmlns=\" http:=\"\" alt=\"\" class=\"wp-image-198858\" style=\"width:840px;height:auto\" data-lazy- data-lazy- data-lazy-src=\"https:\/\/www.europesays.com\/fr\/wp-content\/uploads\/2025\/11\/lrp_culinary_signature-hot-chocolate_bygeraldinemartens_2626-720x1080-2-edited.jpg\"\/><\/p>\n<p>Rendez-vous dans le cadre feutr\u00e9 du <strong>Palace La R\u00e9serve<\/strong>, \u00e0 deux pas des Champs-\u00c9lys\u00e9es, pour un go\u00fbter aussi \u00e9l\u00e9gant que chaleureux. Chocolat chaud onctueux, madeleines moelleuses et ambiance feutr\u00e9e : tout y est pour une pause de r\u00eave. <a href=\"https:\/\/www.parisselectbook.com\/2025\/11\/29\/chocolat-chaud-et-madeleines-marbrees-le-plus-gourmand-des-gouters-parisiens-se-deguste-a-la-reserve-paris\/\" target=\"_blank\" rel=\"noopener\">Tous les d\u00e9tails dans notre article <\/a><br \/>\ud83d\udccd<strong>42 Avenue Gabriel, 75008 Paris<\/strong><\/p>\n<p>Tester AT Home, le nouveau spot du chef <strong>Yazid Ichemrahen<\/strong><\/p>\n<p><img loading=\"lazy\" decoding=\"async\" width=\"880\" height=\"587\" src=\"data:image\/svg+xml,%3Csvg%20xmlns=\" http:=\"\" alt=\"\" class=\"wp-image-198942\" data-lazy- data-lazy- data-lazy-src=\"https:\/\/www.europesays.com\/fr\/wp-content\/uploads\/2025\/11\/at-home-space1-880x587.jpg\"\/><\/p>\n<p>Dernier lieu confidentiel \u00e0 tester absolument : <strong>AT Home<\/strong>, une table chaleureuse au concept intimiste. Le chef <strong>Yazid Ichemrahen<\/strong> y propose une cuisine de saison dans un d\u00e9cor comme \u00e0 la maison. Un coup de c\u0153ur food! <a href=\"https:\/\/www.parisselectbook.com\/2025\/11\/29\/at-home-la-nouvelle-adresse-du-chef-yazid-ichemrahen-a-paris-une-experience-de-haute-volee\/\" target=\"_blank\" rel=\"noopener\">On vous dit tout ce nouveau restaurant \u00e0 tester <\/a><\/p>\n<p>\ud83d\udccd<strong>44 rue Croix-des-Petits-Champs, 75001 Paris<\/strong><\/p>\n<p>\u00c9couter du bon jazz live au Duke\u2019s Bar de l\u2019H\u00f4tel Westminster<\/p>\n<p><img loading=\"lazy\" decoding=\"async\" width=\"1200\" height=\"675\" src=\"data:image\/svg+xml,%3Csvg%20xmlns=\" http:=\"\" alt=\"\" class=\"wp-image-198342\" data-lazy- data-lazy- data-lazy-src=\"https:\/\/www.europesays.com\/fr\/wp-content\/uploads\/2025\/11\/dukes-bar-jazzy-4-edited.png\"\/><\/p>\n<p>Chaque <strong>jeudi soir<\/strong>, <a href=\"https:\/\/www.warwickhotels.com\/fr\/hotel-westminster\/restauration\/le-dukes-bar\" target=\"_blank\" rel=\"noreferrer noopener\">le Duke\u2019s bar de l\u2019h\u00f4tel Westminster<\/a> vibre au son du jazz. Une atmosph\u00e8re tamis\u00e9e, des cocktails \u00e9l\u00e9gants et un moment suspendu en plein c\u0153ur du quartier de l\u2019Op\u00e9ra. L\u2019adresse parfaite pour impressionner sans trop en faire.<a href=\"https:\/\/www.parisselectbook.com\/2025\/11\/27\/dukes-bar-lelegance-anglaise-au-coeur-de-paris-entre-jazz-cocktails-et-douceurs-festives\/\" target=\"_blank\" rel=\"noopener\">Toutes les infos sur ces soir\u00e9es  jazz \u00e0 Paris dans notre article d\u00e9di\u00e9<\/a><br \/>\ud83d\udccd<strong>13 Rue de la Paix, 75002 Paris<\/strong><\/p>\n<p>Prendre son petit d\u00e9jeuner \u00e0 La Tour d\u2019Argent<\/p>\n<p><img loading=\"lazy\" decoding=\"async\" width=\"880\" height=\"495\" src=\"data:image\/svg+xml,%3Csvg%20xmlns=\" http:=\"\" alt=\"\" class=\"wp-image-196579\" data-lazy- data-lazy- data-lazy-src=\"https:\/\/www.europesays.com\/fr\/wp-content\/uploads\/2025\/11\/Paris-SElect-copie-2-880x495.jpg\"\/><\/p>\n<p>Rien de plus snob que de commencer sa journ\u00e9e face \u00e0 la Seine, en d\u00e9gustant un petit d\u00e9jeuner <strong>dans l\u2019un des plus anciens restaurants gastronomiques de Paris<\/strong>. La Tour d\u2019Argent, r\u00e9cemment r\u00e9nov\u00e9e, offre un moment hors du temps.<a href=\"https:\/\/www.parisselectbook.com\/2025\/11\/16\/petit-dejeuner-a-la-tour-dargent-face-a-la-seine-le-nec-plus-ultra-du-chic-parisien\/\" target=\"_blank\" rel=\"noopener\">D\u00e9couvrez notre article sur ce petit d\u00e9jeuner d\u2019exception<\/a> <br \/>\ud83d\udccd<strong>17 Quai de la Tournelle, 75005 Paris<\/strong><\/p>\n<p>Offrir un calendrier de l\u2019Avent hyper chic<\/p>\n<p><img loading=\"lazy\" decoding=\"async\" width=\"880\" height=\"667\" src=\"data:image\/svg+xml,%3Csvg%20xmlns=\" http:=\"\" alt=\"\" class=\"wp-image-199010\" data-lazy- data-lazy- data-lazy-src=\"https:\/\/www.europesays.com\/fr\/wp-content\/uploads\/2025\/11\/Capture-decran-2025-11-30-a-16.21.42-880x667.png\"\/><\/p>\n<p>Forget les calendriers en carton\u2026 La Parisienne vise l\u2019excellence avec le <strong>calendrier de l\u2019Avent sign\u00e9 Pierre Herm\u00e9<\/strong> : 24 jours de douceurs entre truffes au chocolat, bonbons de caramel et macarons miniatures.<br \/>\ud83d\udccd<strong>72 Rue Bonaparte, 75006 Paris<\/strong> (boutique phare)<br \/>On vous pr\u00e9sente tous les calendriers de l\u2019Avent gourmands dans notre s\u00e9lection sp\u00e9ciale<\/p>\n<p>   Patiner sur le rooftop des Galeries Lafayette<\/p>\n<p><img loading=\"lazy\" decoding=\"async\" width=\"2048\" height=\"1152\" src=\"data:image\/svg+xml,%3Csvg%20xmlns=\" http:=\"\" alt=\"\" class=\"wp-image-196413\" data-lazy- data-lazy- data-lazy-src=\"https:\/\/www.europesays.com\/fr\/wp-content\/uploads\/2025\/11\/HD-terrace-patinoire-PBL_8708-1-1-edited-scaled.jpg\"\/><\/p>\n<p>La patinoire \u00e9ph\u00e9m\u00e8re sur le <strong>toit des Galeries Lafayette<\/strong> offre une vue imprenable sur tout Paris. C\u2019est l\u2019activit\u00e9 \u00e0 cocher dans votre bucket list de l\u2019hiver, avec bonnet en cachemire et stories \u00e0 la cl\u00e9. <a href=\"https:\/\/www.parisselectbook.com\/2025\/11\/15\/le-guide-de-noel-a-paris-illuminations-feeriques-patinoires-en-rooftop-sapins-geants-et-tea-time-dexception\/\" target=\"_blank\" rel=\"noopener\">En savoir plus sur les Popo-UPS stars de No\u00ebl <\/a><br \/>\ud83d\udccd<strong>40 Boulevard Haussmann, 75009 Paris<\/strong><\/p>\n<p>Prendre l\u2019ap\u00e9ro face Tour Eiffel sur le rooftop du Canopy by Hilton<\/p>\n<p><img loading=\"lazy\" decoding=\"async\" width=\"2048\" height=\"1152\" src=\"data:image\/svg+xml,%3Csvg%20xmlns=\" http:=\"\" alt=\"\" class=\"wp-image-198890\" data-lazy- data-lazy- data-lazy-src=\"https:\/\/www.europesays.com\/fr\/wp-content\/uploads\/2025\/11\/DSC07364-edited-scaled.jpg\"\/><\/p>\n<p>Face \u00e0 la Tour Eiffel, ce <strong><a href=\"https:\/\/www.hilton.com\/fr\/hotels\/parpypy-canopy-paris-eiffel-tower\/\" target=\"_blank\" rel=\"noreferrer noopener\">rooftop confidentiel<\/a><\/strong> attire une client\u00e8le pointue qui \u00e9vite la foule du Trocad\u00e9ro. Cocktails travaill\u00e9s, ambiance feutr\u00e9e et vue spectaculaire : l\u2019adresse ap\u00e9ro qui coche toutes les cases snob.<a href=\"https:\/\/www.parisselectbook.com\/2025\/11\/29\/lhotel-canopy-by-hilton-paris-eiffel-tower-metamorphose-son-rooftop-avec-la-bulle-soleil-dhiver\/\" target=\"_blank\" rel=\"noopener\">En savoir plus par ici <\/a><br \/>\ud83d\udccd<strong>16 Avenue d\u2019Eylau, 75116 Paris<\/strong><\/p>\n<p>Se poser au caf\u00e9 de la rose Lanc\u00f4me sur les Champs-\u00c9lys\u00e9es <\/p>\n<p><img loading=\"lazy\" decoding=\"async\" width=\"880\" height=\"517\" src=\"data:image\/svg+xml,%3Csvg%20xmlns=\" http:=\"\" alt=\"\" class=\"wp-image-196866\" data-lazy- data-lazy- data-lazy-src=\"https:\/\/www.europesays.com\/fr\/wp-content\/uploads\/2025\/11\/Lancome-rose-agora--880x517.png\"\/><\/p>\n<p>Le nouveau flagship <strong>Lanc\u00f4me<\/strong> a ouvert une adresse hybride ultra chic, entre boutique beaut\u00e9 et caf\u00e9. On y go\u00fbte des p\u00e2tisseries sign\u00e9es par de grands noms, dans un cadre blanc immacul\u00e9. <a href=\"https:\/\/www.parisselectbook.com\/2025\/11\/18\/etienne-leroy-nouveau-talent-du-cafe-de-la-rose-lancome-sur-les-champs-elysees\/\" target=\"_blank\" rel=\"noopener\">Plus d\u2019infos dans notre article<\/a>\u2026 <br \/>\ud83d\udccd<strong>52 Avenue des Champs-\u00c9lys\u00e9es, 75008 Paris<\/strong><\/p>\n<p>D\u00eener au Caff\u00e8 Stern, d\u00e9cor\u00e9 par Philippe Starck <\/p>\n<p><img loading=\"lazy\" decoding=\"async\" width=\"1280\" height=\"720\" src=\"data:image\/svg+xml,%3Csvg%20xmlns=\" http:=\"\" alt=\"\" class=\"wp-image-198928\" data-lazy- data-lazy- data-lazy-src=\"https:\/\/www.europesays.com\/fr\/wp-content\/uploads\/2025\/11\/caffe-stern-1-1-edited.webp.webp\"\/><\/p>\n<p>Derri\u00e8re une devanture discr\u00e8te du <strong>Passage des Panoramas<\/strong>, le <strong>Caff\u00e8 Stern<\/strong> s\u00e9duit par son d\u00e9cor th\u00e9\u00e2tral sign\u00e9 <strong>Philippe Starck<\/strong>. L\u2019assiette, elle, propose une cuisine italienne haut de gamme, id\u00e9ale pour une soir\u00e9e entre initi\u00e9s. <a href=\"https:\/\/www.parisselectbook.com\/2025\/11\/29\/caffe-stern-lelegance-venitienne-signee-starck-dans-un-ecrin-confidentiel-a-paris\/\" target=\"_blank\" rel=\"noopener\">Toutes les infos ici <\/a><br \/>\ud83d\udccd<strong>47 Passage des Panoramas, 75002 Paris<\/strong><\/p>\n<p>Vous aimerez \u00e9galement les articles :<br \/><a href=\"https:\/\/www.parisselectbook.com\/2025\/10\/27\/les-10-snobismes-de-la-parisienne-pour-traverser-lhiver-avec-style-partie-1\/\" target=\"_blank\" rel=\"noopener\">Partie 1<\/a><br \/><a href=\"https:\/\/www.parisselectbook.com\/2025\/11\/07\/les-10-snobismes-de-la-parisienne-pour-traverser-lhiver-avec-style-partie-2\/\" target=\"_blank\" rel=\"noopener\">Partie 2 <\/a><\/p>\n","protected":false},"excerpt":{"rendered":"\u00c0 Paris, No\u00ebl n\u2019est pas qu\u2019une f\u00eate, c\u2019est une mise en sc\u00e8ne magique. Et la Parisienne y joue&hellip;\n","protected":false},"author":2,"featured_media":569190,"comment_status":"","ping_status":"","sticky":false,"template":"","format":"standard","meta":{"footnotes":""},"categories":[1888],"tags":[1111,1928,11,1927,68249,1777,674,1011,27,2425,12,1926,626,1925,25,1340,6720],"class_list":{"0":"post-569189","1":"post","2":"type-post","3":"status-publish","4":"format-standard","5":"has-post-thumbnail","7":"category-paris","8":"tag-actu","9":"tag-actu-paris","10":"tag-actualites","11":"tag-actualites-paris","12":"tag-chic","13":"tag-eu","14":"tag-europe","15":"tag-fr","16":"tag-france","17":"tag-luxe","18":"tag-news","19":"tag-news-paris","20":"tag-paris","21":"tag-paris-news","22":"tag-republique-francaise","23":"tag-restaurant","24":"tag-shopping"},"share_on_mastodon":{"url":"https:\/\/pubeurope.com\/@fr\/115639544975642871","error":""},"_links":{"self":[{"href":"https:\/\/www.europesays.com\/fr\/wp-json\/wp\/v2\/posts\/569189","targetHints":{"allow":["GET"]}}],"collection":[{"href":"https:\/\/www.europesays.com\/fr\/wp-json\/wp\/v2\/posts"}],"about":[{"href":"https:\/\/www.europesays.com\/fr\/wp-json\/wp\/v2\/types\/post"}],"author":[{"embeddable":true,"href":"https:\/\/www.europesays.com\/fr\/wp-json\/wp\/v2\/users\/2"}],"replies":[{"embeddable":true,"href":"https:\/\/www.europesays.com\/fr\/wp-json\/wp\/v2\/comments?post=569189"}],"version-history":[{"count":0,"href":"https:\/\/www.europesays.com\/fr\/wp-json\/wp\/v2\/posts\/569189\/revisions"}],"wp:featuredmedia":[{"embeddable":true,"href":"https:\/\/www.europesays.com\/fr\/wp-json\/wp\/v2\/media\/569190"}],"wp:attachment":[{"href":"https:\/\/www.europesays.com\/fr\/wp-json\/wp\/v2\/media?parent=569189"}],"wp:term":[{"taxonomy":"category","embeddable":true,"href":"https:\/\/www.europesays.com\/fr\/wp-json\/wp\/v2\/categories?post=569189"},{"taxonomy":"post_tag","embeddable":true,"href":"https:\/\/www.europesays.com\/fr\/wp-json\/wp\/v2\/tags?post=569189"}],"curies":[{"name":"wp","href":"https:\/\/api.w.org\/{rel}","templated":true}]}}