{"id":569197,"date":"2025-11-30T16:19:11","date_gmt":"2025-11-30T16:19:11","guid":{"rendered":"https:\/\/www.europesays.com\/fr\/569197\/"},"modified":"2025-11-30T16:19:11","modified_gmt":"2025-11-30T16:19:11","slug":"sauver-des-vies-de-notre-dame-a-lukraine-les-robots-francais-colossus-plonges-dans-les-feux-de-la-guerre","status":"publish","type":"post","link":"https:\/\/www.europesays.com\/fr\/569197\/","title":{"rendered":"\u00ab\u00a0Sauver des vies\u00a0\u00bb\u00a0: de Notre-Dame \u00e0 l\u2019Ukraine, les robots fran\u00e7ais Colossus plong\u00e9s dans les feux de la guerre"},"content":{"rendered":"<p class=\"paragraph text_align_left lp-f-body-02\">\u00ab Mes robots-pompiers vous ont \u00e9t\u00e9 utiles cette nuit ? \u00bb Cyrille Kabbara, directeur de la PME fran\u00e7aise Shark Robotics, glisse la question avec une poign\u00e9e de mains en rencontrant, ce mardi, les repr\u00e9sentants des pompiers ukrainiens \u00e0 Kiev. Dans la nuit du 24 au 25 novembre,<a href=\"https:\/\/www.leparisien.fr\/international\/ukraine\/menace-de-missiles-sur-toute-lukraine-la-russie-a-lance-cette-nuit-une-nouvelle-serie-dattaques-aeriennes-25-11-2025-W25FO4OL5JCXPO7JCYHGYIC57E.php\" target=\"_self\" rel=\"noopener\"> 460 drones russes et 22 missiles<\/a> ont cibl\u00e9 le pays. <\/p>\n<p class=\"paragraph text_align_left lp-f-body-02\">Toute la nuit, les soldats du feu sont intervenus sur des dizaines de sites \u00e0 Kiev et dans plusieurs villes du pays, apr\u00e8s ce que le minist\u00e8re ukrainien de l\u2019\u00c9nergie a qualifi\u00e9 d\u2019\u00ab attaque massive combin\u00e9e contre les infrastructures \u00e9nerg\u00e9tiques \u00bb du pays.<\/p>\n","protected":false},"excerpt":{"rendered":"\u00ab Mes robots-pompiers vous ont \u00e9t\u00e9 utiles cette nuit ? \u00bb Cyrille Kabbara, directeur de la PME fran\u00e7aise&hellip;\n","protected":false},"author":2,"featured_media":569198,"comment_status":"","ping_status":"","sticky":false,"template":"","format":"standard","meta":{"footnotes":""},"categories":[1590],"tags":[11,1777,674,14,12,220],"class_list":{"0":"post-569197","1":"post","2":"type-post","3":"status-publish","4":"format-standard","5":"has-post-thumbnail","7":"category-ukraine","8":"tag-actualites","9":"tag-eu","10":"tag-europe","11":"tag-international","12":"tag-news","13":"tag-ukraine"},"share_on_mastodon":{"url":"https:\/\/pubeurope.com\/@fr\/115639560733629527","error":""},"_links":{"self":[{"href":"https:\/\/www.europesays.com\/fr\/wp-json\/wp\/v2\/posts\/569197","targetHints":{"allow":["GET"]}}],"collection":[{"href":"https:\/\/www.europesays.com\/fr\/wp-json\/wp\/v2\/posts"}],"about":[{"href":"https:\/\/www.europesays.com\/fr\/wp-json\/wp\/v2\/types\/post"}],"author":[{"embeddable":true,"href":"https:\/\/www.europesays.com\/fr\/wp-json\/wp\/v2\/users\/2"}],"replies":[{"embeddable":true,"href":"https:\/\/www.europesays.com\/fr\/wp-json\/wp\/v2\/comments?post=569197"}],"version-history":[{"count":0,"href":"https:\/\/www.europesays.com\/fr\/wp-json\/wp\/v2\/posts\/569197\/revisions"}],"wp:featuredmedia":[{"embeddable":true,"href":"https:\/\/www.europesays.com\/fr\/wp-json\/wp\/v2\/media\/569198"}],"wp:attachment":[{"href":"https:\/\/www.europesays.com\/fr\/wp-json\/wp\/v2\/media?parent=569197"}],"wp:term":[{"taxonomy":"category","embeddable":true,"href":"https:\/\/www.europesays.com\/fr\/wp-json\/wp\/v2\/categories?post=569197"},{"taxonomy":"post_tag","embeddable":true,"href":"https:\/\/www.europesays.com\/fr\/wp-json\/wp\/v2\/tags?post=569197"}],"curies":[{"name":"wp","href":"https:\/\/api.w.org\/{rel}","templated":true}]}}