{"id":569203,"date":"2025-11-30T16:22:18","date_gmt":"2025-11-30T16:22:18","guid":{"rendered":"https:\/\/www.europesays.com\/fr\/569203\/"},"modified":"2025-11-30T16:22:18","modified_gmt":"2025-11-30T16:22:18","slug":"tennis-de-table-lallemagne-la-roumanie-et-le-bresil-au-programme-des-bleus-lors-de-la-coupe-du-monde-par-equipes-mixtes","status":"publish","type":"post","link":"https:\/\/www.europesays.com\/fr\/569203\/","title":{"rendered":"Tennis de table\u00a0: l\u2019Allemagne, la Roumanie et le Br\u00e9sil au programme des Bleus lors de la Coupe du monde par \u00e9quipes mixtes"},"content":{"rendered":"<p class=\"paragraph text_align_left lp-f-body-02\">Ce samedi, le tirage au sort de la Coupe du monde par \u00e9quipes mixtes de <a href=\"https:\/\/www.leparisien.fr\/sports\/tennis-de-table\/\" target=\"_blank\" rel=\"noreferrer noopener\">tennis de table<\/a> \u00e0 Chengdu, en Chine, a donn\u00e9 son verdict. L\u2019\u00e9quipe de France \u00e9vite les \u00e9quipes asiatiques et notamment la Chine mais elle devra affronter l\u2019Allemagne, la Roumanie et le Br\u00e9sil.<\/p>\n<p class=\"paragraph text_align_left lp-f-body-02\">Cette \u00e9dition 2025, du 30 novembre au 7 d\u00e9cembre, s\u2019annonce importante pour toutes les nations. Cette \u00e9preuve par \u00e9quipes mixtes fera son entr\u00e9e aux <a href=\"https:\/\/www.leparisien.fr\/sports\/JO\/\" target=\"_blank\" rel=\"noreferrer noopener\">Jeux olympiques<\/a> \u00e0 Los Angeles en 2028.<\/p>\n<p>La meilleure \u00e9quipe de France align\u00e9e<\/p>\n<p class=\"paragraph text_align_left lp-f-body-02\">Le directeur technique de la FFTT (F\u00e9d\u00e9ration Fran\u00e7aise de Tennis de Table), Jean-Nicolas Barelier, s\u2019est exprim\u00e9 \u00e0 ce sujet \u00e0 nos confr\u00e8res de <a href=\"https:\/\/www.lequipe.fr\/Tennis-de-table\/Article\/En-chine-l-equipe-de-france-de-tennis-de-table-va-preparer-les-jo-2028\/1613052\" target=\"_blank\" rel=\"noreferrer noopener\">L\u2019\u00c9quipe<\/a> : \u00ab Nous n\u2019aurons pas l\u2019opportunit\u00e9 de jouer cinquante fois sous ce format-l\u00e0, puisque ce n\u2019est qu\u2019une fois par an, donc on doit consid\u00e9rer que c\u2019est une r\u00e9p\u00e9tition des JO. Il faut commencer \u00e0 tester les combinaisons, et on le fait avec l\u2019\u00e9quipe qui nous para\u00eet aujourd\u2019hui la plus forte possible. \u00bb<\/p>\n<p class=\"paragraph text_align_left lp-f-body-02\">Septi\u00e8me l\u2019an pass\u00e9 avec \u00ab une \u00e9quipe bis \u00bb, l\u2019\u00e9quipe de France s\u2019engage cette ann\u00e9e dans cette Coupe du monde avec F\u00e9lix et Alexis Lebrun mais aussi Simon Gauzy, Charlotte Lutz, Prithika Pavade et Jianan Yuan.<\/p>\n<p class=\"paragraph text_align_left lp-f-body-02\"><b>Le programme de la phase de groupes de l\u2019\u00e9quipe de France<\/b><\/p>\n<p class=\"paragraph text_align_left lp-f-body-02\">France &#8211; Br\u00e9sil : dimanche 30 novembre \u00e0 19 heures<\/p>\n<p class=\"paragraph text_align_left lp-f-body-02\">Allemagne &#8211; France : lundi 1er d\u00e9cembre \u00e0 17 heures<\/p>\n<p class=\"paragraph text_align_left lp-f-body-02\">France &#8211; Roumanie : mardi 2 d\u00e9cembre \u00e0 10 heures<\/p>\n","protected":false},"excerpt":{"rendered":"Ce samedi, le tirage au sort de la Coupe du monde par \u00e9quipes mixtes de tennis de table&hellip;\n","protected":false},"author":2,"featured_media":569204,"comment_status":"","ping_status":"","sticky":false,"template":"","format":"standard","meta":{"footnotes":""},"categories":[1587],"tags":[11,672,1804,1805,1803,1777,674,1801,12,1802,60,16149],"class_list":{"0":"post-569203","1":"post","2":"type-post","3":"status-publish","4":"format-standard","5":"has-post-thumbnail","7":"category-allemagne","8":"tag-actualites","9":"tag-allemagne","10":"tag-bundesrepublik-deutschland","11":"tag-de","12":"tag-deutschland","13":"tag-eu","14":"tag-europe","15":"tag-germany","16":"tag-news","17":"tag-republique-federale-dallemagne","18":"tag-sports","19":"tag-tennis-de-table"},"share_on_mastodon":{"url":"https:\/\/pubeurope.com\/@fr\/115639572561340484","error":""},"_links":{"self":[{"href":"https:\/\/www.europesays.com\/fr\/wp-json\/wp\/v2\/posts\/569203","targetHints":{"allow":["GET"]}}],"collection":[{"href":"https:\/\/www.europesays.com\/fr\/wp-json\/wp\/v2\/posts"}],"about":[{"href":"https:\/\/www.europesays.com\/fr\/wp-json\/wp\/v2\/types\/post"}],"author":[{"embeddable":true,"href":"https:\/\/www.europesays.com\/fr\/wp-json\/wp\/v2\/users\/2"}],"replies":[{"embeddable":true,"href":"https:\/\/www.europesays.com\/fr\/wp-json\/wp\/v2\/comments?post=569203"}],"version-history":[{"count":0,"href":"https:\/\/www.europesays.com\/fr\/wp-json\/wp\/v2\/posts\/569203\/revisions"}],"wp:featuredmedia":[{"embeddable":true,"href":"https:\/\/www.europesays.com\/fr\/wp-json\/wp\/v2\/media\/569204"}],"wp:attachment":[{"href":"https:\/\/www.europesays.com\/fr\/wp-json\/wp\/v2\/media?parent=569203"}],"wp:term":[{"taxonomy":"category","embeddable":true,"href":"https:\/\/www.europesays.com\/fr\/wp-json\/wp\/v2\/categories?post=569203"},{"taxonomy":"post_tag","embeddable":true,"href":"https:\/\/www.europesays.com\/fr\/wp-json\/wp\/v2\/tags?post=569203"}],"curies":[{"name":"wp","href":"https:\/\/api.w.org\/{rel}","templated":true}]}}