{"id":569207,"date":"2025-11-30T16:24:23","date_gmt":"2025-11-30T16:24:23","guid":{"rendered":"https:\/\/www.europesays.com\/fr\/569207\/"},"modified":"2025-11-30T16:24:23","modified_gmt":"2025-11-30T16:24:23","slug":"plus-de-22-milliards-deuros-lagence-spatiale-europeenne-esa-obtient-un-budget-record-de-lue","status":"publish","type":"post","link":"https:\/\/www.europesays.com\/fr\/569207\/","title":{"rendered":"Plus de 22 milliards d&rsquo;euros : l\u2019agence spatiale europ\u00e9enne (ESA) obtient un budget record de l&rsquo;UE"},"content":{"rendered":"<p>Les ministres europ\u00e9ens ont accord\u00e9 cinq milliards d\u2019euros de plus qu\u2019en 2022 \u00e0 l\u2019agence spatiale europ\u00e9enne (ESA). C\u2019est une <strong>hausse de 32% en trois ans<\/strong>, mais r\u00e9duite \u00e0 17% en tenant compte de l\u2019inflation. C\u2019est ce dont l\u2019agence esp\u00e9rait dans un <strong>paysage spatial largement domin\u00e9 par les Etats-Unis<\/strong>. Cette ann\u00e9e, <a href=\"https:\/\/www.capital.fr\/economie-politique\/lavion-supersonique-x-59-une-revolution-a-bas-bruit-de-lockheed-martin-et-de-la-nasa-1520325\" target=\"_blank\" rel=\"noopener\">la NASA<\/a> d\u00e9pensera encore trois fois plus.<\/p>\n<p>L\u2019Allemagne va contribuer \u00e0 hauteur de 5 milliards d\u2019euros, loin devant la France, qui figure en deuxi\u00e8me position des financeurs, avec 3,6 milliards d\u2019euros <a href=\"https:\/\/www.capital.fr\/entreprises-marches\/on-a-besoin-d-action-tres-vite-nicolas-bouzou-pointe-du-doigt-le-retard-pris-par-leurope-dans-la-course-a-lespace-1520731\" target=\"_blank\" rel=\"noopener\">allou\u00e9s \u00e0 l\u2019ESA<\/a>.<\/p>\n<p>22,1 milliards d\u2019euros : pour quels projets ?<\/p>\n<p>La plus grosse part du budget (20%) sera consacr\u00e9e au transport spatial, avec <strong>4,4 milliards d\u2019euros pour le d\u00e9veloppement des fus\u00e9es Ariane 6 et Vega-C<\/strong>, au soutien de futurs lanceurs priv\u00e9s et \u00e0 l\u2019am\u00e9lioration des infrastructures de la base de Kourou, d\u00e9taille l\u2019ESA sur son site Internet.<\/p>\n<p>Le programme ERS, la \u00abr\u00e9silience europ\u00e9enne depuis l\u2019espace\u00bb, se dotera d\u20191,35 milliard d\u2019euros qui doivent garantir l\u2019ind\u00e9pendance europ\u00e9enne en mati\u00e8re d\u2019observation de la terre de navigation et de t\u00e9l\u00e9communications. Une urgence pour la s\u00e9curit\u00e9 du continent et la <strong>menace venant de l\u2019Est.<\/strong> Sans l\u2019aide des Etats-Unis, il est encore aujourd\u2019hui impossible de fournir \u00e0 l\u2019Ukraine des renseignements essentiels pour se d\u00e9fendre de l\u2019invasion russe.<\/p>\n","protected":false},"excerpt":{"rendered":"Les ministres europ\u00e9ens ont accord\u00e9 cinq milliards d\u2019euros de plus qu\u2019en 2022 \u00e0 l\u2019agence spatiale europ\u00e9enne (ESA). C\u2019est&hellip;\n","protected":false},"author":2,"featured_media":569208,"comment_status":"","ping_status":"","sticky":false,"template":"","format":"standard","meta":{"footnotes":""},"categories":[1586],"tags":[11,6447,386,1777,674,1779,3531,1011,27,68449,12,25,1778,364],"class_list":{"0":"post-569207","1":"post","2":"type-post","3":"status-publish","4":"format-standard","5":"has-post-thumbnail","7":"category-europe","8":"tag-actualites","9":"tag-esa","10":"tag-espace","11":"tag-eu","12":"tag-europe","13":"tag-european-union","14":"tag-financement","15":"tag-fr","16":"tag-france","17":"tag-fusu00e9e","18":"tag-news","19":"tag-republique-francaise","20":"tag-ue","21":"tag-union-europeenne"},"share_on_mastodon":{"url":"https:\/\/pubeurope.com\/@fr\/115639580347551509","error":""},"_links":{"self":[{"href":"https:\/\/www.europesays.com\/fr\/wp-json\/wp\/v2\/posts\/569207","targetHints":{"allow":["GET"]}}],"collection":[{"href":"https:\/\/www.europesays.com\/fr\/wp-json\/wp\/v2\/posts"}],"about":[{"href":"https:\/\/www.europesays.com\/fr\/wp-json\/wp\/v2\/types\/post"}],"author":[{"embeddable":true,"href":"https:\/\/www.europesays.com\/fr\/wp-json\/wp\/v2\/users\/2"}],"replies":[{"embeddable":true,"href":"https:\/\/www.europesays.com\/fr\/wp-json\/wp\/v2\/comments?post=569207"}],"version-history":[{"count":0,"href":"https:\/\/www.europesays.com\/fr\/wp-json\/wp\/v2\/posts\/569207\/revisions"}],"wp:featuredmedia":[{"embeddable":true,"href":"https:\/\/www.europesays.com\/fr\/wp-json\/wp\/v2\/media\/569208"}],"wp:attachment":[{"href":"https:\/\/www.europesays.com\/fr\/wp-json\/wp\/v2\/media?parent=569207"}],"wp:term":[{"taxonomy":"category","embeddable":true,"href":"https:\/\/www.europesays.com\/fr\/wp-json\/wp\/v2\/categories?post=569207"},{"taxonomy":"post_tag","embeddable":true,"href":"https:\/\/www.europesays.com\/fr\/wp-json\/wp\/v2\/tags?post=569207"}],"curies":[{"name":"wp","href":"https:\/\/api.w.org\/{rel}","templated":true}]}}