{"id":569240,"date":"2025-11-30T16:46:21","date_gmt":"2025-11-30T16:46:21","guid":{"rendered":"https:\/\/www.europesays.com\/fr\/569240\/"},"modified":"2025-11-30T16:46:21","modified_gmt":"2025-11-30T16:46:21","slug":"patrick-bruel-papa-fier-il-devoile-le-projet-absolument-incroyable-de-son-fils-oscar","status":"publish","type":"post","link":"https:\/\/www.europesays.com\/fr\/569240\/","title":{"rendered":"Patrick Bruel, papa fier : il d\u00e9voile le \u00ab\u00a0projet absolument incroyable\u00a0\u00bb de son fils Oscar"},"content":{"rendered":"<p data-start=\"75\" data-end=\"548\">On conna\u00eet <strong>Patrick<br \/>\nBruel<\/strong> pour sa carri\u00e8re musicale, ses r\u00f4les au cin\u00e9ma ou<br \/>\nencore ses talents de joueur de poker. Pourtant, le r\u00f4le qui lui<br \/>\ntient le plus \u00e0 c\u0153ur reste celui de p\u00e8re. L\u2019interpr\u00e8te de<br \/>\nCasser la voix est \u00e0 la<br \/>\nt\u00eate d\u2019une petite famille soud\u00e9e, fruit de son histoire avec<br \/>\nl\u2019\u00e9crivaine et r\u00e9alisatrice <a href=\"https:\/\/www.closermag.fr\/people\/patrick-bruel-et-amanda-sthers-toujours-tres-proches-echanges-complices-ponctues-dune-mysterieuse-lettre-majuscule-3587599\" target=\"_blank\" rel=\"noopener\"><br \/>\nAmanda Sthers<\/a>. De leur union, c\u00e9l\u00e9br\u00e9e en 2004 et conclue \u00e0<br \/>\nl\u2019amiable en 2007, sont n\u00e9s deux gar\u00e7ons : <strong>Oscar<\/strong>,<br \/>\nl\u2019a\u00een\u00e9 n\u00e9 en 2003, et <strong>L\u00e9on<\/strong>, le cadet n\u00e9 en<br \/>\n2005.<\/p>\n<p data-start=\"550\" data-end=\"1222\">Pour leur offrir une enfance<br \/>\nloin des projecteurs fran\u00e7ais, Amanda Sthers a choisi de<br \/>\ns\u2019installer avec ses enfants \u00e0 Los Angeles. Malgr\u00e9 la distance,<br \/>\nPatrick Bruel a toujours veill\u00e9 \u00e0 maintenir un lien fort avec ses<br \/>\nfils, multipliant les voyages pour suivre leur \u00e9volution.<br \/>\nAujourd\u2019hui jeunes adultes, Oscar et L\u00e9on ont pris des<br \/>\n<strong>chemins tr\u00e8s diff\u00e9rents<\/strong>. Deux univers distincts,<br \/>\nmais une m\u00eame source de fiert\u00e9 pour le chanteur, qui a partag\u00e9 ces<br \/>\nconfidences rares ce dimanche 30 novembre sur RFM, invit\u00e9 de<br \/>\nBernard Montiel.<\/p>\n<p>L\u00e9on Hesby : la rel\u00e8ve musicale<br \/>\nde Patrick Bruel<\/p>\n<p data-start=\"217\" data-end=\"898\">Patrick Bruel confirme que son<br \/>\ncadet, <a href=\"https:\/\/www.closermag.fr\/people\/patrick-bruel-pas-dormi-le-chanteur-pret-a-tout-pour-son-fils-leon-3502713\" target=\"_blank\" rel=\"noopener\"><br \/>\nL\u00e9on<\/a>, suit les traces de son p\u00e8re en poursuivant une<br \/>\n<strong>carri\u00e8re musicale<\/strong> d\u00e9j\u00e0 bien lanc\u00e9e. \u00ab\u00a0Il<br \/>\ncontinue \u00e0 sortir des chansons de plus en plus chouettes. C\u2019est<br \/>\nbien, il fait un truc tr\u00e8s sympa l\u00e0. Il fait DJ en plus \u00e0 ses<br \/>\nheures perdues. Tr\u00e8s sympa ce qu\u2019il fait\u00a0\u00bb, se r\u00e9jouit le<br \/>\nchanteur, fier du talent de celui qui a choisi le pseudonyme L\u00e9on<br \/>\nHesby pour partager ses cr\u00e9ations.<\/p>\n<p data-start=\"217\" data-end=\"898\">Sur Instagram, le jeune homme<br \/>\npublie r\u00e9guli\u00e8rement des extraits de son travail, affirmant son<br \/>\nunivers artistique. Contrairement \u00e0 son fr\u00e8re a\u00een\u00e9 Oscar, moins<br \/>\nexpos\u00e9 sous les feux des projecteurs, L\u00e9on embrasse pleinement la<br \/>\nsc\u00e8ne et multiplie les <strong>projets<\/strong>.<\/p>\n<p>Oscar<br \/>\nBruel : l\u2019intellectuel en pleine ascension<\/p>\n<p data-start=\"963\" data-end=\"1962\"><a href=\"https:\/\/www.closermag.fr\/people\/patrick-bruel-celebre-en-douceur-l-anniversaire-de-son-fils-oscar-1380974\" target=\"_blank\" rel=\"noopener\"><br \/>\nOscar<\/a>, le fils a\u00een\u00e9, a pris un chemin diff\u00e9rent mais tout aussi<br \/>\nambitieux. Selon son profil LinkedIn, il est dipl\u00f4m\u00e9 d\u2019Emory<br \/>\nUniversity \u00e0 Atlanta et nourrit une passion pour <strong>le sport<br \/>\net les neurosciences<\/strong>. En 2023, il a fond\u00e9 B N-Hancement,<br \/>\nune structure d\u00e9di\u00e9e \u00e0 l\u2019optimisation de la performance sportive et<br \/>\ndu bien-\u00eatre mental gr\u00e2ce aux sciences du cerveau. En parall\u00e8le, il<br \/>\nanime <strong>un podcast et produit du contenu sur la performance<br \/>\nmentale<\/strong>, explorant comment le cerveau peut devenir un<br \/>\nlevier d\u2019excellence athl\u00e9tique.<\/p>\n<p data-start=\"963\" data-end=\"1962\">\u00ab\u00a0<strong>Il est en train de<br \/>\npr\u00e9parer un projet absolument incroyable. Il est m\u00eame en train<br \/>\nd\u2019\u00e9crire un livre<\/strong>\u00ab\u00a0, confie Patrick Bruel. Bien que<br \/>\nleur passion commune pour le sport ne soit ni le football ni le<br \/>\ntennis, p\u00e8re et fils partagent l\u2019amour du ping-pong, discipline que<br \/>\nPatrick pratiquait \u00e0 haut niveau et qu\u2019Oscar valorise aujourd\u2019hui<br \/>\ndans ses travaux. M\u00eame loin de la sc\u00e8ne musicale, Oscar prouve que<br \/>\nl\u2019intelligence et la discipline peuvent aussi faire vibrer la fibre<br \/>\nfamiliale.<\/p>\n","protected":false},"excerpt":{"rendered":"On conna\u00eet Patrick Bruel pour sa carri\u00e8re musicale, ses r\u00f4les au cin\u00e9ma ou encore ses talents de joueur&hellip;\n","protected":false},"author":2,"featured_media":569241,"comment_status":"","ping_status":"","sticky":false,"template":"","format":"standard","meta":{"footnotes":""},"categories":[8],"tags":[58,59,1011,27,5473],"class_list":{"0":"post-569240","1":"post","2":"type-post","3":"status-publish","4":"format-standard","5":"has-post-thumbnail","7":"category-divertissement","8":"tag-divertissement","9":"tag-entertainment","10":"tag-fr","11":"tag-france","12":"tag-patrick-bruel"},"share_on_mastodon":{"url":"https:\/\/pubeurope.com\/@fr\/115639666897248644","error":""},"_links":{"self":[{"href":"https:\/\/www.europesays.com\/fr\/wp-json\/wp\/v2\/posts\/569240","targetHints":{"allow":["GET"]}}],"collection":[{"href":"https:\/\/www.europesays.com\/fr\/wp-json\/wp\/v2\/posts"}],"about":[{"href":"https:\/\/www.europesays.com\/fr\/wp-json\/wp\/v2\/types\/post"}],"author":[{"embeddable":true,"href":"https:\/\/www.europesays.com\/fr\/wp-json\/wp\/v2\/users\/2"}],"replies":[{"embeddable":true,"href":"https:\/\/www.europesays.com\/fr\/wp-json\/wp\/v2\/comments?post=569240"}],"version-history":[{"count":0,"href":"https:\/\/www.europesays.com\/fr\/wp-json\/wp\/v2\/posts\/569240\/revisions"}],"wp:featuredmedia":[{"embeddable":true,"href":"https:\/\/www.europesays.com\/fr\/wp-json\/wp\/v2\/media\/569241"}],"wp:attachment":[{"href":"https:\/\/www.europesays.com\/fr\/wp-json\/wp\/v2\/media?parent=569240"}],"wp:term":[{"taxonomy":"category","embeddable":true,"href":"https:\/\/www.europesays.com\/fr\/wp-json\/wp\/v2\/categories?post=569240"},{"taxonomy":"post_tag","embeddable":true,"href":"https:\/\/www.europesays.com\/fr\/wp-json\/wp\/v2\/tags?post=569240"}],"curies":[{"name":"wp","href":"https:\/\/api.w.org\/{rel}","templated":true}]}}