{"id":569244,"date":"2025-11-30T16:48:12","date_gmt":"2025-11-30T16:48:12","guid":{"rendered":"https:\/\/www.europesays.com\/fr\/569244\/"},"modified":"2025-11-30T16:48:12","modified_gmt":"2025-11-30T16:48:12","slug":"ces-reglages-a-faire-des-maintenant-pour-eviter-lexplosion-de-votre-facture-en-2026","status":"publish","type":"post","link":"https:\/\/www.europesays.com\/fr\/569244\/","title":{"rendered":"ces r\u00e9glages \u00e0 faire d\u00e8s maintenant pour \u00e9viter l&rsquo;explosion de votre facture en 2026"},"content":{"rendered":"<p>L hiver 2026 se pr\u00e9pare d\u00e9j\u00e0 en toile de fond, avec en m\u00e9moire<br \/>\nplusieurs saisons marqu\u00e9es par la hausse des prix de l \u00e9nergie.<br \/>\nPour les foyers chauff\u00e9s au po\u00eale \u00e0 pellets, la question revient \u00e0<br \/>\nchaque automne : comment garder une maison confortable sans voir la<br \/>\npalette de sacs fondre \u00e0 vue d \u0153il ni faire exploser le budget<br \/>\nchauffage.<\/p>\n<p>Bonne nouvelle, il est possible de <strong>r\u00e9duire sa<br \/>\nconsommation de pellets<\/strong> sans grelotter, simplement en<br \/>\nagissant sur quelques r\u00e9glages, sur le choix des granul\u00e9s et sur l<br \/>\nisolation du logement. Certaines erreurs tr\u00e8s courantes peuvent<br \/>\nfaire grimper la consommation de pr\u00e8s d un cinqui\u00e8me sans que l on<br \/>\ns en rende compte. Tout se joue sur quelques r\u00e9glages et<br \/>\nhabitudes.<\/p>\n<p>R\u00e9duire sa consommation de pellets avec un po\u00eale bien<br \/>\nr\u00e9gl\u00e9<\/p>\n<p>Le premier levier se trouve directement sur votre <strong>po\u00eale<br \/>\n\u00e0 pellets<\/strong>. Beaucoup d utilisateurs laissent les param\u00e8tres<br \/>\nd usine, alors qu un appareil mal r\u00e9gl\u00e9 peut consommer jusqu \u00e0<br \/>\n<strong>20 %<\/strong> de pellets en plus par rapport \u00e0 un po\u00eale<br \/>\ncorrectement ajust\u00e9. Une puissance trop \u00e9lev\u00e9e fait monter<br \/>\nrapidement la temp\u00e9rature, puis le po\u00eale se coupe et red\u00e9marre sans<br \/>\ncesse, ce qui empile les allumages et br\u00fble du granul\u00e9 pour<br \/>\nrien.<\/p>\n<p>Un fonctionnement en puissance mod\u00e9r\u00e9e, qui maintient une<br \/>\nchaleur r\u00e9guli\u00e8re, reste beaucoup plus \u00e9conome. M\u00eame logique pour<br \/>\nla ventilation : un souffle trop fort chasse l air chaud et donne<br \/>\nune impression de courant d air, l\u00e0 o\u00f9 un d\u00e9bit adapt\u00e9 diffuse la<br \/>\nchaleur en douceur dans la pi\u00e8ce. Un entretien r\u00e9gulier compl\u00e8te ce<br \/>\nr\u00e9glage fin, en \u00e9liminant les r\u00e9sidus de combustion qui perturbent<br \/>\nle tirage et l efficacit\u00e9 du po\u00eale.<\/p>\n<p>Pellets de qualit\u00e9 et maison isol\u00e9e pour vraiment consommer<br \/>\nmoins<\/p>\n<p>Autre point souvent sous estim\u00e9, la qualit\u00e9 m\u00eame des granul\u00e9s.<br \/>\nTous les sacs ne se valent pas. Des pellets bon march\u00e9 peuvent<br \/>\ncontenir plus d humidit\u00e9 ou \u00eatre moins denses, ce qui entra\u00eene une<br \/>\ncombustion plus rapide et moins compl\u00e8te. A l inverse, des<br \/>\n<strong>pellets de qualit\u00e9<\/strong> certifi\u00e9s, par exemple ENplus<br \/>\nou DINplus, affichent une faible humidit\u00e9 et une haute densit\u00e9,<br \/>\ngages d une chaleur plus r\u00e9guli\u00e8re et d une consommation mieux<br \/>\nma\u00eetris\u00e9e. Sur une saison enti\u00e8re, ce simple choix peut faire<br \/>\nbaisser la quantit\u00e9 de sacs utilis\u00e9s d environ 10 \u00e0 15 %.<\/p>\n<p>Le logement joue lui aussi un r\u00f4le cl\u00e9. M\u00eame le meilleur po\u00eale<br \/>\nne peut pas rattraper des pertes de chaleur importantes. Calfeutrer<br \/>\nportes et fen\u00eatres avec des joints en bon \u00e9tat limite les<br \/>\ninfiltrations d air froid. Isoler les murs et surtout les combles<br \/>\nreste d\u00e9cisif, car jusqu \u00e0 <strong>30 %<\/strong> de la chaleur peut<br \/>\ns \u00e9chapper par le toit d une maison peu isol\u00e9e. Tant qu \u00e0 faire,<br \/>\nmieux vaut aussi stocker les sacs de pellets dans un endroit sec, \u00e0<br \/>\nl abri des remont\u00e9es d humidit\u00e9, pour pr\u00e9server leur pouvoir<br \/>\ncalorifique tout l hiver.<\/p>\n<p>Astuces de chauffage \u00e0 adopter d\u00e8s<br \/>\nmaintenant pour r\u00e9duire les pellets<\/p>\n<p>Au del\u00e0 du mat\u00e9riel, les habitudes quotidiennes p\u00e8sent lourd sur<br \/>\nla facture. La gestion de la temp\u00e9rature en particulier. Viser une<br \/>\nchaleur stable autour de 19 ou 20 degr\u00e9s dans les pi\u00e8ces de vie<br \/>\npermet de rester \u00e0 l aise tout en limitant la consommation. Chaque<br \/>\ndegr\u00e9 suppl\u00e9mentaire peut entra\u00eener une surconsommation d environ<br \/>\n<strong>7 %<\/strong>, surtout si l on garde 22 degr\u00e9s en continu.<br \/>\nProgrammer le po\u00eale pour qu il d\u00e9marre juste avant les heures de<br \/>\npr\u00e9sence, puis qu il baisse en votre absence, \u00e9vite de chauffer une<br \/>\nmaison vide.<\/p>\n<p>Quelques r\u00e9flexes simples font la diff\u00e9rence au fil des semaines<br \/>\n:<\/p>\n<ul>\n<li>maintenir une temp\u00e9rature de consigne mod\u00e9r\u00e9e et stable, autour<br \/>\nde 19 \u00e0 20 degr\u00e9s dans la journ\u00e9e<\/li>\n<li>r\u00e9duire la temp\u00e9rature la nuit et fermer les portes des pi\u00e8ces<br \/>\ninutilis\u00e9es pour concentrer la chaleur o\u00f9 l on vit vraiment<\/li>\n<li>adapter vos horaires de chauffe gr\u00e2ce \u00e0 la programmation<br \/>\nint\u00e9gr\u00e9e du po\u00eale<\/li>\n<\/ul>\n<p>Fermer les portes limite la dispersion de la chaleur, tout comme<br \/>\nle fait de ne pas obstruer le po\u00eale avec des meubles trop proches<br \/>\nqui bloquent la circulation de l air chaud. En combinant ces gestes<br \/>\navec un bon r\u00e9glage, des granul\u00e9s performants et une isolation<br \/>\nsoign\u00e9e, <strong>r\u00e9duire sa consommation de pellets<\/strong><br \/>\ndevient \u00e0 la fois un moyen de prot\u00e9ger son budget et un choix plus<br \/>\nrespectueux de l environnement pour les hivers qui viennent, dont<br \/>\ncelui de 2026.<\/p>\n","protected":false},"excerpt":{"rendered":"L hiver 2026 se pr\u00e9pare d\u00e9j\u00e0 en toile de fond, avec en m\u00e9moire plusieurs saisons marqu\u00e9es par la&hellip;\n","protected":false},"author":2,"featured_media":569245,"comment_status":"","ping_status":"","sticky":false,"template":"","format":"standard","meta":{"footnotes":""},"categories":[6],"tags":[68363,1003,35,33,30492,34,1011,27,6736,2142],"class_list":{"0":"post-569244","1":"post","2":"type-post","3":"status-publish","4":"format-standard","5":"has-post-thumbnail","7":"category-economie","8":"tag-astuces-pratiques","9":"tag-budget","10":"tag-business","11":"tag-economie","12":"tag-economies","13":"tag-economy","14":"tag-fr","15":"tag-france","16":"tag-hiver","17":"tag-maison"},"share_on_mastodon":{"url":"https:\/\/pubeurope.com\/@fr\/115639674742823970","error":""},"_links":{"self":[{"href":"https:\/\/www.europesays.com\/fr\/wp-json\/wp\/v2\/posts\/569244","targetHints":{"allow":["GET"]}}],"collection":[{"href":"https:\/\/www.europesays.com\/fr\/wp-json\/wp\/v2\/posts"}],"about":[{"href":"https:\/\/www.europesays.com\/fr\/wp-json\/wp\/v2\/types\/post"}],"author":[{"embeddable":true,"href":"https:\/\/www.europesays.com\/fr\/wp-json\/wp\/v2\/users\/2"}],"replies":[{"embeddable":true,"href":"https:\/\/www.europesays.com\/fr\/wp-json\/wp\/v2\/comments?post=569244"}],"version-history":[{"count":0,"href":"https:\/\/www.europesays.com\/fr\/wp-json\/wp\/v2\/posts\/569244\/revisions"}],"wp:featuredmedia":[{"embeddable":true,"href":"https:\/\/www.europesays.com\/fr\/wp-json\/wp\/v2\/media\/569245"}],"wp:attachment":[{"href":"https:\/\/www.europesays.com\/fr\/wp-json\/wp\/v2\/media?parent=569244"}],"wp:term":[{"taxonomy":"category","embeddable":true,"href":"https:\/\/www.europesays.com\/fr\/wp-json\/wp\/v2\/categories?post=569244"},{"taxonomy":"post_tag","embeddable":true,"href":"https:\/\/www.europesays.com\/fr\/wp-json\/wp\/v2\/tags?post=569244"}],"curies":[{"name":"wp","href":"https:\/\/api.w.org\/{rel}","templated":true}]}}