{"id":56925,"date":"2025-04-27T13:42:08","date_gmt":"2025-04-27T13:42:08","guid":{"rendered":"https:\/\/www.europesays.com\/fr\/56925\/"},"modified":"2025-04-27T13:42:08","modified_gmt":"2025-04-27T13:42:08","slug":"lille-300-000-personnes-pres-de-450-policiers-4-arrestations-le-bilan-securite-de-la-parade-de-samedi","status":"publish","type":"post","link":"https:\/\/www.europesays.com\/fr\/56925\/","title":{"rendered":"Lille. 300 000 personnes, pr\u00e8s de 450 policiers, 4 arrestations\u2026 Le bilan s\u00e9curit\u00e9 de la parade de samedi"},"content":{"rendered":"<p>            Par<br \/>\n        <strong><br \/>\n            <a href=\"https:\/\/actu.fr\/auteur\/amandine-vachez\" title=\"Consulter tous les articles de Amandine Vachez\" target=\"_blank\" rel=\"noopener\">Amandine Vachez<\/a><br \/>\n        <\/strong><\/p>\n<p>        Publi\u00e9 le<\/p>\n<p>            27 avr. 2025 \u00e0 15h30        <\/p>\n<p>La <b>grande parade de lille3000 \u00ab\u2009Fiesta\u2009\u00bb <\/b>(voir notre article <a href=\"https:\/\/actu.fr\/hauts-de-france\/lille_59350\/photos-et-videos-lille-nos-plus-belles-images-de-la-parade-fiesta-de-lille3000_62563772.html\" target=\"_blank\" rel=\"noopener\">en images par ici<\/a>), qui s\u2019est d\u00e9roul\u00e9e ce <b>samedi 26\u00a0avril 2025<\/b> dans le centre-ville de <b>Lille<\/b> (Nord), a rassembl\u00e9 environ <b>300\u2009000\u00a0personnes.<\/b> Le tout \u00ab\u2009dans un climat festif et serein\u2009\u00bb, appuie la pr\u00e9fecture du Nord, dans un bilan global de cette \u00e9dition, c\u00f4t\u00e9 <b>s\u00e9curit\u00e9.<\/b><\/p>\n<p>Pr\u00e8s de 450 policiers pour s\u00e9curiser la parade, en plus d\u2019agents de s\u00e9curit\u00e9, militaires et secouristes<\/p>\n<p class=\" wall-content\">\u00ab\u2009Afin de garantir la s\u00e9curit\u00e9 de tous et le bon d\u00e9roulement de cette manifestation d\u2019envergure, un important dispositif de s\u00e9curit\u00e9 et de secours a \u00e9t\u00e9 d\u00e9ploy\u00e9\u2009\u00bb, pr\u00e9cise la pr\u00e9fecture du Nord. <b>Pr\u00e8s de 1\u2009000 forces de s\u00e9curit\u00e9 <\/b>et de secours \u00e9taient sur le terrain, avec\u2009:<\/p>\n<ul class=\" wall-content\">\n<li>395 policiers nationaux et CRS,<\/li>\n<li>49 policiers municipaux,<\/li>\n<li>75 militaires de l\u2019op\u00e9ration Sentinelle,<\/li>\n<li>119 agents de s\u00e9curit\u00e9 priv\u00e9e,<\/li>\n<li>90 sapeurs-pompiers du SDIS du Nord,<\/li>\n<li>115 membres des associations agr\u00e9\u00e9es de s\u00e9curit\u00e9 civile.<\/li>\n<\/ul>\n<p class=\" wall-content\">Le Centre Op\u00e9rationnel D\u00e9partemental (COD) a \u00e9t\u00e9 activ\u00e9 en pr\u00e9fecture du Nord de 15\u2009h \u00e0 1\u2009h \u00ab\u2009pour piloter et coordonner l\u2019ensemble des dispositifs de s\u00e9curit\u00e9, de secours et de transport.\u2009\u00bb<\/p>\n<p>      <img   decoding=\"async\" loading=\"lazy\" class=\"size-large\" src=\"https:\/\/www.europesays.com\/fr\/wp-content\/uploads\/2025\/04\/6e3051cb2e086524051cb2e0836405v-960x640.jpeg\" alt=\"Les CRS, policiers nationaux, municipaux et agents de s\u00e9curit\u00e9 priv\u00e9s ont assur\u00e9 la s\u00e9curisation de la grande parade de lille3000, le 26 avril.\" width=\"960\" height=\"640\"\/><br \/>\n    Les CRS, policiers nationaux, municipaux et agents de s\u00e9curit\u00e9 priv\u00e9s ont assur\u00e9 la s\u00e9curisation de la grande parade de lille3000, le 26\u00a0avril. \u00a9Amandine VachezQuatre interpellations, 63\u00a0personnes secourues, dont sept orient\u00e9es vers un h\u00f4pital<\/p>\n<p class=\" wall-content\">En mati\u00e8re d\u2019ordre public, \u00ab\u2009aucun \u00e9v\u00e9nement notable n\u2019est \u00e0 signaler.\u2009\u00bb<b> Quatre interpellations<\/b> ont \u00e9t\u00e9 r\u00e9alis\u00e9es. \u00ab\u2009Les services de secours, mobilis\u00e9s en nombre, ont pris en charge <b>63\u00a0personnes, dont sept ont \u00e9t\u00e9 orient\u00e9es vers un \u00e9tablissement hospitalier <\/b>pour une prise en charge en urgence relative\u2009\u00bb, relate la pr\u00e9fecture.<\/p>\n<p>Vid\u00e9os : en ce moment sur Actu<\/p>\n<p class=\" wall-content\"><a href=\"https:\/\/actu.fr\/hauts-de-france\/lille_59350\/le-nouveau-prefet-du-nord-et-des-hauts-de-france-a-pris-ses-fonctions-qui-est-bertrand-gaume_60659081.html\" target=\"_blank\" rel=\"noopener\">Bertrand Gaume<\/a>, pr\u00e9fet du Nord, salue \u00ab\u2009la forte mobilisation des services de l\u2019\u00c9tat, des forces de s\u00e9curit\u00e9 et de secours, ainsi que l\u2019engagement de la ville de Lille et de la M\u00e9tropole Europ\u00e9enne de Lille, qui ont pleinement contribu\u00e9 \u00e0 la r\u00e9ussite de cet \u00e9v\u00e9nement majeur.\u2009\u00bb<\/p>\n<p class=\" wall-content\">Suivez toute l\u2019actualit\u00e9 de vos villes et m\u00e9dias favoris en vous inscrivant \u00e0 <a href=\"https:\/\/moncompte.actu.fr\" title=\"D\u00e9couvez Mon Actu\" rel=\"nofollow noopener\" data-trk=\"{&quot;cta&quot;:{&quot;action&quot;:&quot;https:\\\/\\\/moncompte.actu.fr&quot;,&quot;category&quot;:&quot;mon compte&quot;,&quot;from&quot;:&quot;article footer&quot;,&quot;name&quot;:&quot;Mon actu&quot;,&quot;type&quot;:&quot;cta&quot;}}\" target=\"_blank\">Mon Actu<\/a>.<\/p>\n","protected":false},"excerpt":{"rendered":"Par Amandine Vachez Publi\u00e9 le 27 avr. 2025 \u00e0 15h30 La grande parade de lille3000 \u00ab\u2009Fiesta\u2009\u00bb (voir notre&hellip;\n","protected":false},"author":2,"featured_media":56926,"comment_status":"","ping_status":"","sticky":false,"template":"","format":"standard","meta":{"footnotes":""},"categories":[2815],"tags":[1111,11,1777,674,1011,27,811,1307,12,1072,1311,25,10965,104],"class_list":{"0":"post-56925","1":"post","2":"type-post","3":"status-publish","4":"format-standard","5":"has-post-thumbnail","7":"category-lille","8":"tag-actu","9":"tag-actualites","10":"tag-eu","11":"tag-europe","12":"tag-fr","13":"tag-france","14":"tag-hauts-de-france","15":"tag-lille","16":"tag-news","17":"tag-police","18":"tag-pompiers","19":"tag-republique-francaise","20":"tag-securite-civile","21":"tag-societe"},"share_on_mastodon":{"url":"https:\/\/pubeurope.com\/@fr\/114410222002275684","error":""},"_links":{"self":[{"href":"https:\/\/www.europesays.com\/fr\/wp-json\/wp\/v2\/posts\/56925","targetHints":{"allow":["GET"]}}],"collection":[{"href":"https:\/\/www.europesays.com\/fr\/wp-json\/wp\/v2\/posts"}],"about":[{"href":"https:\/\/www.europesays.com\/fr\/wp-json\/wp\/v2\/types\/post"}],"author":[{"embeddable":true,"href":"https:\/\/www.europesays.com\/fr\/wp-json\/wp\/v2\/users\/2"}],"replies":[{"embeddable":true,"href":"https:\/\/www.europesays.com\/fr\/wp-json\/wp\/v2\/comments?post=56925"}],"version-history":[{"count":0,"href":"https:\/\/www.europesays.com\/fr\/wp-json\/wp\/v2\/posts\/56925\/revisions"}],"wp:featuredmedia":[{"embeddable":true,"href":"https:\/\/www.europesays.com\/fr\/wp-json\/wp\/v2\/media\/56926"}],"wp:attachment":[{"href":"https:\/\/www.europesays.com\/fr\/wp-json\/wp\/v2\/media?parent=56925"}],"wp:term":[{"taxonomy":"category","embeddable":true,"href":"https:\/\/www.europesays.com\/fr\/wp-json\/wp\/v2\/categories?post=56925"},{"taxonomy":"post_tag","embeddable":true,"href":"https:\/\/www.europesays.com\/fr\/wp-json\/wp\/v2\/tags?post=56925"}],"curies":[{"name":"wp","href":"https:\/\/api.w.org\/{rel}","templated":true}]}}