{"id":569251,"date":"2025-11-30T16:52:13","date_gmt":"2025-11-30T16:52:13","guid":{"rendered":"https:\/\/www.europesays.com\/fr\/569251\/"},"modified":"2025-11-30T16:52:13","modified_gmt":"2025-11-30T16:52:13","slug":"travaux-dans-la-loire-plusieurs-voies-neutralisees-sur-la72-et-la-rn88-cette-semaine","status":"publish","type":"post","link":"https:\/\/www.europesays.com\/fr\/569251\/","title":{"rendered":"Travaux dans la Loire : plusieurs voies neutralis\u00e9es sur l&rsquo;A72 et la RN88 cette semaine\u00a0"},"content":{"rendered":"<p>Cette semaine, du lundi au jeudi, des interventions programm\u00e9es vont perturber la circulation entre Saint-\u00c9tienne, Andr\u00e9zieux et Saint-Chamond. Les automobilistes sont invit\u00e9s \u00e0 anticiper leurs trajets. On fait le point.<\/p>\n<p>Cette semaine, du lundi au jeudi, la circulation sera impact\u00e9e par des travaux sur deux axes majeurs de la Loire : l&rsquo;<b>A72<\/b> et la <b>RN88<\/b>.\u00a0<\/p>\n<p>Les op\u00e9rations se d\u00e9rouleront principalement en journ\u00e9e, avec des neutralisations de voies dans les deux sens.<\/p>\n<p>A72 entre Saint-\u00c9tienne et Andr\u00e9zieux-Bouth\u00e9on &#8211; relev\u00e9 de glissi\u00e8res\u00a0<\/p>\n<p>Les voies de gauche ou de droite seront neutralis\u00e9es, alternativement, dans les deux sens de circulation les journ\u00e9es du <b>lundi 1er<\/b>, du <b>mardi 2<\/b>, du <b>mercredi 3<\/b> et du <b>jeudi 4 d\u00e9cembre<\/b> de 9 \u00e0 16 heures.<\/p>\n<p>A72 La Fouillouse &#8211; relev\u00e9 terrain\u00a0<\/p>\n<p>Dans le sens <b>Saint-\u00c9tienne\/Clermont-Ferrand<\/b>, la voie de droite sera neutralis\u00e9e la journ\u00e9e du <b>mardi 2 d\u00e9cembre<\/b> de 9 \u00e0 16 heures.<\/p>\n<p>N88 La Ricamarie &#8211; am\u00e9nagements acoustiques\u00a0<\/p>\n<p>Dans le sens <b>Le Puy-en-Velay\/Saint-\u00c9tienne<\/b>, la bretelle de sortie n\u00b028 \u00ab La Ricamarie \u00bb est ferm\u00e9e \u00e0 la circulation de mani\u00e8re permanente jusqu&rsquo;au <b>19 d\u00e9cembre 2025<\/b>.<\/p>\n<p>N88 Saint-Chamond &#8211; am\u00e9nagement d&rsquo;un passage \u00e0 faune\u00a0<\/p>\n<p>Dans le sens <b>Saint-\u00c9tienne\/Lyon<\/b>, la voie de droite sera neutralis\u00e9e les journ\u00e9es du <b>lundi 1er<\/b>, du <b>mardi 2<\/b>, du <b>mercredi 3<\/b> et du <b>jeudi 4 d\u00e9cembre<\/b> de 9 \u00e0 16 heures.<\/p>\n<p>A47 Givors &#8211; entretien radar\u00a0<\/p>\n<p>Dans le sens <b>Lyon\/Saint-\u00c9tienne<\/b>, la voie de droite sera neutralis\u00e9e la journ\u00e9e du <b>lundi 1er d\u00e9cembre<\/b> de 9 \u00e0 16 heures.<\/p>\n<p>N488 Saint-\u00c9tienne &#8211; affaissement de chauss\u00e9e\u00a0<\/p>\n<p>La RN488 sera ferm\u00e9e \u00e0 la circulation les nuits du <b>lundi 1er<\/b>\u00a0et du <b>mardi 2 d\u00e9cembre<\/b> de 21 heures \u00e0 6 heures.<\/p>\n<p>Une d\u00e9viation locale sera mise en place via la N88 et la RM201 afin de rejoindre l&rsquo;A72 au niveau de l&rsquo;\u00e9changeur de Ratarieux.<\/p>\n<p><img loading=\"lazy\" decoding=\"async\" src=\"https:\/\/www.europesays.com\/fr\/wp-content\/uploads\/2025\/11\/1764521533_153_img\" width=\"350\" height=\"200\" border=\"0\" title=\"Un TGV OuiGo de la SNCF\"\/><\/p>\n<p>\u25baTransport<\/p>\n<p style=\"font-size: 22px;\"><b>Lyon-Bordeaux en \u00e9vitant l&rsquo;Auvergne : SNCF Voyageurs confirme le projet pol\u00e9mique<\/b><\/p>\n<p>SNCF Voyageurs a pr\u00e9sent\u00e9 son plan de d\u00e9veloppement&#8230;<\/p>\n<p><\/p>\n","protected":false},"excerpt":{"rendered":"Cette semaine, du lundi au jeudi, des interventions programm\u00e9es vont perturber la circulation entre Saint-\u00c9tienne, Andr\u00e9zieux et Saint-Chamond.&hellip;\n","protected":false},"author":2,"featured_media":569252,"comment_status":"","ping_status":"","sticky":false,"template":"","format":"standard","meta":{"footnotes":""},"categories":[9653],"tags":[15290,1111,11,17670,6955,2430,1777,674,1011,27,3367,12,25,15292,9669,4001,2086],"class_list":{"0":"post-569251","1":"post","2":"type-post","3":"status-publish","4":"format-standard","5":"has-post-thumbnail","7":"category-saint-etienne","8":"tag-a72","9":"tag-actu","10":"tag-actualites","11":"tag-andrzieux-bouthon","12":"tag-autoroute","13":"tag-auvergne-rhone-alpes","14":"tag-eu","15":"tag-europe","16":"tag-fr","17":"tag-france","18":"tag-loire","19":"tag-news","20":"tag-republique-francaise","21":"tag-rn88","22":"tag-saint-chamond","23":"tag-saint-etienne","24":"tag-travaux"},"share_on_mastodon":{"url":"https:\/\/pubeurope.com\/@fr\/115639691175019532","error":""},"_links":{"self":[{"href":"https:\/\/www.europesays.com\/fr\/wp-json\/wp\/v2\/posts\/569251","targetHints":{"allow":["GET"]}}],"collection":[{"href":"https:\/\/www.europesays.com\/fr\/wp-json\/wp\/v2\/posts"}],"about":[{"href":"https:\/\/www.europesays.com\/fr\/wp-json\/wp\/v2\/types\/post"}],"author":[{"embeddable":true,"href":"https:\/\/www.europesays.com\/fr\/wp-json\/wp\/v2\/users\/2"}],"replies":[{"embeddable":true,"href":"https:\/\/www.europesays.com\/fr\/wp-json\/wp\/v2\/comments?post=569251"}],"version-history":[{"count":0,"href":"https:\/\/www.europesays.com\/fr\/wp-json\/wp\/v2\/posts\/569251\/revisions"}],"wp:featuredmedia":[{"embeddable":true,"href":"https:\/\/www.europesays.com\/fr\/wp-json\/wp\/v2\/media\/569252"}],"wp:attachment":[{"href":"https:\/\/www.europesays.com\/fr\/wp-json\/wp\/v2\/media?parent=569251"}],"wp:term":[{"taxonomy":"category","embeddable":true,"href":"https:\/\/www.europesays.com\/fr\/wp-json\/wp\/v2\/categories?post=569251"},{"taxonomy":"post_tag","embeddable":true,"href":"https:\/\/www.europesays.com\/fr\/wp-json\/wp\/v2\/tags?post=569251"}],"curies":[{"name":"wp","href":"https:\/\/api.w.org\/{rel}","templated":true}]}}