{"id":569261,"date":"2025-11-30T16:58:12","date_gmt":"2025-11-30T16:58:12","guid":{"rendered":"https:\/\/www.europesays.com\/fr\/569261\/"},"modified":"2025-11-30T16:58:12","modified_gmt":"2025-11-30T16:58:12","slug":"un-nouveau-salon-pour-les-entrepreneurs-a-montpellier","status":"publish","type":"post","link":"https:\/\/www.europesays.com\/fr\/569261\/","title":{"rendered":"Un nouveau salon pour les entrepreneurs \u00e0 Montpellier"},"content":{"rendered":"<p>La Chambre de commerce et industrie de l\u2019H\u00e9rault organise, le 3\u00a0d\u00e9cembre prochain, La Place Cr\u00e9ative 2025, un salon nouveau format d\u00e9di\u00e9 \u00e0 la cr\u00e9ation\/reprise d\u2019entreprise, \u00e0 la croissance, l\u2019innovation et au financement. Il s\u2019adresse aux cr\u00e9ateurs, repreneurs et dirigeants d\u2019entreprise.<\/p>\n<p>Au programme conf\u00e9rences, ateliers flashs, rendez-vous professionnels individualis\u00e9s et r\u00e9seautage. <a href=\"https:\/\/www.laplacecreative.com\/\" class=\"spip_out\" rel=\"external noopener\" target=\"_blank\">Plus d\u2019informations<\/a> et <a href=\"https:\/\/server.matchmaking-studio.com\/fr\/entrepreneur\/\" class=\"spip_out\" rel=\"external noopener\" target=\"_blank\">inscriptions<\/a> en ligne.<\/p>\n<p>La Place Cr\u00e9ative. Le mercredi 3\u00a0d\u00e9cembre 2025, de 9 \u00e0 18 heures, au Parc des expositions de Montpellier, Hall B1, route de la Foire, \u00e0 P\u00e9rols.<\/p>\n","protected":false},"excerpt":{"rendered":"La Chambre de commerce et industrie de l\u2019H\u00e9rault organise, le 3\u00a0d\u00e9cembre prochain, La Place Cr\u00e9ative 2025, un salon&hellip;\n","protected":false},"author":2,"featured_media":373637,"comment_status":"","ping_status":"","sticky":false,"template":"","format":"standard","meta":{"footnotes":""},"categories":[9599],"tags":[1111,11,52321,1777,674,22942,1011,27,5701,2208,12,2680,25,19436],"class_list":{"0":"post-569261","1":"post","2":"type-post","3":"status-publish","4":"format-standard","5":"has-post-thumbnail","7":"category-montpellier","8":"tag-actu","9":"tag-actualites","10":"tag-chambre-de-commerce-et-dindustrie-de-lherault","11":"tag-eu","12":"tag-europe","13":"tag-evenementiel","14":"tag-fr","15":"tag-france","16":"tag-innovation","17":"tag-montpellier","18":"tag-news","19":"tag-occitanie","20":"tag-republique-francaise","21":"tag-reseaux"},"share_on_mastodon":{"url":"https:\/\/pubeurope.com\/@fr\/115639714413881538","error":""},"_links":{"self":[{"href":"https:\/\/www.europesays.com\/fr\/wp-json\/wp\/v2\/posts\/569261","targetHints":{"allow":["GET"]}}],"collection":[{"href":"https:\/\/www.europesays.com\/fr\/wp-json\/wp\/v2\/posts"}],"about":[{"href":"https:\/\/www.europesays.com\/fr\/wp-json\/wp\/v2\/types\/post"}],"author":[{"embeddable":true,"href":"https:\/\/www.europesays.com\/fr\/wp-json\/wp\/v2\/users\/2"}],"replies":[{"embeddable":true,"href":"https:\/\/www.europesays.com\/fr\/wp-json\/wp\/v2\/comments?post=569261"}],"version-history":[{"count":0,"href":"https:\/\/www.europesays.com\/fr\/wp-json\/wp\/v2\/posts\/569261\/revisions"}],"wp:featuredmedia":[{"embeddable":true,"href":"https:\/\/www.europesays.com\/fr\/wp-json\/wp\/v2\/media\/373637"}],"wp:attachment":[{"href":"https:\/\/www.europesays.com\/fr\/wp-json\/wp\/v2\/media?parent=569261"}],"wp:term":[{"taxonomy":"category","embeddable":true,"href":"https:\/\/www.europesays.com\/fr\/wp-json\/wp\/v2\/categories?post=569261"},{"taxonomy":"post_tag","embeddable":true,"href":"https:\/\/www.europesays.com\/fr\/wp-json\/wp\/v2\/tags?post=569261"}],"curies":[{"name":"wp","href":"https:\/\/api.w.org\/{rel}","templated":true}]}}