{"id":569266,"date":"2025-11-30T17:02:15","date_gmt":"2025-11-30T17:02:15","guid":{"rendered":"https:\/\/www.europesays.com\/fr\/569266\/"},"modified":"2025-11-30T17:02:15","modified_gmt":"2025-11-30T17:02:15","slug":"handballeur-et-star-des-reseaux-ce-rouennais-se-raconte-dans-un-livre","status":"publish","type":"post","link":"https:\/\/www.europesays.com\/fr\/569266\/","title":{"rendered":"handballeur et star des r\u00e9seaux, ce Rouennais se raconte dans un livre"},"content":{"rendered":"<p>                    Par<br \/>\n        <strong><br \/>\n            <a href=\"https:\/\/actu.fr\/auteur\/jessie-leclerc\" title=\"Consulter tous les articles de Jessie Leclerc\" target=\"_blank\" rel=\"noopener\">Jessie Leclerc<\/a><br \/>\n                    <\/strong><\/p>\n<p>        Publi\u00e9 le<\/p>\n<p>            30 nov. 2025 \u00e0 17h02        <\/p>\n<p>\u00c0 31\u00a0ans, <strong>Gauthier Mvumbi<\/strong>, \u00ab\u2009g\u00e9ant au grand c\u0153ur\u2009\u00bb, comme il a choisi d\u2019intituler son premier livre \u00e0 para\u00eetre en <strong>mars\u00a02026<\/strong>, cherche \u00e0 inspirer autant sur les terrains qu\u2019en dehors. Depuis bient\u00f4t trois ans, il \u00e9volue <a href=\"https:\/\/actu.fr\/normandie\/rouen_76540\/elles-s-entrainent-15-heures-par-semaine-le-quotidien-de-deux-jeunes-pros-au-rouen-handball_62243548.html\" target=\"_blank\" rel=\"noopener\">au Rouen Handball (RHB)<\/a> comme pivot, mais il est aussi membre de l\u2019\u00e9quipe nationale du Congo et assistant d\u2019\u00e9ducation en coll\u00e8ge. Et ces casquettes, il les cumule avec une \u00e9nergie contagieuse.<\/p>\n<p>Un livre n\u00e9 d\u2019un hasard\u2026 et d\u2019une blessure<\/p>\n<p class=\" wall-content\">\u00ab\u2009Si je n\u2019avais pas \u00e9t\u00e9 bless\u00e9 je n\u2019aurais jamais eu <a href=\"https:\/\/actu.fr\/normandie\/rouen_76540\/un-auteur-rouennais-devoile-une-bd-sur-les-secrets-du-pere-lachaise-le-plus-fascinant-cimetiere-de-france_61858460.html\" target=\"_blank\" rel=\"noopener\">l\u2019id\u00e9e d\u2019\u00e9crire un livre<\/a>\u2009\u00bb, explique Gauthier. Contact\u00e9 par une maison d\u2019\u00e9dition sur Instagram, \u00ab\u2009sans rien avoir demand\u00e9\u2009\u00bb, il finit par accepter. Il profite de sa longue <strong>p\u00e9riode d\u2019arr\u00eat<\/strong> pour se recentrer et raconter son histoire.<\/p>\n<p class=\" wall-content\"><strong>Cette blessure<\/strong>, Gauthier en parle justement dans les pages de son ouvrage\u2009: \u00ab\u2009En 15\u00a0ans, je n\u2019avais jamais \u00e9t\u00e9 bless\u00e9, alors \u00e7a a \u00e9t\u00e9 dur. Mais j\u2019ai su prendre le meilleur de cette \u00e9preuve\u2009\u00bb, d\u00e9taille le handballeur. \u00ab\u2009<strong>Il ne faut pas abandonner<\/strong>, les jeunes doivent comprendre l\u2019importance de ces moments-l\u00e0.\u2009\u00bb<\/p>\n<p>Une biographie sinc\u00e8re<\/p>\n<p class=\" wall-content\">Dans une centaine de pages, il raconte son histoire,<strong> \u00ab\u2009du petit Gauthier au grand d\u2019aujourd\u2019hui\u2009\u00bb<\/strong>. Le handball, qu\u2019il pratique depuis 2008 occupe une place importante dans sa vie et, forc\u00e9ment, dans son livre.<\/p>\n<p>    <img   decoding=\"async\" loading=\"lazy\" src=\"https:\/\/www.europesays.com\/fr\/wp-content\/uploads\/2025\/11\/livre-geant-au-grand-coeur-handball-rouen-960x640.jpeg\" alt=\"Nouveau d\u00e9fi plus qu'inattendu pour ce handballeur rouennais. Gauthier Mvumbi sort son premier livre.\" width=\"960\" height=\"640\"\/><br \/>\n    Nouveau d\u00e9fi plus qu\u2019inattendu pour ce handballeur rouennais. Gauthier Mvumbi sort son premier livre. (\u00a9Gauthier Mvumbi)<\/p>\n<p class=\" wall-content\">Mais il parle aussi de ses doutes, des obstacles et de r\u00e9silience.<\/p>\n<blockquote class=\"ac-article-quote wall-content\">\n<p>J&rsquo;ai abandonn\u00e9 deux fois dans ma vie : le foot, que je voulais pratiquer avant, et au centre de formation \u00e0 Cr\u00e9teil, puis plus jamais. La seule personne qui peut nous arr\u00eater, c&rsquo;est nous-m\u00eame.<\/p>\n<p>    <strong>Gauthier Mvumbi<\/strong><br \/>\n        Pivot dans l&rsquo;\u00e9quipe masculine du Rouen Handball (N1M)    <\/p><\/blockquote>\n<p class=\" wall-content\">C\u2019est une<strong> plong\u00e9e dans les coulisses<\/strong>\u2009: le stress, les doutes, les rencontres d\u00e9cisives\u2026 \u00ab\u2009Il a fallu sortir la foreuse. \u00c7a a \u00e9t\u00e9 une introspection. J\u2019ai travaill\u00e9 dessus pendant six mois\u2009\u00bb, avoue Gauthier.<\/p>\n<p>Votre r\u00e9gion, votre actu !<\/p>\n<p>Recevez chaque jour les infos qui comptent pour vous.<\/p>\n<p>\t<a href=\"https:\/\/actu.fr\/newsletter\" class=\"ac-btn ac-btn--corner ac-btn--medium ac-btn--blue800\" target=\"_blank\" rel=\"noopener\">S&rsquo;incrire<\/a><br \/>\nUn message universel<\/p>\n<p class=\" wall-content\">Si son histoire parle de sport, elle<strong> s\u2019adresse pourtant \u00e0 tous<\/strong>. \u00c0 son travail comme <a href=\"https:\/\/www.instagram.com\/gauthiermvumbi\/?hl=fr\" target=\"_blank\" rel=\"noopener\">sur les r\u00e9seaux sociaux<\/a>, Gauthier re\u00e7oit souvent des messages de <strong>jeunes qui manquent de confiance en eux<\/strong>. \u00ab\u2009C\u2019est grave de voir des ados de 13 ou 14\u00a0ans qui pensent qu\u2019ils n\u2019y arriveront jamais\u2009\u00bb, d\u00e9plore le sportif.<\/p>\n<p class=\" wall-content\">\u00ab\u2009Rien n\u2019est facile dans la vie, mais il n\u2019y a pas de barri\u00e8re physique ou mentale, c\u2019est nous qui d\u00e9cidons.\u2009\u00bb Il refuse les \u00e9tiquettes et encourage chacun \u00e0 suivre son propre chemin\u2009: \u00ab\u2009Je veux leur dire de <strong>faire ce qu\u2019ils aiment<\/strong>, m\u00eame s\u2019ils ne rentrent pas dans les cases\u2009\u00bb.<\/p>\n<p class=\" wall-content\">Gauthier esp\u00e8re que son livre pourra \u00eatre distribu\u00e9 dans les foyers, centres sociaux <a href=\"https:\/\/actu.fr\/normandie\/le-havre_76351\/rire-pour-guerir-a-l-hopital-jacques-monod-des-clowns-apportent-un-peu-d-amusement-aux-enfants_62657238.html\" target=\"_blank\" rel=\"noopener\">et h\u00f4pitaux<\/a>, partout o\u00f9<strong> son histoire pourrait aider<\/strong>. \u00ab\u2009Car ce n\u2019est pas que du sport. C\u2019est l\u2019histoire d\u2019un gamin qui n\u2019avait pas de r\u00eave et qui s\u2019est forg\u00e9 peu \u00e0 peu, malgr\u00e9 les difficult\u00e9s\u2009\u00bb, affirme-t-il.<\/p>\n<p>Transmettre plus que plaire<\/p>\n<p class=\" wall-content\">Il ne s\u2019inqui\u00e8te pas de la critique. \u00ab\u2009L\u2019appr\u00e9ciation je m\u2019en moque. Je veux transmettre mes valeurs\u2009\u00bb, insiste-t-il.<\/p>\n<p class=\" wall-content\">Ses proches l\u2019encouragent \u00e9norm\u00e9ment. Il se souvient d\u2019une phrase qui l\u2019a marqu\u00e9. \u00ab\u2009Un ami m\u2019a dit, \u2018Gauthier tu m\u2019\u00e9pateras toujours\u2019. \u00c7a m\u2019a touch\u00e9\u2009\u00bb, sourit le handballeur. \u00ab\u2009Il faut dire que<strong> l\u2019\u00e9criture ce n\u2019est pas mon truc de base<\/strong>\u2009\u00bb, s\u2019\u00e9tonne-t-il encore.<\/p>\n<blockquote class=\"ac-article-quote wall-content\">\n<p>Pour moi les \u00e9crivains, c&rsquo;est Victor Hugo, pas Gauthier Mvumbi !\n<\/p>\n<p>    <strong>Gauthier Mvumbi<\/strong><br \/>\n        Pivot dans l&rsquo;\u00e9quipe masculine du Rouen Handball (N1M)    <\/p><\/blockquote>\n<p class=\" wall-content\">Mais pour assurer la publication de son livre, <strong>150 pr\u00e9commandes sont n\u00e9cessaires<\/strong>, d\u2019ici 20\u00a0jours. Toutes seront d\u00e9dicac\u00e9es.<\/p>\n<p>Et maintenant, le retour \u00e0 la comp\u00e9tition<\/p>\n<p class=\" wall-content\">Gauthier pr\u00e9voit de <strong>retrouver les terrains vers f\u00e9vrier\u00a02026<\/strong>, apr\u00e8s un an d\u2019arr\u00eat. Et il a h\u00e2te\u2009: \u00ab\u2009\u00e0 31\u00a0ans, chaque ann\u00e9e compte, \u00e7a a \u00e9t\u00e9 beaucoup de remises en question. Mais<strong> le plaisir reste<\/strong> donc je continue\u2009\u00bb, r\u00e9v\u00e8le-t-il.<\/p>\n<p class=\" wall-content\">\u00ab\u2009Je\u00a0suis excit\u00e9 \u00e0 l\u2019id\u00e9e de reprendre la comp\u00e9tition\u2009\u00bb, s\u2019impatiente le sportif.<\/p>\n<p>\u00ab\u2009Le G\u00e9ant au grand c\u0153ur\u2009\u00bb, aux \u00e9ditions DashBook, en librairie en mars\u00a02026. Prix\u2009: 15\u00a0euros. <a href=\"https:\/\/dashbook.fr\/book\/le-geant-au-grand-coeur?utm_source=ig&amp;utm_medium=social&amp;utm_content=link_in_bio&amp;fbclid=PAZXh0bgNhZW0CMTEAc3J0YwZhcHBfaWQMMjU2MjgxMDQwNTU4AAGnEmcEsmnO1pqsZOShxYeNf5K80YSoTumkBi61h7FnjvpHmzTWGKhSuPE3rfg_aem_Ujb-XFXNDVIi9e0Pee3ZCQ&amp;brid=lgKMW7bacThsHEPuef_AUg\" target=\"_blank\" rel=\"noopener\">Acc\u00e8s \u00e0 la pr\u00e9commande ici<\/a>.Suivez l\u2019actualit\u00e9 de Rouen <a href=\"https:\/\/www.whatsapp.com\/channel\/0029VaKfnf99hXF2ddApFB1D\" target=\"_blank\" rel=\"noopener\">sur notre cha\u00eene WhatsApp<\/a> et <a href=\"https:\/\/www.tiktok.com\/@76actu.fr?lang=fr\" target=\"_blank\" rel=\"noopener\">sur notre compte TikTok<\/a><\/p>\n<p class=\" wall-content\">Personnalisez votre actualit\u00e9 en ajoutant vos villes et m\u00e9dias en favori avec <a href=\"https:\/\/moncompte.actu.fr\" title=\"D\u00e9couvez Mon Actu\" rel=\"nofollow noopener\" data-trk=\"{&quot;cta&quot;:{&quot;action&quot;:&quot;https:\\\/\\\/moncompte.actu.fr&quot;,&quot;category&quot;:&quot;mon compte&quot;,&quot;from&quot;:&quot;article footer&quot;,&quot;name&quot;:&quot;Mon actu&quot;,&quot;type&quot;:&quot;cta&quot;}}\" target=\"_blank\">Mon Actu<\/a>.<\/p>\n<p>                    <script async src=\"\/\/www.instagram.com\/embed.js\"><\/script><script async src=\"\/\/www.tiktok.com\/embed.js\"><\/script><\/p>\n","protected":false},"excerpt":{"rendered":"Par Jessie Leclerc Publi\u00e9 le 30 nov. 2025 \u00e0 17h02 \u00c0 31\u00a0ans, Gauthier Mvumbi, \u00ab\u2009g\u00e9ant au grand c\u0153ur\u2009\u00bb,&hellip;\n","protected":false},"author":2,"featured_media":569267,"comment_status":"","ping_status":"","sticky":false,"template":"","format":"standard","meta":{"footnotes":""},"categories":[9587],"tags":[1111,11,1777,674,1011,27,1792,1757,1380,12,5161,25,9590,517,60],"class_list":{"0":"post-569266","1":"post","2":"type-post","3":"status-publish","4":"format-standard","5":"has-post-thumbnail","7":"category-rouen","8":"tag-actu","9":"tag-actualites","10":"tag-eu","11":"tag-europe","12":"tag-fr","13":"tag-france","14":"tag-handball","15":"tag-insolite","16":"tag-livres","17":"tag-news","18":"tag-normandie","19":"tag-republique-francaise","20":"tag-rouen","21":"tag-sport","22":"tag-sports"},"share_on_mastodon":{"url":"https:\/\/pubeurope.com\/@fr\/115639730772547020","error":""},"_links":{"self":[{"href":"https:\/\/www.europesays.com\/fr\/wp-json\/wp\/v2\/posts\/569266","targetHints":{"allow":["GET"]}}],"collection":[{"href":"https:\/\/www.europesays.com\/fr\/wp-json\/wp\/v2\/posts"}],"about":[{"href":"https:\/\/www.europesays.com\/fr\/wp-json\/wp\/v2\/types\/post"}],"author":[{"embeddable":true,"href":"https:\/\/www.europesays.com\/fr\/wp-json\/wp\/v2\/users\/2"}],"replies":[{"embeddable":true,"href":"https:\/\/www.europesays.com\/fr\/wp-json\/wp\/v2\/comments?post=569266"}],"version-history":[{"count":0,"href":"https:\/\/www.europesays.com\/fr\/wp-json\/wp\/v2\/posts\/569266\/revisions"}],"wp:featuredmedia":[{"embeddable":true,"href":"https:\/\/www.europesays.com\/fr\/wp-json\/wp\/v2\/media\/569267"}],"wp:attachment":[{"href":"https:\/\/www.europesays.com\/fr\/wp-json\/wp\/v2\/media?parent=569266"}],"wp:term":[{"taxonomy":"category","embeddable":true,"href":"https:\/\/www.europesays.com\/fr\/wp-json\/wp\/v2\/categories?post=569266"},{"taxonomy":"post_tag","embeddable":true,"href":"https:\/\/www.europesays.com\/fr\/wp-json\/wp\/v2\/tags?post=569266"}],"curies":[{"name":"wp","href":"https:\/\/api.w.org\/{rel}","templated":true}]}}