{"id":569270,"date":"2025-11-30T17:06:16","date_gmt":"2025-11-30T17:06:16","guid":{"rendered":"https:\/\/www.europesays.com\/fr\/569270\/"},"modified":"2025-11-30T17:06:16","modified_gmt":"2025-11-30T17:06:16","slug":"trafic-perturbe-a-rennes-voici-ou-il-sera-difficile-de-circuler-a-partir-du-lundi-1er-decembre","status":"publish","type":"post","link":"https:\/\/www.europesays.com\/fr\/569270\/","title":{"rendered":"Trafic perturb\u00e9 \u00e0 Rennes\u00a0: voici o\u00f9 il sera difficile de circuler \u00e0 partir du lundi 1er\u00a0d\u00e9cembre"},"content":{"rendered":"<p><strong>&#8211; <\/strong><strong>Avenue du G\u00e9n\u00e9ral Georges S. Patton :<\/strong> du jeudi 4 d\u00e9cembre \u00e0 mars 2026, la circulation sera interdite entre l\u2019avenue de Rochester et la rue Franz Heller, dans le cadre de l\u2019am\u00e9nagement du carrefour Patton\/Rochester. Une d\u00e9viation sera mise en place <a href=\"https:\/\/www.letelegramme.fr\/ille-et-vilaine\/rennes-35000\/a-rennes-pres-de-170-logements-sociaux-soffrent-un-lifting-complet-6584630.php\" target=\"_blank\" rel=\"noopener\">par l\u2019avenue de Rochester<\/a>, la rue Guy Ropartz et l\u2019avenue des Monts d\u2019Arr\u00e9e.<\/p>\n<p><strong>&#8211; Boulevard Marbeuf :<\/strong> du lundi 1er au jeudi 4 d\u00e9cembre, la circulation sera interdite entre la rue du Docteur Yves Louvign\u00e9 et la rue Louis Guilloux, afin de permettre le d\u00e9montage d\u2019une grue. Une d\u00e9viation sera mise en place par la rue de Lorient et la rue Louis Guilloux.<\/p>\n<p><strong>&#8211; Rue de Lorient : <\/strong>du lundi 1er au mercredi 3 d\u00e9cembre, la circulation sera altern\u00e9e de 9 h \u00e0 16 h 30 entre la rue de la Carri\u00e8re et la rue Louis Guilloux, pour permettre des travaux de construction d\u2019un b\u00e2timent.<\/p>\n<p><strong>&#8211; Passerelle Moulin du Comte :<\/strong> du lundi 1er au vendredi 12 d\u00e9cembre, la circulation des pi\u00e9tons et v\u00e9los sera interdite entre 9 h et 17 h, afin de permettre \u00e0 Rennes M\u00e9tropole de r\u00e9aliser des travaux sur les engrenages de la passerelle. Une d\u00e9viation sera mise en place par la passerelle de la Ralentie (entre le centre commercial Leclerc Cleunay et le Roazhon Park).<\/p>\n<p><strong>&#8211; Parking Colombier :<\/strong> \u00e0 partir du samedi 29 novembre matin, l\u2019entr\u00e9e du parking rue du Capitaine Maignan sera ouverte (acc\u00e8s direct pour les automobilistes arrivant par la rue de l\u2019Alma). Parall\u00e8lement, plusieurs centaines de places seront de nouveaux ouvertes au public, portant la capacit\u00e9 du parking \u00e0 1 000 places pour les prochains mois. Les travaux de mise en s\u00e9curit\u00e9 du parking Colombier se poursuivent jusqu\u2019\u00e0 l\u2019\u00e9t\u00e9 2027.<\/p>\n","protected":false},"excerpt":{"rendered":"&#8211; Avenue du G\u00e9n\u00e9ral Georges S. Patton : du jeudi 4 d\u00e9cembre \u00e0 mars 2026, la circulation sera&hellip;\n","protected":false},"author":2,"featured_media":569271,"comment_status":"","ping_status":"","sticky":false,"template":"","format":"standard","meta":{"footnotes":""},"categories":[2821],"tags":[1111,11,829,21017,1777,674,1011,27,848,12,584,25],"class_list":{"0":"post-569270","1":"post","2":"type-post","3":"status-publish","4":"format-standard","5":"has-post-thumbnail","7":"category-rennes","8":"tag-actu","9":"tag-actualites","10":"tag-bretagne","11":"tag-deplacements-a-rennes","12":"tag-eu","13":"tag-europe","14":"tag-fr","15":"tag-france","16":"tag-ille-et-vilaine","17":"tag-news","18":"tag-rennes","19":"tag-republique-francaise"},"share_on_mastodon":{"url":"https:\/\/pubeurope.com\/@fr\/115639745609199684","error":""},"_links":{"self":[{"href":"https:\/\/www.europesays.com\/fr\/wp-json\/wp\/v2\/posts\/569270","targetHints":{"allow":["GET"]}}],"collection":[{"href":"https:\/\/www.europesays.com\/fr\/wp-json\/wp\/v2\/posts"}],"about":[{"href":"https:\/\/www.europesays.com\/fr\/wp-json\/wp\/v2\/types\/post"}],"author":[{"embeddable":true,"href":"https:\/\/www.europesays.com\/fr\/wp-json\/wp\/v2\/users\/2"}],"replies":[{"embeddable":true,"href":"https:\/\/www.europesays.com\/fr\/wp-json\/wp\/v2\/comments?post=569270"}],"version-history":[{"count":0,"href":"https:\/\/www.europesays.com\/fr\/wp-json\/wp\/v2\/posts\/569270\/revisions"}],"wp:featuredmedia":[{"embeddable":true,"href":"https:\/\/www.europesays.com\/fr\/wp-json\/wp\/v2\/media\/569271"}],"wp:attachment":[{"href":"https:\/\/www.europesays.com\/fr\/wp-json\/wp\/v2\/media?parent=569270"}],"wp:term":[{"taxonomy":"category","embeddable":true,"href":"https:\/\/www.europesays.com\/fr\/wp-json\/wp\/v2\/categories?post=569270"},{"taxonomy":"post_tag","embeddable":true,"href":"https:\/\/www.europesays.com\/fr\/wp-json\/wp\/v2\/tags?post=569270"}],"curies":[{"name":"wp","href":"https:\/\/api.w.org\/{rel}","templated":true}]}}