{"id":569272,"date":"2025-11-30T17:07:12","date_gmt":"2025-11-30T17:07:12","guid":{"rendered":"https:\/\/www.europesays.com\/fr\/569272\/"},"modified":"2025-11-30T17:07:12","modified_gmt":"2025-11-30T17:07:12","slug":"deux-personnes-hospitalisees-et-un-gendarme-blesse-a-loeil-lors-une-free-party","status":"publish","type":"post","link":"https:\/\/www.europesays.com\/fr\/569272\/","title":{"rendered":"deux personnes hospitalis\u00e9es et un gendarme bless\u00e9 \u00e0 l&rsquo;\u0153il lors une free-party"},"content":{"rendered":"<p class=\"intro \">Une free-party dans un hangar au sud de Rennes, \u00e0 Corps-Nuds, a d\u00e9g\u00e9n\u00e9r\u00e9e lorsque les gendarmes ont tent\u00e9 d&rsquo;y mettre un terme dans la nuit de samedi \u00e0 dimanche. Les forces de l&rsquo;ordre ont \u00e9t\u00e9 repouss\u00e9es par des tirs de mortiers d&rsquo;artifice et des lancers de projectiles, comme des barres de fer. <\/p>\n<p>Une f\u00eate qui se termine avec des mortiers et des barres de fer. Trois f\u00eatards et un gendarme ont \u00e9t\u00e9 bless\u00e9s lors d&rsquo;une intervention visant \u00e0 d\u00e9loger une free party install\u00e9e t\u00f4t dimanche dans un hangar \u00e0 Corps-Nuds, au sud de Rennes, selon une information de <a href=\"https:\/\/www.ouest-france.fr\/societe\/faits-divers\/une-free-party-sinstalle-dans-un-entrepot-au-sud-de-rennes-les-forces-de-lordre-interviennent-c74137c6-cdac-11f0-9f92-1f1697d8d1ab\" target=\"_blank\" rel=\"noopener\">Ouest-France<\/a>.<\/p>\n<p>    La suite apr\u00e8s cette publicit\u00e9<\/p>\n<p>    La suite apr\u00e8s cette publicit\u00e9<\/p>\n<p>Plus de 500 personnes rassembl\u00e9es<\/p>\n<p>Ce sont plus de 500 personnes qui s&rsquo;\u00e9taient rassembl\u00e9es dans le hangar vide d&rsquo;une soci\u00e9t\u00e9 de transport, TLM, dans le parc d\u2019activit\u00e9 Les Grands-Sillons. Arriv\u00e9s sur place, les gendarmes ne sont pas parvenus \u00e0 interrompre l&rsquo;installation de la free-party.<\/p>\n<p>Mais c&rsquo;est vers 4 heures du matin que les choses s&rsquo;enveniment : les gendarmes font usage de gaz lacrymog\u00e8nes pour d\u00e9loger les f\u00eatards, mais la tentative d\u00e9g\u00e9n\u00e8re. Mortiers d&rsquo;artifice et projectiles, dont des barres de fer, fusent. Un gendarme est bless\u00e9, il souffre de \u00ab\u00a0trouble de la vision\u00a0\u00bb, et deux f\u00eatards sont hospitalis\u00e9s, dans un \u00e9tat inconnu.<\/p>\n<p>    La suite apr\u00e8s cette publicit\u00e9<\/p>\n<p>    La suite apr\u00e8s cette publicit\u00e9<\/p>\n<p>Toujours selon Ouest-France, c&rsquo;est vers 11h30 ce dimanche matin que les forces de l&rsquo;ordre ont siffl\u00e9 la fin de la f\u00eate, cette fois-ci sans heurts.\u00a0<\/p>\n","protected":false},"excerpt":{"rendered":"Une free-party dans un hangar au sud de Rennes, \u00e0 Corps-Nuds, a d\u00e9g\u00e9n\u00e9r\u00e9e lorsque les gendarmes ont tent\u00e9&hellip;\n","protected":false},"author":2,"featured_media":569273,"comment_status":"","ping_status":"","sticky":false,"template":"","format":"standard","meta":{"footnotes":""},"categories":[2821],"tags":[1111,11,829,1777,674,1011,27,12,584,25],"class_list":{"0":"post-569272","1":"post","2":"type-post","3":"status-publish","4":"format-standard","5":"has-post-thumbnail","7":"category-rennes","8":"tag-actu","9":"tag-actualites","10":"tag-bretagne","11":"tag-eu","12":"tag-europe","13":"tag-fr","14":"tag-france","15":"tag-news","16":"tag-rennes","17":"tag-republique-francaise"},"share_on_mastodon":{"url":"https:\/\/pubeurope.com\/@fr\/115639749540866763","error":""},"_links":{"self":[{"href":"https:\/\/www.europesays.com\/fr\/wp-json\/wp\/v2\/posts\/569272","targetHints":{"allow":["GET"]}}],"collection":[{"href":"https:\/\/www.europesays.com\/fr\/wp-json\/wp\/v2\/posts"}],"about":[{"href":"https:\/\/www.europesays.com\/fr\/wp-json\/wp\/v2\/types\/post"}],"author":[{"embeddable":true,"href":"https:\/\/www.europesays.com\/fr\/wp-json\/wp\/v2\/users\/2"}],"replies":[{"embeddable":true,"href":"https:\/\/www.europesays.com\/fr\/wp-json\/wp\/v2\/comments?post=569272"}],"version-history":[{"count":0,"href":"https:\/\/www.europesays.com\/fr\/wp-json\/wp\/v2\/posts\/569272\/revisions"}],"wp:featuredmedia":[{"embeddable":true,"href":"https:\/\/www.europesays.com\/fr\/wp-json\/wp\/v2\/media\/569273"}],"wp:attachment":[{"href":"https:\/\/www.europesays.com\/fr\/wp-json\/wp\/v2\/media?parent=569272"}],"wp:term":[{"taxonomy":"category","embeddable":true,"href":"https:\/\/www.europesays.com\/fr\/wp-json\/wp\/v2\/categories?post=569272"},{"taxonomy":"post_tag","embeddable":true,"href":"https:\/\/www.europesays.com\/fr\/wp-json\/wp\/v2\/tags?post=569272"}],"curies":[{"name":"wp","href":"https:\/\/api.w.org\/{rel}","templated":true}]}}