{"id":569274,"date":"2025-11-30T17:08:13","date_gmt":"2025-11-30T17:08:13","guid":{"rendered":"https:\/\/www.europesays.com\/fr\/569274\/"},"modified":"2025-11-30T17:08:13","modified_gmt":"2025-11-30T17:08:13","slug":"strasbourg-deux-concerts-gratuits-des-petits-chanteurs-de-lopera-du-rhin","status":"publish","type":"post","link":"https:\/\/www.europesays.com\/fr\/569274\/","title":{"rendered":"Strasbourg. Deux concerts gratuits des Petits Chanteurs de l\u2019Op\u00e9ra du Rhin"},"content":{"rendered":"<p>Qui dit No\u00ebl, dit enfants\u00a0: des porteurs d\u2019espoir, l\u2019incarnation de la joie des festivit\u00e9s. \u00c0 l\u2019aune de ce postulat, la <a href=\"https:\/\/petits-chanteurs-strasbourg.com\/\" target=\"_blank\" rel=\"noopener\">ma\u00eetrise de l\u2019Op\u00e9ra national du Rhin (ONR) &#8211; Petits Chanteurs de Strasbourg<\/a> propose deux concerts gratuits, le vendredi 5\u00a0d\u00e9cembre \u00e0 l\u2019\u00e9glise du Bouclier et le lundi 8\u00a0d\u00e9cembre \u00e0 l\u2019\u00e9glise du Temple Neuf, sous l\u2019intitul\u00e9 \u201cC\u0153urs en ch\u0153ur, chanter pour le nouvel an\u00a0!\u201d.<\/p>\n<p>Deux ensembles de la ma\u00eetrise \u2013 le ch\u0153ur d\u2019enfants (10-13 ans) et le ch\u0153ur interm\u00e9diaire (8-10 ans) \u2013 se produiront sous la direction de Fr\u00e9d\u00e9rique Autret, accompagn\u00e9s au piano par Kotoko Matsuda. Des \u00e9l\u00e8ves issus d\u2019une classe \u00e0 horaires am\u00e9nag\u00e9s \u201cmusique\u201d (Cham) du coll\u00e8ge Kl\u00e9ber de Strasbourg chanteront \u00e0 leurs c\u00f4t\u00e9s.<\/p>\n<p>  \u00ab\u00a0Ouvrir le chemin de l\u2019excellence musicale\u00a0\u00bb<\/p>\n<p>C\u2019est en septembre\u00a02025 que l\u2019\u00e9tablissement de la place de Bordeaux a int\u00e9gr\u00e9 ce projet p\u00e9dagogique, de nature \u00e0 renforcer l\u2019enseignement artistique en compl\u00e9ment des programmes scolaires. Une collecte de dons sera ouverte sous la coordination de Passions Alsace, pour soutenir un dispositif d\u00e9j\u00e0 \u00ab\u00a0lanc\u00e9 en 2021 avec l\u2019\u00e9cole primaire des Romains de Koenigshoffen\u00a0\u00bb. Selon Bernard Kern, responsable de l\u2019association, \u00ab\u00a0l\u2019opportunit\u00e9 de r\u00e9p\u00e9ter avec la ma\u00eetrise ouvre le chemin de l\u2019excellence musicale \u00e0 des \u00e9l\u00e8ves qui n\u2019y sont pas pr\u00e9dispos\u00e9s, du fait de leur milieu social et g\u00e9ographique\u00a0\u00bb.<\/p>\n<p>Ce contenu est bloqu\u00e9 car vous n&rsquo;avez pas accept\u00e9 les cookies et autres traceurs.<\/p>\n<p>En cliquant sur \u00ab J\u2019accepte \u00bb, les cookies et autres traceurs seront d\u00e9pos\u00e9s et vous pourrez visualiser les contenus  (<a href=\"\" class=\"consentModule_policy\" target=\"_blank\" title=\"Consulter la politique de protection des donn\u00e9es du fournisseur\">plus d&rsquo;informations<\/a>).<\/p>\n<p>En cliquant sur \u00ab J\u2019accepte tous les cookies \u00bb, vous autorisez des d\u00e9p\u00f4ts de cookies et autres traceurs pour le stockage de vos donn\u00e9es sur nos sites et applications \u00e0 des fins de personnalisation et de ciblage publicitaire.<\/p>\n<p class=\"consentModule_secondaryText\">Vous gardez la possibilit\u00e9 de retirer votre consentement \u00e0 tout moment en consultant notre <a href=\"https:\/\/www.dna.fr\/protection-des-donnees\" target=\"_blank\" title=\"Consulter notre politique de protection des donn\u00e9es\" rel=\"noopener\">politique de protection des donn\u00e9es<\/a>. <br \/>&#13;<br \/>\n            <a href=\"https:\/\/www.dna.fr\/culture-loisirs\/2025\/11\/30\/javascript:Didomi.notice.show()\" class=\"consentModule_cmp\" target=\"_blank\" rel=\"noopener\">G\u00e9rer mes choix<\/a>&#13;\n        <\/p>\n<p>&#13;<br \/>\n                        J&rsquo;accepte&#13;<br \/>\n            J&rsquo;accepte tous les cookies&#13;\n        <\/p>\n<p>  Au programme\u00a0: classiques de No\u00ebl et musique celtique<\/p>\n<p>Ils seront trente \u00e0 faire r\u00e9sonner l\u2019esprit de No\u00ebl lors des deux soir\u00e9es, \u00ab\u00a0dont sept \u00e9l\u00e9ments issus de la Cham du coll\u00e8ge Kl\u00e9ber\u00a0\u00bb, pr\u00e9cise Luciano Bibiloni, directeur de la ma\u00eetrise de l\u2019ONR depuis 2013. Le chef de ch\u0153ur franco-argentin d\u00e9voile un programme tr\u00e8s vari\u00e9 \u00ab\u00a0faisant allusion au temps de l\u2019hiver\u00a0\u00bb, entre titres traditionnels ( The Night Song \u00a0de Benjamin Britten et Rundadinella de Carl Orff), morceaux classiques ( In the Bleak Midwinter , The water is wide ) et musique celtique ( Loch Lomond , The year that\u2019s awa\u2019 ).<\/p>\n<p class=\"note\">Le 5\u00a0d\u00e9cembre \u00e0 19\u00a0h \u00e0 l\u2019\u00e9glise du Bouclier et le 8\u00a0d\u00e9cembre \u00e0 19\u00a0h au Temple Neuf, Strasbourg. Entr\u00e9e libre, plateau.<\/p>\n","protected":false},"excerpt":{"rendered":"Qui dit No\u00ebl, dit enfants\u00a0: des porteurs d\u2019espoir, l\u2019incarnation de la joie des festivit\u00e9s. \u00c0 l\u2019aune de ce&hellip;\n","protected":false},"author":2,"featured_media":569275,"comment_status":"","ping_status":"","sticky":false,"template":"","format":"standard","meta":{"footnotes":""},"categories":[2820],"tags":[1111,11,1687,2880,1777,674,107,1011,27,775,873,12,25,640,2879],"class_list":{"0":"post-569274","1":"post","2":"type-post","3":"status-publish","4":"format-standard","5":"has-post-thumbnail","7":"category-strasbourg","8":"tag-actu","9":"tag-actualites","10":"tag-culture-loisirs","11":"tag-edition-strasbourg","12":"tag-eu","13":"tag-europe","14":"tag-fil-info","15":"tag-fr","16":"tag-france","17":"tag-grand-est","18":"tag-musique","19":"tag-news","20":"tag-republique-francaise","21":"tag-strasbourg","22":"tag-strasbourg-ville"},"share_on_mastodon":{"url":"https:\/\/pubeurope.com\/@fr\/115639753437504544","error":""},"_links":{"self":[{"href":"https:\/\/www.europesays.com\/fr\/wp-json\/wp\/v2\/posts\/569274","targetHints":{"allow":["GET"]}}],"collection":[{"href":"https:\/\/www.europesays.com\/fr\/wp-json\/wp\/v2\/posts"}],"about":[{"href":"https:\/\/www.europesays.com\/fr\/wp-json\/wp\/v2\/types\/post"}],"author":[{"embeddable":true,"href":"https:\/\/www.europesays.com\/fr\/wp-json\/wp\/v2\/users\/2"}],"replies":[{"embeddable":true,"href":"https:\/\/www.europesays.com\/fr\/wp-json\/wp\/v2\/comments?post=569274"}],"version-history":[{"count":0,"href":"https:\/\/www.europesays.com\/fr\/wp-json\/wp\/v2\/posts\/569274\/revisions"}],"wp:featuredmedia":[{"embeddable":true,"href":"https:\/\/www.europesays.com\/fr\/wp-json\/wp\/v2\/media\/569275"}],"wp:attachment":[{"href":"https:\/\/www.europesays.com\/fr\/wp-json\/wp\/v2\/media?parent=569274"}],"wp:term":[{"taxonomy":"category","embeddable":true,"href":"https:\/\/www.europesays.com\/fr\/wp-json\/wp\/v2\/categories?post=569274"},{"taxonomy":"post_tag","embeddable":true,"href":"https:\/\/www.europesays.com\/fr\/wp-json\/wp\/v2\/tags?post=569274"}],"curies":[{"name":"wp","href":"https:\/\/api.w.org\/{rel}","templated":true}]}}