{"id":569286,"date":"2025-11-30T17:14:15","date_gmt":"2025-11-30T17:14:15","guid":{"rendered":"https:\/\/www.europesays.com\/fr\/569286\/"},"modified":"2025-11-30T17:14:15","modified_gmt":"2025-11-30T17:14:15","slug":"les-revolutions-therapeutiques-de-lophtalmologie-ca-va-tres-vite-et-il-faut-suivre","status":"publish","type":"post","link":"https:\/\/www.europesays.com\/fr\/569286\/","title":{"rendered":"Les r\u00e9volutions th\u00e9rapeutiques de l\u2019ophtalmologie\u00a0: \u00ab\u00a0\u00c7a va tr\u00e8s vite et il faut suivre\u00a0\u00bb"},"content":{"rendered":"<p>        <img decoding=\"async\" id=\"23165329\" src=\"https:\/\/www.europesays.com\/fr\/wp-content\/uploads\/2025\/11\/20250207050709-9449812.jpg\" alt=\"Fr\u00e9d\u00e9ric Villeroux, footballeur et champion paralympique de C\u00e9cifoot lors de la finale contre l\u2019Argentine en 2024 \u00e9tait vendredi, l\u2019invit\u00e9 du congr\u00e8s d\u2019ophtalmologues \u00e0 Bordeaux\" itemprop=\"contentURL\"\/><\/p>\n<p>    Fr\u00e9d\u00e9ric Villeroux, footballeur et champion paralympique de C\u00e9cifoot lors de la finale contre l\u2019Argentine en 2024 \u00e9tait vendredi, l\u2019invit\u00e9 du congr\u00e8s d\u2019ophtalmologues \u00e0 Bordeaux<\/p>\n<p>CHRISTOPHE ARCHAMBAULT\u00a0\/\u00a0AFP<\/p>\n<p>Des\u00a0experts reconnus en France ont\u00a0partag\u00e9 leurs connaissances autour des r\u00e9centes innovations et surtout de leurs applications sur le plan pratique et clinique. Ont \u00e9t\u00e9 sur la sellette la strabologie, le segment ant\u00e9rieur pathologique, la chirurgie r\u00e9fractive, la r\u00e9tine m\u00e9dicale et la r\u00e9tine chirurgicale. Outre le t\u00e9moignage inaugural de Fr\u00e9d\u00e9ric Villeroux, les conf\u00e9rences ont \u00e9t\u00e9 concr\u00e8tement associ\u00e9es \u00e0 des propositions interactives, les participants ont ainsi pu d\u00e9couvrir le Wetlab qui permet la r\u00e9alisation de la proc\u00e9dure chirurgicale in vivo dans son int\u00e9gralit\u00e9, et aussi des sessions vid\u00e9o de cas complexes. L\u2019ophtalmologie vit aujourd\u2019hui une \u00e9poque riche en avanc\u00e9es th\u00e9rapeutiques et technologiques, qui donne la possibilit\u00e9 aux patients d\u2019\u00eatre mieux pris en charge. Et la question de la formation n\u2019est plus une option.<\/p>\n<p>S\u2019approprier l\u2019innovation<\/p>\n<p>\u00ab\u00a0En effet, \u00e7a va tr\u00e8s vite, commente le Dr Cornut et il faut suivre. Nous travaillons d\u00e9sormais avec l\u2019IA qui nous aide sur le diagnostic, la pr\u00e9cocit\u00e9, la pr\u00e9cision et la fiabilit\u00e9. S\u2019il est question des innovations prometteuses, nous travaillons \u00e0 la mani\u00e8re de se les approprier, chacun dans nos cabinets. C\u2019est vraiment un \u00e9change de bonnes pratiques, et pas juste un catalogue de nouveaut\u00e9s th\u00e9rapeutiques. Il faut savoir que, de base, l\u2019ophtalmologie s\u2019appuie sur la technique, notamment l\u2019imagerie. Aujourd\u2019hui, nos pratiques chirurgicales ont carr\u00e9ment \u00e9volu\u00e9 et l\u2019id\u00e9e ici est de permettre \u00e0 chacun de pouvoir appliquer les m\u00eames protocoles.\u00a0\u00bb<\/p>\n<p>Les gestes chirurgicaux, d\u00e9sormais valid\u00e9s par la science, font l\u2019objet d\u2019un consensus, mais ils d\u00e9pendent d\u2019une normalisation des gestes, pour plus de s\u00e9curit\u00e9. Les premi\u00e8res mondiales en mati\u00e8re de chirurgie ophtalmo sont de plus en plus nombreuses. Ainsi, cette ann\u00e9e, <a href=\"https:\/\/www.chu-reims.fr\/offre-de-soins\/prises-en-charge\/service\/ophtalmologie\/une-premiere-mondiale-au-chu-de-reims-une-greffe-de-cornee-assistee-par-robot\" target=\"_blank\" rel=\"nofollow noopener\">le CHU de Reims a franchi une nouvelle \u00e9tape dans le domaine de la microchirurgie<\/a>, en r\u00e9alisant la premi\u00e8re greffe de corn\u00e9e assist\u00e9e par un robot de microchirurgie. Une prouesse technologique qui ouvre des perspectives. Sans parler des r\u00e9cents <a href=\"https:\/\/presse.inserm.fr\/un-implant-sous-retinien-restaure-partiellement-la-vision-de-personnes-atteintes-de-dmla\/71260\/\" target=\"_blank\" rel=\"nofollow noopener\">essais cliniques de l\u2019Inserm (<\/a>Institut national de la sant\u00e9 et de la recherche m\u00e9dicale)<a href=\"https:\/\/presse.inserm.fr\/un-implant-sous-retinien-restaure-partiellement-la-vision-de-personnes-atteintes-de-dmla\/71260\/\" target=\"_blank\" rel=\"nofollow noopener\"> <\/a><a href=\"https:\/\/presse.inserm.fr\/un-implant-sous-retinien-restaure-partiellement-la-vision-de-personnes-atteintes-de-dmla\/71260\/\" target=\"_blank\" rel=\"nofollow noopener\">concernant l\u2019implant sous-r\u00e9tinien pour des patients atteints de DMLA<\/a> ou d\u00e9g\u00e9n\u00e9rescence maculaire li\u00e9e \u00e0 l\u2019\u00e2ge, affection qui touche pr\u00e8s d\u2019un million de personnes en France.<\/p>\n<p>De meilleurs pronostics<\/p>\n<p>Quels sont les enjeux entre la m\u00e9decine, la technologie et les sciences humaines\u00a0? Le congr\u00e8s Burdigallien a ouvert la r\u00e9flexion. Thomas Cornut observe avec attention toutes ces grandes pistes th\u00e9rapeutiques\u00a0: \u00ab\u00a0Beaucoup sont \u00e0 l\u2019\u00e9tat de recherche, mais c\u2019est formidable. Pour autant, nous avons entre les mains d\u00e9sormais des nouvelles mol\u00e9cules qui, via des injections ou des m\u00e9dicaments, changent le pronostic parfois sombre de certaines maladies, comme la DMLA, mais aussi le diab\u00e8te et des maladies d\u00e9g\u00e9n\u00e9ratives. Quoi qu\u2019il en soit on d\u00e9piste mieux et beaucoup plus t\u00f4t.\u00a0\u00bb<\/p>\n<p>Le congr\u00e8s bordelais a associ\u00e9 les orthoptistes pour les inviter \u00e0 se former aux derni\u00e8res innovations, parce que la p\u00e9nurie de m\u00e9decins sp\u00e9cialistes ophtalmos les a contraints \u00e0 s\u2019associer \u00e0 ces professionnels param\u00e9dicaux. \u00ab\u00a0Dans nos cabinets, nous travaillons aujourd\u2019hui main dans la main avec les orthoptistes, qui assurent des t\u00e2ches \u00e0 notre place et nous font gagner du temps. Ils font des mesures d\u2019acuit\u00e9 visuelle, r\u00e9alisent des examens compl\u00e9mentaires, de l\u2019\u00e9ducation th\u00e9rapeutique. Leur r\u00f4le est pr\u00e9cieux, voire indispensable.\u00a0\u00bb<\/p>\n","protected":false},"excerpt":{"rendered":"Fr\u00e9d\u00e9ric Villeroux, footballeur et champion paralympique de C\u00e9cifoot lors de la finale contre l\u2019Argentine en 2024 \u00e9tait vendredi,&hellip;\n","protected":false},"author":2,"featured_media":569287,"comment_status":"","ping_status":"","sticky":false,"template":"","format":"standard","meta":{"footnotes":""},"categories":[2817],"tags":[1111,11,1997,1777,674,1011,27,12,2219,25],"class_list":{"0":"post-569286","1":"post","2":"type-post","3":"status-publish","4":"format-standard","5":"has-post-thumbnail","7":"category-bordeaux","8":"tag-actu","9":"tag-actualites","10":"tag-bordeaux","11":"tag-eu","12":"tag-europe","13":"tag-fr","14":"tag-france","15":"tag-news","16":"tag-nouvelle-aquitaine","17":"tag-republique-francaise"},"share_on_mastodon":{"url":"https:\/\/pubeurope.com\/@fr\/115639777776778456","error":""},"_links":{"self":[{"href":"https:\/\/www.europesays.com\/fr\/wp-json\/wp\/v2\/posts\/569286","targetHints":{"allow":["GET"]}}],"collection":[{"href":"https:\/\/www.europesays.com\/fr\/wp-json\/wp\/v2\/posts"}],"about":[{"href":"https:\/\/www.europesays.com\/fr\/wp-json\/wp\/v2\/types\/post"}],"author":[{"embeddable":true,"href":"https:\/\/www.europesays.com\/fr\/wp-json\/wp\/v2\/users\/2"}],"replies":[{"embeddable":true,"href":"https:\/\/www.europesays.com\/fr\/wp-json\/wp\/v2\/comments?post=569286"}],"version-history":[{"count":0,"href":"https:\/\/www.europesays.com\/fr\/wp-json\/wp\/v2\/posts\/569286\/revisions"}],"wp:featuredmedia":[{"embeddable":true,"href":"https:\/\/www.europesays.com\/fr\/wp-json\/wp\/v2\/media\/569287"}],"wp:attachment":[{"href":"https:\/\/www.europesays.com\/fr\/wp-json\/wp\/v2\/media?parent=569286"}],"wp:term":[{"taxonomy":"category","embeddable":true,"href":"https:\/\/www.europesays.com\/fr\/wp-json\/wp\/v2\/categories?post=569286"},{"taxonomy":"post_tag","embeddable":true,"href":"https:\/\/www.europesays.com\/fr\/wp-json\/wp\/v2\/tags?post=569286"}],"curies":[{"name":"wp","href":"https:\/\/api.w.org\/{rel}","templated":true}]}}