{"id":569295,"date":"2025-11-30T17:20:25","date_gmt":"2025-11-30T17:20:25","guid":{"rendered":"https:\/\/www.europesays.com\/fr\/569295\/"},"modified":"2025-11-30T17:20:25","modified_gmt":"2025-11-30T17:20:25","slug":"une-nouvelle-feuille-de-route-pour-euromed","status":"publish","type":"post","link":"https:\/\/www.europesays.com\/fr\/569295\/","title":{"rendered":"Une nouvelle feuille de route pour Euromed"},"content":{"rendered":"\n<p>\u00ab\u00a0On veut un Euromed qui fasse r\u00eaver\u00a0!\u00a0\u00bb Apr\u00e8s avoir pris le relais de Laure-Agn\u00e8s Caradec \u00e0 la t\u00eate d\u2019Eurom\u00e9diterran\u00e9e, Isabelle Campagnola-Savon a pr\u00e9sent\u00e9 sa \u00ab\u00a0feuille de route\u00a0\u00bb pour l\u2019avenir de l\u2019am\u00e9nageur, ce vendredi. Une feuille de route qui ne manque pas d\u2019id\u00e9es et dont le conseil d\u2019administration d\u2019Euromed a d\u00e9j\u00e0 connaissance puisqu\u2019il s\u2019est d\u00e9roul\u00e9 la veille. La conseill\u00e8re r\u00e9gionale (Horizons) dresse deux axes principaux pour les ann\u00e9es \u00e0 venir\u00a0: poursuivre le travail sur \u00ab\u00a0la gouvernance partag\u00e9e\u00a0\u00bb et sur les \u00ab\u00a0enjeux strat\u00e9giques \u00e0 venir\u00a0\u00bb. Concr\u00e8tement, elle entend \u00ab\u00a0associer les entreprises, les acteurs associatifs et culturels et les habitants\u00a0\u00bb pour le d\u00e9veloppement d\u2019Euromed. Et de \u00ab\u00a0travailler de mani\u00e8re concert\u00e9e avec la Ville, la M\u00e9tropole et la R\u00e9gion\u00a0\u00bb.<\/p>\n<p> Un projet architectural \u00ab\u00a0totem\u00a0\u00bb et une Arena\u00a0?\n              <\/p>\n<p>Elle a aussi dans le viseur la finalisation des \u00ab\u00a0projets d\u2019ampleur\u00a0\u00bb d\u00e9j\u00e0, plus ou moins sur les rails, comme celui du \u00ab\u00a0parc des Aygalades et la reconversion du Canet\u00a0\u00bb. Autre volet sur lequel elle insiste\u00a0: \u00ab\u00a0L\u2019attractivit\u00e9 et le d\u00e9veloppement \u00e9conomique.\u00a0\u00bb Et \u00e9voque un possible renforcement du partenariat avec Rising Sud, l\u2019agence \u00e9conomique de la R\u00e9gion. Et de lancer des id\u00e9es pour le moins ambitieuses\u00a0: \u00ab\u00a0La cr\u00e9ation d\u2019un b\u00e2timent architectural, un nouveau totem \u00e0 l\u2019image de ce qu\u2019on a avec le Mucem, qui donne de la lumi\u00e8re sur Euromed 2.\u00a0\u00bb Autre exemple\u00a0: \u00ab\u00a0On pourrait \u00e9tudier la faisabilit\u00e9 d\u2019une Arena. La ville de Marseille a besoin d\u2019une infrastructure comme \u00e7a.\u00a0\u00bb Ou encore \u00ab\u00a0la cr\u00e9ation de la rue m\u00e9diterran\u00e9enne durable compl\u00e8tement d\u00e9simperm\u00e9abilis\u00e9e\u00a0\u00bb. Elle pr\u00e9cise tout de m\u00eame que \u00ab\u00a0ce ne sont que des pistes de r\u00e9flexion\u00a0\u00bb et que \u00ab\u00a0rien n\u2019est act\u00e9\u00a0\u00bb. Concr\u00e8tement\u00a0: le projet \u00ab\u00a0totem\u00a0\u00bb qu\u2019elle porte n\u2019a pas de lieu d\u00e9fini, ni de calendrier et d\u2019enveloppe financi\u00e8re pr\u00e9vue. Pour l\u2019\u00e9pineux dossier du Dock des Suds, l\u00e0 encore \u00ab\u00a0rien n\u2019est arr\u00eat\u00e9\u00a0\u00bb. Une strat\u00e9gie floue\u00a0? \u00ab\u00a0Une feuille de route, c\u2019est se donner des perspectives\u00a0\u00bb, r\u00e9pond l\u2019\u00e9lue.<\/p>\n","protected":false},"excerpt":{"rendered":"\u00ab\u00a0On veut un Euromed qui fasse r\u00eaver\u00a0!\u00a0\u00bb Apr\u00e8s avoir pris le relais de Laure-Agn\u00e8s Caradec \u00e0 la t\u00eate&hellip;\n","protected":false},"author":2,"featured_media":569296,"comment_status":"","ping_status":"","sticky":false,"template":"","format":"standard","meta":{"footnotes":""},"categories":[2814],"tags":[1111,11,1777,27669,674,1011,27,884,12,882,25],"class_list":{"0":"post-569295","1":"post","2":"type-post","3":"status-publish","4":"format-standard","5":"has-post-thumbnail","7":"category-marseille","8":"tag-actu","9":"tag-actualites","10":"tag-eu","11":"tag-euromed","12":"tag-europe","13":"tag-fr","14":"tag-france","15":"tag-marseille","16":"tag-news","17":"tag-provence-alpes-cote-dazur","18":"tag-republique-francaise"},"share_on_mastodon":{"url":"https:\/\/pubeurope.com\/@fr\/115639800659304444","error":""},"_links":{"self":[{"href":"https:\/\/www.europesays.com\/fr\/wp-json\/wp\/v2\/posts\/569295","targetHints":{"allow":["GET"]}}],"collection":[{"href":"https:\/\/www.europesays.com\/fr\/wp-json\/wp\/v2\/posts"}],"about":[{"href":"https:\/\/www.europesays.com\/fr\/wp-json\/wp\/v2\/types\/post"}],"author":[{"embeddable":true,"href":"https:\/\/www.europesays.com\/fr\/wp-json\/wp\/v2\/users\/2"}],"replies":[{"embeddable":true,"href":"https:\/\/www.europesays.com\/fr\/wp-json\/wp\/v2\/comments?post=569295"}],"version-history":[{"count":0,"href":"https:\/\/www.europesays.com\/fr\/wp-json\/wp\/v2\/posts\/569295\/revisions"}],"wp:featuredmedia":[{"embeddable":true,"href":"https:\/\/www.europesays.com\/fr\/wp-json\/wp\/v2\/media\/569296"}],"wp:attachment":[{"href":"https:\/\/www.europesays.com\/fr\/wp-json\/wp\/v2\/media?parent=569295"}],"wp:term":[{"taxonomy":"category","embeddable":true,"href":"https:\/\/www.europesays.com\/fr\/wp-json\/wp\/v2\/categories?post=569295"},{"taxonomy":"post_tag","embeddable":true,"href":"https:\/\/www.europesays.com\/fr\/wp-json\/wp\/v2\/tags?post=569295"}],"curies":[{"name":"wp","href":"https:\/\/api.w.org\/{rel}","templated":true}]}}