{"id":569301,"date":"2025-11-30T17:23:23","date_gmt":"2025-11-30T17:23:23","guid":{"rendered":"https:\/\/www.europesays.com\/fr\/569301\/"},"modified":"2025-11-30T17:23:23","modified_gmt":"2025-11-30T17:23:23","slug":"lyon-il-tente-de-voler-un-scooter-et-blesse-deux-policiers-lors-de-son-interpellation","status":"publish","type":"post","link":"https:\/\/www.europesays.com\/fr\/569301\/","title":{"rendered":"Lyon. Il tente de voler un scooter et blesse deux policiers lors de son interpellation"},"content":{"rendered":"<p>C\u2019est muni d\u2019une disqueuse et alors qu\u2019il essayait de d\u00e9rober un scooter sur la voie publique, \u00e0 Lyon 9 e , qu\u2019un jeune homme a \u00e9t\u00e9 surpris par les forces de l\u2019ordre, dans la nuit de samedi \u00e0 dimanche. Mais l\u2019individu, qui se trouvait place de Paris, n\u2019avait pas l\u2019intention de se laisser appr\u00e9hender par les policiers, se montrant virulent.<\/p>\n<p>Circulant \u00e0 trottinette, il a voulu fuir la sc\u00e8ne non sans avoir au pr\u00e9alable essay\u00e9 de foncer sur les policiers. Deux auraient d\u2019ailleurs \u00e9t\u00e9 l\u00e9g\u00e8rement bless\u00e9s lors de cette intervention. L\u2019homme de 20 ans a \u00e9t\u00e9 interpell\u00e9 et plac\u00e9 en garde \u00e0 vue.<\/p>\n","protected":false},"excerpt":{"rendered":"C\u2019est muni d\u2019une disqueuse et alors qu\u2019il essayait de d\u00e9rober un scooter sur la voie publique, \u00e0 Lyon&hellip;\n","protected":false},"author":2,"featured_media":569302,"comment_status":"","ping_status":"","sticky":false,"template":"","format":"standard","meta":{"footnotes":""},"categories":[1889],"tags":[1111,11,2430,271,272,2757,1777,674,274,1011,27,2428,24818,24817,12,25,2429],"class_list":{"0":"post-569301","1":"post","2":"type-post","3":"status-publish","4":"format-standard","5":"has-post-thumbnail","7":"category-lyon","8":"tag-actu","9":"tag-actualites","10":"tag-auvergne-rhone-alpes","11":"tag-crime","12":"tag-delit-et-contravention","13":"tag-edition-lyon-villeurbanne","14":"tag-eu","15":"tag-europe","16":"tag-faits-divers-justice","17":"tag-fr","18":"tag-france","19":"tag-lyon","20":"tag-lyon-9e","21":"tag-lyon-9e-arrondissement","22":"tag-news","23":"tag-republique-francaise","24":"tag-rhone"},"share_on_mastodon":{"url":"https:\/\/pubeurope.com\/@fr\/115639812294051330","error":""},"_links":{"self":[{"href":"https:\/\/www.europesays.com\/fr\/wp-json\/wp\/v2\/posts\/569301","targetHints":{"allow":["GET"]}}],"collection":[{"href":"https:\/\/www.europesays.com\/fr\/wp-json\/wp\/v2\/posts"}],"about":[{"href":"https:\/\/www.europesays.com\/fr\/wp-json\/wp\/v2\/types\/post"}],"author":[{"embeddable":true,"href":"https:\/\/www.europesays.com\/fr\/wp-json\/wp\/v2\/users\/2"}],"replies":[{"embeddable":true,"href":"https:\/\/www.europesays.com\/fr\/wp-json\/wp\/v2\/comments?post=569301"}],"version-history":[{"count":0,"href":"https:\/\/www.europesays.com\/fr\/wp-json\/wp\/v2\/posts\/569301\/revisions"}],"wp:featuredmedia":[{"embeddable":true,"href":"https:\/\/www.europesays.com\/fr\/wp-json\/wp\/v2\/media\/569302"}],"wp:attachment":[{"href":"https:\/\/www.europesays.com\/fr\/wp-json\/wp\/v2\/media?parent=569301"}],"wp:term":[{"taxonomy":"category","embeddable":true,"href":"https:\/\/www.europesays.com\/fr\/wp-json\/wp\/v2\/categories?post=569301"},{"taxonomy":"post_tag","embeddable":true,"href":"https:\/\/www.europesays.com\/fr\/wp-json\/wp\/v2\/tags?post=569301"}],"curies":[{"name":"wp","href":"https:\/\/api.w.org\/{rel}","templated":true}]}}