{"id":569303,"date":"2025-11-30T17:25:20","date_gmt":"2025-11-30T17:25:20","guid":{"rendered":"https:\/\/www.europesays.com\/fr\/569303\/"},"modified":"2025-11-30T17:25:20","modified_gmt":"2025-11-30T17:25:20","slug":"alerte-a-la-bombe-a-france-tv-a-paris-vers-un-transilien-y-le-recap-de-linfo-du-week-end-en-ile-de-france","status":"publish","type":"post","link":"https:\/\/www.europesays.com\/fr\/569303\/","title":{"rendered":"Alerte \u00e0 la bombe \u00e0 France TV \u00e0 Paris, vers un Transilien Y&#8230; Le r\u00e9cap de l&rsquo;info du week-end en \u00cele-de-France"},"content":{"rendered":"<p>                    Par<br \/>\n        <strong><br \/>\n            <a href=\"https:\/\/actu.fr\/auteur\/glenn-gillet\" title=\"Consulter tous les articles de Glenn Gillet\" target=\"_blank\" rel=\"noopener\">Glenn Gillet<\/a><br \/>\n                    <\/strong><\/p>\n<p>        Publi\u00e9 le<\/p>\n<p>            30 nov. 2025 \u00e0 17h48        <\/p>\n<p>Alerte \u00e0 la bombe \u00e0 France T\u00e9l\u00e9vision, grosse rixe dans le Val-d\u2019Oise, projet de Transilien Y\u2026 L\u2019actualit\u00e9 a \u00e9t\u00e9 mouvement\u00e9e au cours de ce week-end des 29 et 30\u00a0novembre 2025, \u00e0 <a href=\"https:\/\/actu.fr\/paris\/dernieres-actus\" target=\"_blank\" rel=\"noopener\">Paris<\/a> et en <a href=\"https:\/\/actu.fr\/ile-de-france\/\" target=\"_blank\" rel=\"noopener\">\u00cele-de-France<\/a>. Voici les principales informations des r\u00e9dactions d\u2019actu dans notre r\u00e9gion.<\/p>\n<p class=\" wall-content\"><a href=\"https:\/\/actu.fr\/ile-de-france\/paris_75056\/alerte-a-la-bombe-dans-les-locaux-de-france-televisions-a-paris-les-programmes-interrompus_63508016.html\" target=\"_blank\" rel=\"noopener\">Paris\u2009: alerte \u00e0 la bombe dans les locaux de France T\u00e9l\u00e9visions, deux semaines apr\u00e8s celle \u00e0 BFMTV<\/a><br \/>Les locaux de France T\u00e9l\u00e9visions, situ\u00e9s dans le 15e arrondissement de Paris, ont \u00e9t\u00e9 \u00e9vacu\u00e9s ce samedi 29\u00a0novembre apr\u00e8s une\u00a0alerte \u00e0 la bombe. La diffusion en direct de France Info a \u00e9t\u00e9 interrompue aux environs de 17h alors que l\u2019on entendait l\u2019alarme r\u00e9sonner dans les locaux de la cha\u00eene.<\/p>\n<p class=\" wall-content\"><a href=\"https:\/\/actu.fr\/ile-de-france\/l-hay-les-roses_94038\/val-de-marne-l-ex-professeur-de-college-condamnee-a-six-ans-de-prison-pour-le-viol-de-son-eleve-mineur_63506961.html\" target=\"_blank\" rel=\"noopener\">Val-de-Marne\u2009: une ex-professeure de coll\u00e8ge condamn\u00e9e \u00e0 six ans de prison pour le viol de son \u00e9l\u00e8ve mineur<\/a><br \/>Anne-Sophie C., 40\u00a0ans et ancienne d\u2019arts plastiques dans un coll\u00e8ge de L\u2019Ha\u00ff-les-Roses, a \u00e9t\u00e9 condamn\u00e9 \u00e0 six ans de prison avoir viol\u00e9 un de ses \u00e9l\u00e8ves. \u00ab\u2009Elle est entr\u00e9e dans sa t\u00eate, dans son corps, elle a tout \u00e9cras\u00e9\u2009\u00bb a estim\u00e9 l\u2019avocate de la victime.<\/p>\n<p class=\" wall-content\"><a href=\"https:\/\/actu.fr\/societe\/rer-c-en-essonne-une-nouvelle-ligne-y-a-la-fois-plus-sure-plus-rapide-et-dotee-de-nouveaux-trains-en-2032_63506480.html\" target=\"_blank\" rel=\"noopener\">RER C en Essonne\u2009: une nouvelle ligne Y \u00e0 la fois plus s\u00fbre, plus rapide et dot\u00e9e de nouveaux trains en 2032<\/a><br \/>Une nouvelle ligne Y pourrait voir le jour dans les ann\u00e9es \u00e0 venir en Essonne. Le 12\u00a0novembre 2025, Val\u00e9rie P\u00e9cresse a \u00e9voqu\u00e9 le projet de cr\u00e9ation de cette ligne d\u2019ici \u00e0 2032 afin de d\u00e9lester le RER C, en souffrance dans le sud du d\u00e9partement.<\/p>\n<p class=\" wall-content\"><a href=\"https:\/\/actu.fr\/ile-de-france\/saint-leu-la-foret_95563\/val-doise-une-trentaine-dindividus-saffrontent-dans-une-rixe-trois-adolescents-hospitalises_63505828.html\" target=\"_blank\" rel=\"noopener\">Val-d\u2019Oise\u2009: une trentaine d\u2019individus s\u2019affrontent dans une rixe, trois adolescents hospitalis\u00e9s<\/a><br \/>Une rixe a \u00e9clat\u00e9 peu avant 19h jeudi 27\u00a0novembre 2025 sur l\u2019avenue Jean-Rostand, non loin de la galerie marchande des Diablots, \u00e0 Saint-Leu-la-For\u00eat (Val-d\u2019Oise). Une trentaine de personnes ont \u00e9t\u00e9 impliqu\u00e9es. Un des adolescents a \u00e9t\u00e9 bless\u00e9 par arme blanche.<\/p>\n<p class=\" wall-content\"><a href=\"https:\/\/actu.fr\/ile-de-france\/limay_78335\/il-apprecie-mon-professionnalisme-ce-coiffeur-des-yvelines-est-aux-petits-soins-pour-marquinhos_63508786.html\" target=\"_blank\" rel=\"noopener\">Yvelines\u2009: Walid Elasri, 25\u00a0ans, est l\u2019un des coiffeurs officiels de Marquinhos, le capitaine du PSG<\/a><br \/>Il aime le football et la coiffure. Walid Elasri, un habitant de\u00a0Magnanville (Yvelines) de 25\u00a0ans, a trouv\u00e9 le moyen de\u00a0concilier les deux. Install\u00e9 \u00e0 un poste \u00e0 responsabilit\u00e9 dans un salon de\u00a0Limay, Le 47 Barber Shop, le jeune homme s\u2019est aussi rapproch\u00e9 d\u2019une star du football mondial \u00e9voluant au Paris Saint-Germain. Au point de devenir un de ses coiffeurs officiels.<\/p>\n<p class=\" wall-content\">Personnalisez votre actualit\u00e9 en ajoutant vos villes et m\u00e9dias en favori avec <a href=\"https:\/\/moncompte.actu.fr\" title=\"D\u00e9couvez Mon Actu\" rel=\"nofollow noopener\" data-trk=\"{&quot;cta&quot;:{&quot;action&quot;:&quot;https:\\\/\\\/moncompte.actu.fr&quot;,&quot;category&quot;:&quot;mon compte&quot;,&quot;from&quot;:&quot;article footer&quot;,&quot;name&quot;:&quot;Mon actu&quot;,&quot;type&quot;:&quot;cta&quot;}}\" target=\"_blank\">Mon Actu<\/a>.<\/p>\n","protected":false},"excerpt":{"rendered":"Par Glenn Gillet Publi\u00e9 le 30 nov. 2025 \u00e0 17h48 Alerte \u00e0 la bombe \u00e0 France T\u00e9l\u00e9vision, grosse&hellip;\n","protected":false},"author":2,"featured_media":567107,"comment_status":"","ping_status":"","sticky":false,"template":"","format":"standard","meta":{"footnotes":""},"categories":[1592],"tags":[1111,11,1777,674,1011,27,662,303,12,626,1072,25,104,252],"class_list":{"0":"post-569303","1":"post","2":"type-post","3":"status-publish","4":"format-standard","5":"has-post-thumbnail","7":"category-ile-de-france","8":"tag-actu","9":"tag-actualites","10":"tag-eu","11":"tag-europe","12":"tag-fr","13":"tag-france","14":"tag-ile-de-france","15":"tag-justice","16":"tag-news","17":"tag-paris","18":"tag-police","19":"tag-republique-francaise","20":"tag-societe","21":"tag-television"},"share_on_mastodon":{"url":"https:\/\/pubeurope.com\/@fr\/115639820437489665","error":""},"_links":{"self":[{"href":"https:\/\/www.europesays.com\/fr\/wp-json\/wp\/v2\/posts\/569303","targetHints":{"allow":["GET"]}}],"collection":[{"href":"https:\/\/www.europesays.com\/fr\/wp-json\/wp\/v2\/posts"}],"about":[{"href":"https:\/\/www.europesays.com\/fr\/wp-json\/wp\/v2\/types\/post"}],"author":[{"embeddable":true,"href":"https:\/\/www.europesays.com\/fr\/wp-json\/wp\/v2\/users\/2"}],"replies":[{"embeddable":true,"href":"https:\/\/www.europesays.com\/fr\/wp-json\/wp\/v2\/comments?post=569303"}],"version-history":[{"count":0,"href":"https:\/\/www.europesays.com\/fr\/wp-json\/wp\/v2\/posts\/569303\/revisions"}],"wp:featuredmedia":[{"embeddable":true,"href":"https:\/\/www.europesays.com\/fr\/wp-json\/wp\/v2\/media\/567107"}],"wp:attachment":[{"href":"https:\/\/www.europesays.com\/fr\/wp-json\/wp\/v2\/media?parent=569303"}],"wp:term":[{"taxonomy":"category","embeddable":true,"href":"https:\/\/www.europesays.com\/fr\/wp-json\/wp\/v2\/categories?post=569303"},{"taxonomy":"post_tag","embeddable":true,"href":"https:\/\/www.europesays.com\/fr\/wp-json\/wp\/v2\/tags?post=569303"}],"curies":[{"name":"wp","href":"https:\/\/api.w.org\/{rel}","templated":true}]}}