{"id":569304,"date":"2025-11-30T17:26:17","date_gmt":"2025-11-30T17:26:17","guid":{"rendered":"https:\/\/www.europesays.com\/fr\/569304\/"},"modified":"2025-11-30T17:26:17","modified_gmt":"2025-11-30T17:26:17","slug":"laurent-nunez-ne-se-dit-pas-favorable-a-linterdiction-du-voile-aux-mineures","status":"publish","type":"post","link":"https:\/\/www.europesays.com\/fr\/569304\/","title":{"rendered":"Laurent Nu\u00f1ez ne se dit \u00ab\u00a0pas favorable\u00a0\u00bb \u00e0 l\u2019interdiction du voile aux mineures"},"content":{"rendered":"<p>                      <img loading=\"lazy\" decoding=\"async\" src=\"https:\/\/www.europesays.com\/fr\/wp-content\/uploads\/2025\/11\/67594cb_ftp-import-images-1-j18sj18imnr3-5531144-01-06.jpg\" alt=\"Laurent Nu\u00f1ez lors d\u2019une s\u00e9ance de questions au gouvernement \u00e0 l\u2019Assembl\u00e9e nationale, \u00e0 Paris, le 26\u00a0novembre 2025.\"   width=\"664\" height=\"443\"\/>    Laurent Nu\u00f1ez lors d\u2019une s\u00e9ance de questions au gouvernement \u00e0 l\u2019Assembl\u00e9e nationale, \u00e0 Paris, le 26\u00a0novembre 2025.  ALAIN JOCARD \/ AFP                        <\/p>\n<p class=\"article__paragraph  \">Le ministre de l\u2019int\u00e9rieur, Laurent Nu\u00f1ez, ne s\u2019est dit \u00ab\u00a0pas favorable\u00a0\u00bb \u00e0 l\u2019interdiction du port du voile aux mineures dans l\u2019espace public, dimanche 30\u00a0novembre sur <a href=\"https:\/\/www.youtube.com\/watch?v=sp-bb4LpTNk\" target=\"_blank\" rel=\"noopener\" title=\"Nouvelle fen\u00eatre\">BFM-TV<\/a>, arguant d\u2019une proposition \u00ab\u00a0tr\u00e8s stigmatisante vis-\u00e0-vis de nos compatriotes musulmans qui peuvent se sentir bless\u00e9s\u00a0\u00bb, tandis que la mesure est d\u00e9fendue par le chef des d\u00e9put\u00e9s Les R\u00e9publicains (LR), Laurent Wauquiez.<\/p>\n<p class=\"article__paragraph  \">L\u2019\u00e9lu de Haute-Loire a d\u00e9pos\u00e9 lundi <a href=\"https:\/\/www.lemonde.fr\/politique\/article\/2025\/11\/24\/laurent-wauquiez-depose-une-proposition-de-loi-pour-interdire-le-voile-aux-mineures-un-texte-anticonstitutionnel-selon-les-juristes_6654667_823448.html\" target=\"_blank\" rel=\"noopener\">une proposition de loi<\/a> pour interdire le port du voile aux mineures dans l\u2019espace public. Des professeurs de droit public interrog\u00e9s par l\u2019Agence France-Presse \u00e9mettent de s\u00e9rieuses r\u00e9serves quant \u00e0 la conformit\u00e9 avec la Constitution de cette proposition d\u00e9j\u00e0 formul\u00e9e, tout en la circonscrivant aux moins de 15\u00a0ans, par le patron des d\u00e9put\u00e9s macronistes Gabriel Attal en mai \u2013 m\u00eame si celui-ci n\u2019avait pas d\u00e9pos\u00e9 de texte.<\/p>\n<p class=\"article__paragraph  \">Un rapport des R\u00e9publicains au S\u00e9nat \u00e9voque par ailleurs l\u2019interdiction du je\u00fbne du ramadan aux moins de 16\u00a0ans, dans le sillage du rapport sur l\u2019entrisme islamique rendu public au printemps par Bruno Retailleau, alors ministre de l\u2019int\u00e9rieur.<\/p>\n<p>                                     Lire aussi |  Article r\u00e9serv\u00e9 \u00e0 nos abonn\u00e9s  <a href=\"https:\/\/www.lemonde.fr\/politique\/article\/2025\/11\/27\/rapport-senatorial-sur-l-islamisme-plusieurs-propositions-seraient-contraires-a-la-constitution-selon-les-juristes_6655057_823448.html\" class=\"js-article-read-also catcher--favoris__link\" data-premium=\"1\" id=\"article-title-3448355\" target=\"_blank\" rel=\"noopener\">Rapport s\u00e9natorial sur l\u2019islamisme\u00a0: plusieurs propositions seraient contraires \u00e0 la Constitution, selon les juristes<\/a>    <\/p>\n<p>   Lire plus tard  <\/p>\n<p>                        \u00ab\u00a0Il faut plut\u00f4t essayer de s\u2019attaquer aux structures\u00a0\u00bb                  <\/p>\n<p class=\"article__paragraph  \">\u00ab\u00a0On se rapproche pas mal du d\u00e9lit d\u2019opinion, donc il faut qu\u2019on soit extr\u00eamement prudents dans les mesures que l\u2019on va proposer\u00a0\u00bb, a d\u00e9clar\u00e9 M. Nu\u00f1ez au sujet de ces deux id\u00e9es. \u00ab\u00a0Il faut faire attention aux mesures qui seraient trop stigmatisantes\u00a0\u00bb, a-t-il martel\u00e9. \u00ab\u00a0Ce qu\u2019on vise, ce sont des structures, des individus qui portent un discours d\u2019entrisme islamiste qui vise \u00e0 faire en sorte qu\u2019a terme la loi religieuse s\u2019impose aux lois de la R\u00e9publique\u00a0\u00bb, a-t-il dit.<\/p>\n<p class=\"article__paragraph  \">Selon le ministre, \u00ab\u00a0il faut plut\u00f4t essayer de s\u2019attaquer \u00e0 ces structures, \u00e0 ces individus qui disent \u00e0 ces jeunes filles qu\u2019elles doivent avoir le droit d\u2019aller voil\u00e9es \u00e0 l\u2019\u00e9cole et (\u2026) que sinon il faut refuser d\u2019aller \u00e0 l\u2019\u00e9cole\u00a0\u00bb.<\/p>\n<p class=\"article__paragraph  \">Sur CNews-Europe 1 dimanche, la ministre charg\u00e9e de l\u2019\u00e9galit\u00e9 entre les femmes et les hommes, Aurore Berg\u00e9, s\u2019est pour sa part dite favorable \u00e0 l\u2019interdiction du port du voile aux fillettes, pour \u00ab\u00a0prot\u00e9ger les enfants\u00a0\u00bb. \u00ab\u00a0\u00c7a fait des ann\u00e9es que je le propose et ce serait bien que maintenant on le fasse. Les groupes politiques peuvent inscrire des propositions de loi \u00e0 l\u2019ordre du jour et je n\u2019ai aucun doute sur le fait qu\u2019il y a maintenant une majorit\u00e9 \u00e0 l\u2019Assembl\u00e9e nationale et au s\u00e9nat pour le voter\u00a0\u00bb, a-t-elle poursuivi.<\/p>\n<p>                                     Lire aussi |  Article r\u00e9serv\u00e9 \u00e0 nos abonn\u00e9s  <a href=\"https:\/\/www.lemonde.fr\/politique\/article\/2025\/11\/27\/les-republicains-repartent-a-l-offensive-sur-l-islamisme_6655003_823448.html\" class=\"js-article-read-also catcher--favoris__link\" data-premium=\"1\" id=\"article-title-3448354\" target=\"_blank\" rel=\"noopener\">Les R\u00e9publicains repartent \u00e0 l\u2019offensive contre le voile<\/a>    <\/p>\n<p>   Lire plus tard  <\/p>\n<p class=\"author__detail\">  Le Monde avec AFP  <\/p>\n<p>                <a href=\"https:\/\/www.lemonde.fr\/syndication\/\" class=\"reuse__content\" title=\"R\u00e9utiliser ce contenu\" target=\"_blank\" rel=\"noopener\">R\u00e9utiliser ce contenu<\/a>      <\/p>\n","protected":false},"excerpt":{"rendered":"Laurent Nu\u00f1ez lors d\u2019une s\u00e9ance de questions au gouvernement \u00e0 l\u2019Assembl\u00e9e nationale, \u00e0 Paris, le 26\u00a0novembre 2025. ALAIN&hellip;\n","protected":false},"author":2,"featured_media":569305,"comment_status":"","ping_status":"","sticky":false,"template":"","format":"standard","meta":{"footnotes":""},"categories":[1888],"tags":[1111,1928,11,1927,1777,674,1011,27,12,1926,626,1925,25],"class_list":{"0":"post-569304","1":"post","2":"type-post","3":"status-publish","4":"format-standard","5":"has-post-thumbnail","7":"category-paris","8":"tag-actu","9":"tag-actu-paris","10":"tag-actualites","11":"tag-actualites-paris","12":"tag-eu","13":"tag-europe","14":"tag-fr","15":"tag-france","16":"tag-news","17":"tag-news-paris","18":"tag-paris","19":"tag-paris-news","20":"tag-republique-francaise"},"share_on_mastodon":{"url":"https:\/\/pubeurope.com\/@fr\/115639825200125643","error":""},"_links":{"self":[{"href":"https:\/\/www.europesays.com\/fr\/wp-json\/wp\/v2\/posts\/569304","targetHints":{"allow":["GET"]}}],"collection":[{"href":"https:\/\/www.europesays.com\/fr\/wp-json\/wp\/v2\/posts"}],"about":[{"href":"https:\/\/www.europesays.com\/fr\/wp-json\/wp\/v2\/types\/post"}],"author":[{"embeddable":true,"href":"https:\/\/www.europesays.com\/fr\/wp-json\/wp\/v2\/users\/2"}],"replies":[{"embeddable":true,"href":"https:\/\/www.europesays.com\/fr\/wp-json\/wp\/v2\/comments?post=569304"}],"version-history":[{"count":0,"href":"https:\/\/www.europesays.com\/fr\/wp-json\/wp\/v2\/posts\/569304\/revisions"}],"wp:featuredmedia":[{"embeddable":true,"href":"https:\/\/www.europesays.com\/fr\/wp-json\/wp\/v2\/media\/569305"}],"wp:attachment":[{"href":"https:\/\/www.europesays.com\/fr\/wp-json\/wp\/v2\/media?parent=569304"}],"wp:term":[{"taxonomy":"category","embeddable":true,"href":"https:\/\/www.europesays.com\/fr\/wp-json\/wp\/v2\/categories?post=569304"},{"taxonomy":"post_tag","embeddable":true,"href":"https:\/\/www.europesays.com\/fr\/wp-json\/wp\/v2\/tags?post=569304"}],"curies":[{"name":"wp","href":"https:\/\/api.w.org\/{rel}","templated":true}]}}