{"id":569312,"date":"2025-11-30T17:30:18","date_gmt":"2025-11-30T17:30:18","guid":{"rendered":"https:\/\/www.europesays.com\/fr\/569312\/"},"modified":"2025-11-30T17:30:18","modified_gmt":"2025-11-30T17:30:18","slug":"les-etats-unis-veulent-garantir-a-kiev-sa-souverainete-et-la-russie-continue-ses-attaques-de-drones","status":"publish","type":"post","link":"https:\/\/www.europesays.com\/fr\/569312\/","title":{"rendered":"Les Etats-Unis veulent garantir \u00e0 Kiev sa souverainet\u00e9 et la Russie continue ses attaques de drones"},"content":{"rendered":"<p>Vous avez rat\u00e9 les derniers \u00e9v\u00e9nements sur la <a href=\"https:\/\/www.20minutes.fr\/monde\/ukraine\/\" class=\"c-link c-link--is-underlined\" target=\"_blank\" rel=\"noopener\">guerre en Ukraine<\/a>\u00a0? 20 Minutes fait le point pour vous tous les soirs. Voici l\u2019essentiel de ce dimanche 30\u00a0novembre, au 1.376e jour du conflit.<\/p>\n<p>Le fait du jour<\/p>\n<p>Des n\u00e9gociations entre la d\u00e9l\u00e9gation ukrainienne et de hauts responsables am\u00e9ricains ont commenc\u00e9 dimanche en <a href=\"https:\/\/www.20minutes.fr\/dossier\/floride\" class=\"c-link c-link--is-underlined\" target=\"_blank\" rel=\"noopener\">Floride<\/a>, pour discuter du plan am\u00e9ricain visant \u00e0 trouver une issue \u00e0 la guerre avec la <a href=\"https:\/\/www.20minutes.fr\/monde\/russie\/\" class=\"c-link c-link--is-underlined\" target=\"_blank\" rel=\"noopener\">Russie<\/a>. Les n\u00e9gociateurs ukrainiens dirig\u00e9s par Roustem Oumerov et le secr\u00e9taire d\u2019Etat am\u00e9ricain Marco Rubio, accompagn\u00e9 par l\u2019envoy\u00e9 sp\u00e9cial de <a href=\"https:\/\/www.20minutes.fr\/dossier\/donald_trump\" class=\"c-link c-link--is-underlined\" target=\"_blank\" rel=\"noopener\">Donald Trump<\/a>, Steve Witkoff, ainsi que le gendre du pr\u00e9sident am\u00e9ricain, Jared Kushner, ont entam\u00e9 la r\u00e9union aux environs de 10h10 locales (16h10 en France).<\/p>\n<p>Au d\u00e9but de la r\u00e9union, le secr\u00e9taire d\u2019Etat am\u00e9ricain <a href=\"https:\/\/www.20minutes.fr\/politique\/marco-rubio\/\" class=\"c-link c-link--is-underlined\" target=\"_blank\" rel=\"noopener\">Marco Rubio<\/a> a d\u00e9clar\u00e9 que ces discussions visaient \u00e0 \u00ab\u00a0ouvrir la voie\u00a0\u00bb \u00e0 une Ukraine \u00ab\u00a0souveraine, ind\u00e9pendante et prosp\u00e8re\u00a0\u00bb. Le chef de la d\u00e9l\u00e9gation ukrainienne, Roustem Oumerov, a d\u00e9clar\u00e9 de son c\u00f4t\u00e9 qu\u2019il voulait discuter avec les Am\u00e9ricains de la s\u00e9curit\u00e9 de l\u2019Ukraine et la reconstruction du pays. Dans un message sur X, il a ajout\u00e9 que sa d\u00e9l\u00e9gation avait pour mission de \u00ab\u00a0garantir les int\u00e9r\u00eats de l\u2019Ukraine\u00a0\u00bb.<\/p>\n<p>Le pr\u00e9sident ukrainien <a href=\"https:\/\/www.20minutes.fr\/monde\/volodymyr-zelensky\/\" class=\"c-link c-link--is-underlined\" target=\"_blank\" rel=\"noopener\">Volodymyr Zelensky<\/a> sera, lui, re\u00e7u \u00e0 l\u2019Elys\u00e9e par <a href=\"https:\/\/www.20minutes.fr\/politique\/emmanuel-macron\/\" class=\"c-link c-link--is-underlined\" target=\"_blank\" rel=\"noopener\">Emmanuel Macron<\/a> lundi. \u00ab\u00a0Les deux dirigeants \u00e9changeront sur la situation et sur les conditions d\u2019une paix juste et durable, dans la continuit\u00e9 des discussions de Gen\u00e8ve et du plan am\u00e9ricain et d\u2019une concertation \u00e9troite avec nos partenaires europ\u00e9ens\u00a0\u00bb, a indiqu\u00e9 samedi la pr\u00e9sidence fran\u00e7aise.<\/p>\n<p>Le(s) chiffre(s) du jour<\/p>\n<p>1 et 11. Ils correspondent respectivement au nombre de morts et de bless\u00e9s dans une attaque de drones pr\u00e8s de <a href=\"https:\/\/www.20minutes.fr\/dossier\/kiev\" class=\"c-link c-link--is-underlined\" target=\"_blank\" rel=\"noopener\">Kiev <\/a>dans la nuit de samedi \u00e0 ce dimanche attribu\u00e9e \u00e0 la Russie, ont annonc\u00e9 les autorit\u00e9s. Mykola Kalachnyk, le chef de l\u2019administration militaire de la r\u00e9gion de Kiev, a \u00e9voqu\u00e9 sur Telegram une nouvelle offensive de \u00ab\u00a0drones\u00a0\u00bb russes, comme <a href=\"https:\/\/www.20minutes.fr\/monde\/ukraine\/4188702-20251129-guerre-ukraine-mort-600-000-personnes-privees-electricite-apres-frappes-kiev-nuit\" class=\"c-link c-link--is-underlined\" target=\"_blank\" rel=\"noopener\">tout au long de la nuit de vendredi \u00e0 samedi<\/a> sur plusieurs quartiers de la capitale ukrainienne.<\/p>\n<p>Le responsable a pr\u00e9cis\u00e9 que les secouristes \u00e9taient en train d\u2019\u00e9vacuer les habitants d\u2019une tour touch\u00e9e par les frappes et dans laquelle les pompiers \u00e9taient \u00e0 pied d\u2019\u0153uvre. \u00ab\u00a0Le nombre de bless\u00e9s risque de grimper\u00a0\u00bb, a pr\u00e9venu Mykola Kalachnyk. Un enfant figure parmi les 11 personnes touch\u00e9es. Six d\u2019entre elles ont \u00e9t\u00e9 hospitalis\u00e9es.<\/p>\n<p>Cette attaque attribu\u00e9e \u00e0 <a href=\"https:\/\/www.20minutes.fr\/monde\/moscou\/\" class=\"c-link c-link--is-underlined\" target=\"_blank\" rel=\"noopener\">Moscou <\/a>fait suite \u00e0 celles, revendiqu\u00e9es par Kiev, <a href=\"https:\/\/www.20minutes.fr\/monde\/ukraine\/4188706-20251129-turquie-petrolier-flotte-fantome-russe-frappe-drone\" class=\"c-link c-link--is-underlined\" target=\"_blank\" rel=\"noopener\">de drones navals contre une infrastructure p\u00e9troli\u00e8re<\/a> majeure dans un port russe en mer Noire.<\/p>\n<\/p>\n<p>La tendance<\/p>\n<p>Les relations se tendent entre l\u2019Ukraine et le <a href=\"https:\/\/www.20minutes.fr\/monde\/kazakhstan\/\" class=\"c-link c-link--is-underlined\" target=\"_blank\" rel=\"noopener\">Kazakhstan<\/a>. Ce dernier a accus\u00e9 Kiev apr\u00e8s une attaque contre un terminal p\u00e9trolier crucial en Russie et a l\u2019appel\u00e9, ce dimanche, \u00e0 cesser ses frappes sur ce terminal crucial pour le transport de <a href=\"https:\/\/www.20minutes.fr\/dossier\/petrole\" class=\"c-link c-link--is-underlined\" target=\"_blank\" rel=\"noopener\">p\u00e9trole <\/a>entre l\u2019Asie centrale et l\u2019Europe. Dans un communiqu\u00e9, la diplomatie kazakhe \u00ab\u00a0proteste contre une nouvelle attaque cibl\u00e9e contre une infrastructure critique appartenant au Consortium international ol\u00e9oduc caspien (CPC) Novorossi\u00efsk\u00a0\u00bb en Russie.<\/p>\n<p>\u00ab\u00a0Nous consid\u00e9rons cet incident comme un acte pr\u00e9judiciable aux relations bilat\u00e9rales entre le Kazakhstan et l\u2019Ukraine, et attendons de la partie ukrainienne qu\u2019elle prenne des mesures efficaces pour \u00e9viter de tels incidents \u00e0 l\u2019avenir\u00a0\u00bb, a d\u00e9clar\u00e9 A\u00efbek Smadiyarov, porte-parole du minist\u00e8re des Affaires \u00e9trang\u00e8res, cit\u00e9 dans ce communiqu\u00e9. L\u2019Ukraine n\u2019a pas officiellement comment\u00e9 cette attaque, qui a, selon le CPC, mis hors d\u2019usage l\u2019une des trois bou\u00e9es d\u2019amarrage du terminal permettant le chargement en mer des p\u00e9troliers.<\/p>\n<p>Le Kazakhstan est alli\u00e9 de la Russie mais maintient une position neutre sur la guerre en Ukraine, dont il appelle r\u00e9guli\u00e8rement \u00e0 respecter la souverainet\u00e9. Il s\u2019agit de la quatri\u00e8me attaque en\u00a02025 touchant le CPC, l\u2019un des ol\u00e9oducs les plus importants au monde.<\/p>\n","protected":false},"excerpt":{"rendered":"Vous avez rat\u00e9 les derniers \u00e9v\u00e9nements sur la guerre en Ukraine\u00a0? 20 Minutes fait le point pour vous&hellip;\n","protected":false},"author":2,"featured_media":569313,"comment_status":"","ping_status":"","sticky":false,"template":"","format":"standard","meta":{"footnotes":""},"categories":[1591],"tags":[47,11,312,1073,73,1887,131,4955,1907,74,1916,12,844,1885,1886,132,134],"class_list":{"0":"post-569312","1":"post","2":"type-post","3":"status-publish","4":"format-standard","5":"has-post-thumbnail","7":"category-russie","8":"tag-actualite","9":"tag-actualites","10":"tag-diplomatie","11":"tag-emmanuel-macron","12":"tag-etats-unis","13":"tag-federation-de-russie","14":"tag-guerre-en-ukraine","15":"tag-kazakhstan","16":"tag-marco-rubio","17":"tag-monde","18":"tag-moscou","19":"tag-news","20":"tag-petrole","21":"tag-russia","22":"tag-russian-federation","23":"tag-russie","24":"tag-volodymyr-zelensky"},"share_on_mastodon":{"url":"https:\/\/pubeurope.com\/@fr\/115639839977185052","error":""},"_links":{"self":[{"href":"https:\/\/www.europesays.com\/fr\/wp-json\/wp\/v2\/posts\/569312","targetHints":{"allow":["GET"]}}],"collection":[{"href":"https:\/\/www.europesays.com\/fr\/wp-json\/wp\/v2\/posts"}],"about":[{"href":"https:\/\/www.europesays.com\/fr\/wp-json\/wp\/v2\/types\/post"}],"author":[{"embeddable":true,"href":"https:\/\/www.europesays.com\/fr\/wp-json\/wp\/v2\/users\/2"}],"replies":[{"embeddable":true,"href":"https:\/\/www.europesays.com\/fr\/wp-json\/wp\/v2\/comments?post=569312"}],"version-history":[{"count":0,"href":"https:\/\/www.europesays.com\/fr\/wp-json\/wp\/v2\/posts\/569312\/revisions"}],"wp:featuredmedia":[{"embeddable":true,"href":"https:\/\/www.europesays.com\/fr\/wp-json\/wp\/v2\/media\/569313"}],"wp:attachment":[{"href":"https:\/\/www.europesays.com\/fr\/wp-json\/wp\/v2\/media?parent=569312"}],"wp:term":[{"taxonomy":"category","embeddable":true,"href":"https:\/\/www.europesays.com\/fr\/wp-json\/wp\/v2\/categories?post=569312"},{"taxonomy":"post_tag","embeddable":true,"href":"https:\/\/www.europesays.com\/fr\/wp-json\/wp\/v2\/tags?post=569312"}],"curies":[{"name":"wp","href":"https:\/\/api.w.org\/{rel}","templated":true}]}}