{"id":569314,"date":"2025-11-30T17:31:14","date_gmt":"2025-11-30T17:31:14","guid":{"rendered":"https:\/\/www.europesays.com\/fr\/569314\/"},"modified":"2025-11-30T17:31:14","modified_gmt":"2025-11-30T17:31:14","slug":"volodymyr-zelensky-un-president-sous-forte-pression-diplomatique-et-militaire","status":"publish","type":"post","link":"https:\/\/www.europesays.com\/fr\/569314\/","title":{"rendered":"Volodymyr Zelensky, un pr\u00e9sident sous forte pression diplomatique et militaire"},"content":{"rendered":"<p><a target=\"_self\" href=\"https:\/\/www.lanouvellerepublique.fr\/a-la-une\/la-tres-mauvaise-passe-de-volodymyr-zelensky-1764445765\" rel=\"noopener\">En grande difficult\u00e9<\/a>, il recherche le soutien de ses partenaires europ\u00e9ens. Dimanche 30\u00a0novembre, avant une nouvelle rencontre entre la d\u00e9l\u00e9gation ukrainienne et les n\u00e9gociateurs am\u00e9ricains, consacr\u00e9e <a target=\"_self\" href=\"https:\/\/www.lanouvellerepublique.fr\/a-la-une\/guerre-en-ukraine-ce-que-contient-precisement-le-projet-de-plan-de-paix-de-donald-trump-en-28-points-1763713373\" rel=\"noopener\">au plan de paix de Donald Trump<\/a>, Volodymyr Zelensky indiquait avoir \u00e9chang\u00e9 avec un de ses plus proches alli\u00e9s, qui est aussi un farouche adversaire de la Russie. \u00ab\u00a0J\u2019ai brief\u00e9 Alex (Alexander Stubb, le pr\u00e9sident finlandais) sur ce \u00e0 quoi se pr\u00e9pare la d\u00e9l\u00e9gation ukrainienne dans le cadre des pourparlers aux \u00c9tats-Unis, ainsi que les signaux que nous avons re\u00e7us de la partie am\u00e9ricaine\u00a0\u00bb, d\u00e9clarait le chef d\u2019\u00c9tat ukrainien, <a target=\"_blank\" href=\"https:\/\/x.com\/ZelenskyyUa\/status\/1995080798588842150\">sur les r\u00e9seaux sociaux<\/a>&#8230;. <\/p>\n<p>    Cet article a \u00e9t\u00e9 tronqu\u00e9. Abonnez-vous pour lire l&rsquo;article complet sur notre site.<\/p>\n<p style=\"margin: 0 !important; padding: 0 !important; font-size: 12px !important;\">Cet article a \u00e9t\u00e9 tronqu\u00e9. Abonnez-vous pour lire l&rsquo;article complet.<\/p>\n<p>    <a href=\"https:\/\/www.lanouvellerepublique.fr\/abonnements\" style=\"display: inline-block; margin-top: 5px !important; padding: 6px 12px !important; background: #cb1c27; color: white; text-decoration: none; border-radius: 4px; font-size: 12px !important;\" target=\"_blank\" rel=\"noopener\"><br \/>\n      S&rsquo;abonner<br \/>\n    <\/a><\/p>\n","protected":false},"excerpt":{"rendered":"En grande difficult\u00e9, il recherche le soutien de ses partenaires europ\u00e9ens. Dimanche 30\u00a0novembre, avant une nouvelle rencontre entre&hellip;\n","protected":false},"author":2,"featured_media":569315,"comment_status":"","ping_status":"","sticky":false,"template":"","format":"standard","meta":{"footnotes":""},"categories":[1590],"tags":[328,11,73,1777,674,329,74,12,132,220],"class_list":{"0":"post-569314","1":"post","2":"type-post","3":"status-publish","4":"format-standard","5":"has-post-thumbnail","7":"category-ukraine","8":"tag-a-la-une","9":"tag-actualites","10":"tag-etats-unis","11":"tag-eu","12":"tag-europe","13":"tag-france-monde","14":"tag-monde","15":"tag-news","16":"tag-russie","17":"tag-ukraine"},"share_on_mastodon":{"url":"https:\/\/pubeurope.com\/@fr\/115639843897429896","error":""},"_links":{"self":[{"href":"https:\/\/www.europesays.com\/fr\/wp-json\/wp\/v2\/posts\/569314","targetHints":{"allow":["GET"]}}],"collection":[{"href":"https:\/\/www.europesays.com\/fr\/wp-json\/wp\/v2\/posts"}],"about":[{"href":"https:\/\/www.europesays.com\/fr\/wp-json\/wp\/v2\/types\/post"}],"author":[{"embeddable":true,"href":"https:\/\/www.europesays.com\/fr\/wp-json\/wp\/v2\/users\/2"}],"replies":[{"embeddable":true,"href":"https:\/\/www.europesays.com\/fr\/wp-json\/wp\/v2\/comments?post=569314"}],"version-history":[{"count":0,"href":"https:\/\/www.europesays.com\/fr\/wp-json\/wp\/v2\/posts\/569314\/revisions"}],"wp:featuredmedia":[{"embeddable":true,"href":"https:\/\/www.europesays.com\/fr\/wp-json\/wp\/v2\/media\/569315"}],"wp:attachment":[{"href":"https:\/\/www.europesays.com\/fr\/wp-json\/wp\/v2\/media?parent=569314"}],"wp:term":[{"taxonomy":"category","embeddable":true,"href":"https:\/\/www.europesays.com\/fr\/wp-json\/wp\/v2\/categories?post=569314"},{"taxonomy":"post_tag","embeddable":true,"href":"https:\/\/www.europesays.com\/fr\/wp-json\/wp\/v2\/tags?post=569314"}],"curies":[{"name":"wp","href":"https:\/\/api.w.org\/{rel}","templated":true}]}}