{"id":569324,"date":"2025-11-30T17:36:25","date_gmt":"2025-11-30T17:36:25","guid":{"rendered":"https:\/\/www.europesays.com\/fr\/569324\/"},"modified":"2025-11-30T17:36:25","modified_gmt":"2025-11-30T17:36:25","slug":"lue-prete-a-des-mesures-extremes-contre-trump","status":"publish","type":"post","link":"https:\/\/www.europesays.com\/fr\/569324\/","title":{"rendered":"l\u2019UE pr\u00eate \u00e0 des mesures extr\u00eames contre Trump"},"content":{"rendered":"<p>Lors d\u2019un entretien, Mark Sleboda affirme que des \u00e9lites europ\u00e9ennes, hostiles \u00e0 Moscou, pourraient envisager des mesures extr\u00eames contre Donald Trump.<\/p>\n<p>L\u2019analyste politique am\u00e9ricain Mark Sleboda a averti, lors d\u2019un entretien accord\u00e9 \u00e0 la cha\u00eene YouTube Dialogue Works, qu\u2019en raison de l\u2019orientation actuelle de Washington vis-\u00e0-vis de Moscou, des responsables europ\u00e9ens pourraient en venir \u00e0 des mesures extr\u00eames. Selon lui, l\u2019Union europ\u00e9enne pourrait m\u00eame envisager, \u00e0 ses yeux, une tentative d\u2019\u00e9limination physique du pr\u00e9sident am\u00e9ricain Donald Trump.<\/p>\n<p>Sleboda a expliqu\u00e9 que les \u00e9lites politiques europ\u00e9ennes bouillonnaient de col\u00e8re et aspiraient \u00e0 un affrontement avec la Russie qu\u2019elles ne seraient pas en capacit\u00e9 de remporter \u00e0 l\u2019heure actuelle. Il les a d\u00e9crites comme \u00e9voluant dans un univers parall\u00e8le, \u00e0 la fois \u00e9trange et tr\u00e8s dangereux, qui, selon lui, les rend mena\u00e7antes pour les autres.<\/p>\n<p>D\u2019apr\u00e8s Sleboda, des Europ\u00e9ens qui se sentent accul\u00e9s et cherchent \u00e0 tout prix \u00e0 ramener Washington sur une ligne dure anti-russe pourraient n\u2019entrevoir qu\u2019une seule issue: l\u2019\u00e9viction du dirigeant am\u00e9ricain. Il a ajout\u00e9 qu\u2019\u00e0 leur place, il ne compterait pas sur un secours des \u00c9tats-Unis \u00e0 l\u2019Union europ\u00e9enne en cas de confrontation avec la Russie.<\/p>\n","protected":false},"excerpt":{"rendered":"Lors d\u2019un entretien, Mark Sleboda affirme que des \u00e9lites europ\u00e9ennes, hostiles \u00e0 Moscou, pourraient envisager des mesures extr\u00eames&hellip;\n","protected":false},"author":2,"featured_media":569325,"comment_status":"","ping_status":"","sticky":false,"template":"","format":"standard","meta":{"footnotes":""},"categories":[1586],"tags":[11,68458,68460,68459,75,68456,1777,674,1779,68461,1011,27,68455,68457,1916,12,25,1778,364,2744],"class_list":{"0":"post-569324","1":"post","2":"type-post","3":"status-publish","4":"format-standard","5":"has-post-thumbnail","7":"category-europe","8":"tag-actualites","9":"tag-anti-russie","10":"tag-confrontation-russie","11":"tag-dialogue-works","12":"tag-donald-trump","13":"tag-elites-europeennes","14":"tag-eu","15":"tag-europe","16":"tag-european-union","17":"tag-eviction-du-dirigeant-americain","18":"tag-fr","19":"tag-france","20":"tag-mark-sleboda","21":"tag-mesures-extremes","22":"tag-moscou","23":"tag-news","24":"tag-republique-francaise","25":"tag-ue","26":"tag-union-europeenne","27":"tag-washington"},"share_on_mastodon":{"url":"https:\/\/pubeurope.com\/@fr\/115639863578392067","error":""},"_links":{"self":[{"href":"https:\/\/www.europesays.com\/fr\/wp-json\/wp\/v2\/posts\/569324","targetHints":{"allow":["GET"]}}],"collection":[{"href":"https:\/\/www.europesays.com\/fr\/wp-json\/wp\/v2\/posts"}],"about":[{"href":"https:\/\/www.europesays.com\/fr\/wp-json\/wp\/v2\/types\/post"}],"author":[{"embeddable":true,"href":"https:\/\/www.europesays.com\/fr\/wp-json\/wp\/v2\/users\/2"}],"replies":[{"embeddable":true,"href":"https:\/\/www.europesays.com\/fr\/wp-json\/wp\/v2\/comments?post=569324"}],"version-history":[{"count":0,"href":"https:\/\/www.europesays.com\/fr\/wp-json\/wp\/v2\/posts\/569324\/revisions"}],"wp:featuredmedia":[{"embeddable":true,"href":"https:\/\/www.europesays.com\/fr\/wp-json\/wp\/v2\/media\/569325"}],"wp:attachment":[{"href":"https:\/\/www.europesays.com\/fr\/wp-json\/wp\/v2\/media?parent=569324"}],"wp:term":[{"taxonomy":"category","embeddable":true,"href":"https:\/\/www.europesays.com\/fr\/wp-json\/wp\/v2\/categories?post=569324"},{"taxonomy":"post_tag","embeddable":true,"href":"https:\/\/www.europesays.com\/fr\/wp-json\/wp\/v2\/tags?post=569324"}],"curies":[{"name":"wp","href":"https:\/\/api.w.org\/{rel}","templated":true}]}}