{"id":569326,"date":"2025-11-30T17:37:16","date_gmt":"2025-11-30T17:37:16","guid":{"rendered":"https:\/\/www.europesays.com\/fr\/569326\/"},"modified":"2025-11-30T17:37:16","modified_gmt":"2025-11-30T17:37:16","slug":"a-lepoque-ou-le-service-militaire-etait-obligatoire-ils-ont-tout-fait-pour-echapper-a-la-conscription","status":"publish","type":"post","link":"https:\/\/www.europesays.com\/fr\/569326\/","title":{"rendered":"\u00c0 l\u2019\u00e9poque o\u00f9 le service militaire \u00e9tait obligatoire, ils ont tout fait pour \u00e9chapper \u00e0 la conscription"},"content":{"rendered":"<p>        <img decoding=\"async\" loading=\"lazy\" src=\"https:\/\/www.europesays.com\/fr\/wp-content\/uploads\/2025\/11\/a18cc09_upload-1-6qbcwpxrsyky-afp-20251127-86cv23g-v1-highres-francepoliticsdefense.jpg\"  width=\"728\" height=\"410\" alt=\"\u00c0 la base militaire de Varces, dans les Alpes fran\u00e7aises, le 27\u00a0novembre 2025, Emmanuel Macron a d\u00e9clar\u00e9 que la France r\u00e9tablirait le service militaire volontaire \u00e0 partir de l\u2019\u00e9t\u00e9 2026.\"\/>  <\/p>\n<p>THOMAS PADILLA \/ AFP<\/p>\n<p>\u00c0 la base militaire de Varces, dans les Alpes fran\u00e7aises, le 27\u00a0novembre 2025, Emmanuel Macron a d\u00e9clar\u00e9 que la France r\u00e9tablirait le service militaire volontaire \u00e0 partir de l\u2019\u00e9t\u00e9 2026.<\/p>\n<p class=\"asset asset-text\">\u00ab\u00a0Notre jeunesse a soif d\u2019engagement.\u00a0\u00bb Emmanuel Macron a ressuscit\u00e9 jeudi 27\u00a0novembre un <a href=\"https:\/\/www.huffingtonpost.fr\/politique\/video\/nouveau-service-national-militaire-annonce-par-macron-age-solde-duree-tout-ce-qu-il-faut-savoir_257598.html\" target=\"_blank\" rel=\"noopener\">service na<\/a><a href=\"https:\/\/www.huffingtonpost.fr\/politique\/video\/nouveau-service-national-militaire-annonce-par-macron-age-solde-duree-tout-ce-qu-il-faut-savoir_257598.html\" target=\"_blank\" rel=\"noopener\">tional milita<\/a><a href=\"https:\/\/www.huffingtonpost.fr\/politique\/video\/nouveau-service-national-militaire-annonce-par-macron-age-solde-duree-tout-ce-qu-il-faut-savoir_257598.html\" target=\"_blank\" rel=\"noopener\">ire <\/a>de dix mois pour les jeunes majeurs, volontaire et cens\u00e9 \u00ab\u00a0r\u00e9pondre aux besoins des arm\u00e9es\u00a0\u00bb face aux risques de conflit. Sans toutefois aller jusqu\u2019\u00e0 <a href=\"https:\/\/www.huffingtonpost.fr\/politique\/video\/le-service-national-militaire-de-macron-sera-obligatoire-dans-ce-cas-precis-uniquement_257600.html\" target=\"_blank\" rel=\"noopener\">r\u00e9tablir la conscription<\/a>, service militaire obligatoire, d\u00e9finitivement supprim\u00e9 en 2001.<\/p>\n<p class=\"asset asset-text\">Avant cela, des millions de jeunes Fran\u00e7ais ont effectu\u00e9 cette pr\u00e9paration militaire. Si certains en sont revenus munis du permis poids lourd, de copains de chambr\u00e9e et d\u2019une exp\u00e9rience unique en r\u00e9giment, d\u2019autres ont tout fait pour y \u00e9chapper, alors qu\u2019ils \u00e9taient \u00ab\u00a0aptes\u00a0\u00bb \u00e0 le faire, selon les crit\u00e8res de l\u2019arm\u00e9e. Si, en 1963, la loi cr\u00e9\u00e9e un service civil pour les objecteurs de conscience, ce statut n\u2019\u00e9tait pas accord\u00e9 dans tous les cas. Alors, de nombreux jeunes hommes ont us\u00e9 de \u00ab\u00a0techniques\u00a0\u00bb plus ou moins abouties, dans le but d\u2019\u00eatre exempt\u00e9s ou r\u00e9form\u00e9s.<\/p>\n<p class=\"asset asset-text\">Voici quelques histoires que nous ont confi\u00e9es nos lecteurs, en r\u00e9pondant \u00e0 notre appel \u00e0 t\u00e9moignages. La plupart ont r\u00e9ussi \u00e0 \u00eatre r\u00e9form\u00e9s ou exempt\u00e9s lors des \u00ab\u00a0trois\u00a0jours\u00a0\u00bb de tests, durant lesquels l\u2019arm\u00e9e jugeait de leurs aptitudes, physiques ou psychologiques, \u00e0 effectuer ou non leur service militaire.<\/p>\n<p>    <strong>Une \u00ab\u00a0fausse radiographie d\u2019ulc\u00e8re \u00e0 l\u2019estomac\u00a0\u00bb<\/strong>    <\/p>\n<p class=\"asset asset-text\">\u00c0 Blois,  j\u2019avais coch\u00e9 sur une liste re\u00e7ue en arrivant une palanqu\u00e9e de maladies fictives. L\u2019ulc\u00e8re \u00e0 l\u2019estomac a fait tilter un toubib, qui m\u2019a demand\u00e9 d\u2019apporter des r\u00e9sultats examens lors d\u2019un nouveau \u00ab\u00a0trois jours\u00a0\u00bb.<\/p>\n<p class=\"asset asset-text\">Entre-temps, j\u2019ai couru un peu partout et finalement, j\u2019ai trouv\u00e9 une toubib antimilitariste qui m\u2019a sorti une radiographie avec ulc\u00e8re, pour une somme modique compar\u00e9e au calvaire du service. Je n\u2019ai m\u00eame pas eu besoin de la sortir de son enveloppe kraft \u00e0 mon retour. \u00ab\u00a0Vous revenez pour quoi\u00a0?\u00a0\u00bb \u00ab\u00a0Ulc\u00e8re \u00e0 l\u2019estomac\u00a0\u00bb. Et paf\u00a0! Le tampon exempt\u00e9 sur ma fiche militaire. Je suis all\u00e9 f\u00eater \u00e7a comme il se doit. Aucun remords, aucun regret. J\u2019ai tr\u00e8s bien v\u00e9cu sans passer par le vert kaki.<\/p>\n<p class=\"asset asset-text\"><strong>Marc*, 62\u00a0ans<\/strong><\/p>\n<p>    \u00ab\u00a0J\u2019ai sing\u00e9 la d\u00e9pression\u00a0\u00bb    <\/p>\n<p class=\"asset asset-text\">Pendant les \u00ab\u00a0trois\u00a0jours\u00a0\u00bb, j\u2019ai sing\u00e9 la d\u00e9pression. J\u2019avais aval\u00e9 un cachet de Valium en cas de contr\u00f4le plus pouss\u00e9. J\u2019ai demand\u00e9 \u00e0 voir le psychiatre. J\u2019ai baiss\u00e9 la t\u00eate en rentrant, c\u2019\u00e9tait une femme. Je n\u2019ai pas vu son visage. Je r\u00e9pondais inlassablement \u00ab\u00a0Je ne sais pas\u00a0\u00bb \u00e0 toutes ses questions. Au bout de l\u2019entretien, tampon rouge. J\u2019\u00e9tais heureux. J\u2019avais 21\u00a0ans, je revenais d\u2019un road trip en Australie et j\u2019\u00e9tais antimilitariste.<\/p>\n<p class=\"asset asset-text\">Avec l\u2019\u00e2ge, je me dis parfois que \u00e7a aurait pu \u00eatre une exp\u00e9rience int\u00e9ressante et en m\u00eame temps, tous mes copains ont surtout soit appris \u00e0 fumer des joints, soit approfondi leur connaissance en beuveries.<\/p>\n<p class=\"asset asset-text\"><strong>Bruno*, 58\u00a0ans<\/strong><\/p>\n<p>    Une \u00ab\u00a0d\u00e9faillance auditive d\u2019une oreille\u00a0\u00bb    <\/p>\n<p class=\"asset asset-text\">Je ne voyais pas du tout l\u2019int\u00e9r\u00eat de faire un service militaire. C\u2019\u00e9tait pour moi, gaspiller une ann\u00e9e pour se faire des \u00ab\u00a0souvenirs du r\u00e9giment\u00a0\u00bb\u00a0: aucun int\u00e9r\u00eat. \u00c0 la fin de mon ann\u00e9e de ma\u00eetrise en urbanisme (bac + 4), un de mes amis, dont le fr\u00e8re faisait son service militaire dans un service de m\u00e9decine, m\u2019a appris que la surdit\u00e9 d\u2019une oreille \u00e9tait motif d\u2019exemption\u2026<\/p>\n<p class=\"asset asset-text\">Lors des \u00ab\u00a0trois jours\u00a0\u00bb, j\u2019ai simul\u00e9 une d\u00e9faillance auditive d\u2019une oreille en signalant un l\u00e9ger bourdonnement, alors qu\u2019on m\u2019envoyait un sifflement strident dans le casque. Les m\u00e9decins de l\u2019arm\u00e9e m\u2019ont conseill\u00e9 de me faire examiner plus en d\u00e9tail, que cette perte d\u2019audition pouvait \u00eatre due \u00e0 une tumeur au cerveau\u2026 J\u2019ai ainsi \u00e9chapp\u00e9 \u00e0 une ann\u00e9e de conscription. Je ne regrette pas mon choix.<\/p>\n<p class=\"asset asset-text\"><strong>Jo\u00ebl, 63\u00a0ans<\/strong><\/p>\n<p>    \u00ab\u00a0Je me suis teint les cheveux en vert\u00a0\u00bb    <\/p>\n<p class=\"asset asset-text\">J\u2019ai d\u00e9cid\u00e9 tr\u00e8s t\u00f4t de ne pas faire mon service militaire, par antimilitarisme. Pour moi, le service militaire c\u2019est l\u2019h\u00e9catombe de Verdun, c\u2019est la d\u00e9b\u00e2cle de 40, c\u2019est les appel\u00e9s en Alg\u00e9rie. Je fus donc convoqu\u00e9 aux fameux \u00ab\u00a0trois jours\u00a0\u00bb. C\u2019\u00e9tait de notori\u00e9t\u00e9 publique que ceux qui tentaient de resquiller risquaient de se faire envoyer dans les pires unit\u00e9s \u00ab\u00a0pour en baver\u00a0\u00bb. M\u00eame topo si on vous soup\u00e7onnait d\u2019\u00eatre un fumeur de hasch ou un fan de Heavy Metal.<\/p>\n<p class=\"asset asset-text\">Ma pr\u00e9paration commen\u00e7a quelques jours avant le jour J\u00a0: je me suis teint les cheveux en vert. Ce genre de coiffures ne m\u2019\u00e9tait pas \u00e9tranger, j\u2019\u00e9tais fan de punk rock. La veille au soir, je me suis pris une bonne cuite de derri\u00e8re les fagots. Je pris le train avant l\u2019aurore en emportant avec moi quelques Huit-six que je sirotais \u00ab\u00a0tranquilou cul sec\u00a0\u00bb pendant le trajet vers ma caserne d\u2019affectation. J\u2019en profitais aussi pour avaler quelques m\u00e9docs qu\u2019un pote m\u2019avait refil\u00e9s.<\/p>\n<p class=\"asset asset-text\">Je suis arriv\u00e9 dans un bel \u00e9tat devant les troufions. D\u00e8s que l\u2019un d\u2019eux m\u2019adressait la parole, je lui r\u00e9pondais avec une agressivit\u00e9 non feinte, exag\u00e9r\u00e9e plut\u00f4t. Leur attitude oscillait entre surprise et amusement \u00e0 me voir d\u00e9bouler dans les couloirs avec ma tignasse de punk \u00e0 chiens.  Il s\u2019agissait de convaincre le toubib qu\u2019il nous envoie chez le psychiatre. S\u2019acharner sur un type qui ne plierait pas et qui passerait son service au mitard n\u2019\u00e9tait pas une option, surtout lorsqu\u2019on parlait d\u00e9j\u00e0 d\u2019\u00e9liminer le service militaire.<\/p>\n<p class=\"asset asset-text\">Le psy m\u2019a examin\u00e9. Il m\u2019a lanc\u00e9 la premi\u00e8re bou\u00e9e. \u00ab\u00a0C\u2019est une tentative de suicide\u00a0?\u00a0\u00bb, fit-il en examinant une cicatrice sur mon avant-bras. \u00ab\u00a0Bien s\u00fbr\u00a0\u00bb, lui fis-je alors qu\u2019il s\u2019agissait d\u2019une banale balafre de l\u2019enfance mal cicatris\u00e9e. Je lui expliquai ensuite que j\u2019\u00e9tais alcoolique et accroc aux amphet\u2019, \u00e0 la blanche et aux acides. Il m\u2019a regard\u00e9 fixement, a inscrit un sigle sur ma fiche et m\u2019a laiss\u00e9 partir. J\u2019\u00e9tais r\u00e9form\u00e9 pour raisons m\u00e9dicales.<\/p>\n<p class=\"asset asset-text\"><strong>Ludovic, 51\u00a0ans<\/strong><\/p>\n<p>    \u00ab\u00a0J\u2019ai dit que je ne pouvais pas quitter ma maman\u00a0\u00bb    <\/p>\n<p class=\"asset asset-text\">C\u2019\u00e9tait en 1980, \u00e0 Vincennes. La veille des \u00ab\u00a0trois jours\u00a0\u00bb, j\u2019avais fait une nuit blanche et bu trois litres de caf\u00e9. J\u2019ai demand\u00e9 \u00e0 voir le psy et je lui ai expliqu\u00e9 que je ne pouvais pas quitter ma maman, que je ne pouvais pas me retrouver dans un environnement de m\u00e2les alpha, que j\u2019allais me foutre en l\u2019air. Je ne sais pas s\u2019il m\u2019a cru ou pas. Il m\u2019a conseill\u00e9 de voir quelqu\u2019un et m\u2019a exempt\u00e9 P4. \u00c0 cette \u00e9poque, la paix \u00e9tait un truc acquis et je consid\u00e9rais \u00e7a d\u2019autant moins utile d\u2019aller faire le guignol avec un fusil. Avec le recul, je regrette de ne pas l\u2019avoir fait. Pas pour l\u2019\u00e9ducation militaire. Mais c\u2019\u00e9tait une occasion unique de c\u00f4toyer des gens que je n\u2019aurais pas l\u2019occasion de croiser ensuite dans ma vie, de sortir de ma bulle.<\/p>\n<p class=\"asset asset-text\"><strong>Pascal*, 67\u00a0ans<\/strong><\/p>\n<p>    \u00ab\u00a0Pass\u00e9 15\u00a0ans, vous uriniez dans le lit\u00a0?\u00a0\u00bb    <\/p>\n<p class=\"asset asset-text\">N\u00e9 \u00e0 Biarritz en 1949, je fais partie de cette g\u00e9n\u00e9ration qui a vu le surf \u00e9clore dans cette ville. Les tr\u00e8s jeunes adultes ou grands ados que nous \u00e9tions &#8211; 17-20\u00a0ans &#8211; commen\u00e7aient \u00e0 la fin des sixties \u00e0 avoir les cheveux longs, \u00e0 marcher pieds nus en ville, avec autour du cou un collier de perles, ou bien un Tiki, repr\u00e9sentation d\u2019un dieu hawa\u00efen. Nous \u00e9tions \u00e0 l\u2019\u00e9poque tr\u00e8s mal per\u00e7us par la bonne soci\u00e9t\u00e9 biarrote.<\/p>\n<p class=\"asset asset-text\">Lors des \u00ab\u00a0trois jours\u00a0\u00bb, bien r\u00e9solu \u00e0 ne pas faire mon service et encore moins \u00e0 me retrouver en Allemagne, je suivis le conseil de copains qui m\u2019incit\u00e8rent \u00e0 rencontrer le psychiatre du centre. Lors de l\u2019entrevue, je bafouillais et le m\u00e9decin me tendit une perche\u00a0: \u00ab\u00a0Vous\u00a0souvenez-vous si, pass\u00e9 15\u00a0ans, vous uriniez dans le lit\u00a0?\u00a0\u00bb<\/p>\n<p class=\"asset asset-text\">Je saisis aussit\u00f4t l\u2019occasion et r\u00e9pondis par l\u2019affirmative. Le lendemain, un officier convint que je voulais \u00e9chapper \u00e0 cette obligation et me souhaita une bonne poursuite de mes \u00e9tudes. J\u2019\u00e9tais exempt\u00e9. J\u2019ai pens\u00e9 apr\u00e8s coup qu\u2019ils \u00e9vitaient de prendre des \u00e9tudiants qui pouvaient \u00eatre autant de fauteurs de troubles. J\u2019ai retrouv\u00e9 l\u2019oc\u00e9an et les vagues avec une jouissance accrue.<\/p>\n<p class=\"asset asset-text\"><strong>Henri*, 76\u00a0ans<\/strong><\/p>\n<p class=\"asset asset-text\">*Les pr\u00e9noms ont \u00e9t\u00e9 modifi\u00e9s<\/p>\n","protected":false},"excerpt":{"rendered":"THOMAS PADILLA \/ AFP \u00c0 la base militaire de Varces, dans les Alpes fran\u00e7aises, le 27\u00a0novembre 2025, Emmanuel&hellip;\n","protected":false},"author":2,"featured_media":569327,"comment_status":"","ping_status":"","sticky":false,"template":"","format":"standard","meta":{"footnotes":""},"categories":[2],"tags":[11,1813,1011,27,1146,5656,12,25,29810],"class_list":{"0":"post-569326","1":"post","2":"type-post","3":"status-publish","4":"format-standard","5":"has-post-thumbnail","7":"category-actualites","8":"tag-actualites","9":"tag-armee","10":"tag-fr","11":"tag-france","12":"tag-guerre","13":"tag-life","14":"tag-news","15":"tag-republique-francaise","16":"tag-service-militaire"},"share_on_mastodon":{"url":"https:\/\/pubeurope.com\/@fr\/115639868381444051","error":""},"_links":{"self":[{"href":"https:\/\/www.europesays.com\/fr\/wp-json\/wp\/v2\/posts\/569326","targetHints":{"allow":["GET"]}}],"collection":[{"href":"https:\/\/www.europesays.com\/fr\/wp-json\/wp\/v2\/posts"}],"about":[{"href":"https:\/\/www.europesays.com\/fr\/wp-json\/wp\/v2\/types\/post"}],"author":[{"embeddable":true,"href":"https:\/\/www.europesays.com\/fr\/wp-json\/wp\/v2\/users\/2"}],"replies":[{"embeddable":true,"href":"https:\/\/www.europesays.com\/fr\/wp-json\/wp\/v2\/comments?post=569326"}],"version-history":[{"count":0,"href":"https:\/\/www.europesays.com\/fr\/wp-json\/wp\/v2\/posts\/569326\/revisions"}],"wp:featuredmedia":[{"embeddable":true,"href":"https:\/\/www.europesays.com\/fr\/wp-json\/wp\/v2\/media\/569327"}],"wp:attachment":[{"href":"https:\/\/www.europesays.com\/fr\/wp-json\/wp\/v2\/media?parent=569326"}],"wp:term":[{"taxonomy":"category","embeddable":true,"href":"https:\/\/www.europesays.com\/fr\/wp-json\/wp\/v2\/categories?post=569326"},{"taxonomy":"post_tag","embeddable":true,"href":"https:\/\/www.europesays.com\/fr\/wp-json\/wp\/v2\/tags?post=569326"}],"curies":[{"name":"wp","href":"https:\/\/api.w.org\/{rel}","templated":true}]}}