{"id":569329,"date":"2025-11-30T17:39:28","date_gmt":"2025-11-30T17:39:28","guid":{"rendered":"https:\/\/www.europesays.com\/fr\/569329\/"},"modified":"2025-11-30T17:39:28","modified_gmt":"2025-11-30T17:39:28","slug":"direct-revivez-lelimination-de-lunion-foot-de-touraine-au-8e-tour-de-la-coupe-de-france-devant-plus-de-6-500-personnes","status":"publish","type":"post","link":"https:\/\/www.europesays.com\/fr\/569329\/","title":{"rendered":"DIRECT. Revivez l&rsquo;\u00e9limination de l&rsquo;Union Foot de Touraine au 8e tour de la Coupe de France devant plus de 6.500 personnes"},"content":{"rendered":"<p>Ce direct \u00e9tait anim\u00e9 par les journalistes du service des sports de La Nouvelle R\u00e9publique.<\/p>\n<p><strong>Union Foot de Touraine (N3) &#8211; Estac Troyes (Ligue 2)\u00a0: 0-2.<\/strong><\/p>\n<p>Devant plus de 6.500 spectateurs, les joueurs de l&rsquo;UFT n&rsquo;ont pas r\u00e9ussi \u00e0 r\u00e9aliser l&rsquo;exploit ce dimanche 30 novembre 2025, face au leader de Ligue 2. Ils ont pourtant jou\u00e9 sans complexe, mais n&rsquo;ont pas r\u00e9ussi \u00e0 se montrer assez efficaces pr\u00e8s du but, au contraire de l&rsquo;Estac qui a converti ses deux grosses occasions. L&rsquo;aventure en Coupe de France s&rsquo;arr\u00eate donc au 8e tour pour le club tourangeau, qui aura n\u00e9anmoins offert un beau spectacle au stade de la Vall\u00e9e du Cher.<\/p>\n<p>Deuxi\u00e8me mi-temps<\/p>\n<p><strong>90e+3. <\/strong>C&rsquo;est termin\u00e9 ! Les joueurs de l&rsquo;UFT n&rsquo;ont pas d\u00e9m\u00e9rit\u00e9 mais ils s&rsquo;inclinent logiquement contre Troyes, qui a fait preuve de r\u00e9alisme. Les Troyens font une haie d&rsquo;honneur pour les Tourangeaux, qui s&rsquo;en vont ensuite remercier leurs supporteurs, notamment les Turons qui ont chant\u00e9 tout au long du match et craquent encore des fumig\u00e8nes.<\/p>\n<p><strong>90e+1. <\/strong>On entre dans le temps additionnel, qui sera seulement de trois minutes&#8230;<\/p>\n<p><strong>90e.<\/strong> Walid Bouaziz n&rsquo;\u00e9tait pas loin de r\u00e9duire la marque ! Dans la surface, il dribble pour s&rsquo;ouvrir une fen\u00eatre de tir et enroule son ballon, \u00e7a passe de peu \u00e0 c\u00f4t\u00e9 ! <\/p>\n<p><strong>87e. <\/strong>Derni\u00e8re carte abattue par Herv\u00e9 Loubat : il sort Sosa Maluvunu pour l&rsquo;attaquant Cheikh Diakit\u00e9.<\/p>\n<p><strong>81e. <\/strong>Troyes est en mode gestion dans ces dix derni\u00e8res minutes, mais les Tourangeaux montrent toujours une bonne volont\u00e9.<\/p>\n<p><img alt=\"L\u2019UFT va-t-elle r\u00e9ussir \u00e0 \u00e9galiser dans cette fin de match\u00a0?\" loading=\"lazy\" width=\"980\" height=\"573\" decoding=\"async\" data-nimg=\"1\" class=\"img-responsive spinner-show\" style=\"color:transparent;background-size:cover;background-position:50% 50%;background-repeat:no-repeat;background-image:url(&quot;data:image\/svg+xml;charset=utf-8,%3Csvg xmlns='http:\/\/www.w3.org\/2000\/svg' viewBox='0 0 980 573'%3E%3Cfilter id='b' color-interpolation-filters='sRGB'%3E%3CfeGaussianBlur stdDeviation='20'\/%3E%3CfeColorMatrix values='1 0 0 0 0 0 1 0 0 0 0 0 1 0 0 0 0 0 100 -1' result='s'\/%3E%3CfeFlood x='0' y='0' width='100%25' height='100%25'\/%3E%3CfeComposite operator='out' in='s'\/%3E%3CfeComposite in2='SourceGraphic'\/%3E%3CfeGaussianBlur stdDeviation='20'\/%3E%3C\/filter%3E%3Cimage width='100%25' height='100%25' x='0' y='0' preserveAspectRatio='none' style='filter: url(%23b);' href='https:\/\/images.lanouvellerepublique.fr\/image\/upload\/t_88w\/f_auto\/692c740ff6cf6bc02c8b45ba.jpg'\/%3E%3C\/svg%3E&quot;)\"   src=\"https:\/\/www.europesays.com\/fr\/wp-content\/uploads\/2025\/11\/692c740ff6cf6bc02c8b45ba.jpg\"\/><\/p>\n<p style=\"background-color:#F2F2F2;padding:5px;margin-top:0px;margin-bottom:10px\">L\u2019UFT va-t-elle r\u00e9ussir \u00e0 \u00e9galiser dans cette fin de match\u00a0?<br \/> \u00a9 (Photo NR,Julien Pruvost)<\/p>\n<p><strong>75e. <\/strong>Troisi\u00e8me et quatri\u00e8me changements pour Troyes\u00a0: Mille et Adeline sortent au profit de Philiponeau et Ifnaoui.<\/p>\n<p><strong>74e. <\/strong>Les Tourangeaux n\u2019ont pas abdiqu\u00e9 et continuent \u00e0 se projeter vers l\u2019avant, mais ils manquent encore cruellement d\u2019efficacit\u00e9. Ce nouveau tir de Djemel, \u00e0 l\u2019entr\u00e9e de la surface, est ainsi au-dessus\u2026<\/p>\n<p><strong>68e. BUT pour Troyes\u00a0! <\/strong>Il suffisait qu\u2019on dise cela pour voir l\u2019Estac marquer \u00e0 nouveau, sur un contre cons\u00e9cutif \u00e0 une balle perdue par Boudinar. Matthys Detourbet, lanc\u00e9 \u00e0 la limite du hors-jeu, croise parfaitement sa frappe.<\/p>\n<p><strong>67e. <\/strong>Les Troyens ne se montrent pas vraiment dangereux, \u00e0 l\u2019image de ce tir en premi\u00e8re intention de Mille largement au-dessus. Il y a de la place pour l\u2019UFT, c\u2019est s\u00fbr\u00a0!<\/p>\n<p><strong>65e.<\/strong> Herv\u00e9 Loubat op\u00e8re deux nouveaux changements, au milieu de terrain\u00a0: Rezk Redouani c\u00e8de sa place \u00e0 Dylan Biaka, et Etienne Mabonki est remplac\u00e9 par Houari Djemel.<\/p>\n<p><strong>63e. <\/strong>Sur une attaque rapide troyenne, Adeline tente de centrer en retrait, mais Redouani revient bien pour tacler la balle en corner. Corner qui ne donne rien pour l\u2019Estac.<\/p>\n<p><img alt=\"David Lopez et ses partenaires restent dans le camp face \u00e0 Troyes.\" loading=\"lazy\" width=\"980\" height=\"573\" decoding=\"async\" data-nimg=\"1\" class=\"img-responsive spinner-show\" style=\"color:transparent;background-size:cover;background-position:50% 50%;background-repeat:no-repeat;background-image:url(&quot;data:image\/svg+xml;charset=utf-8,%3Csvg xmlns='http:\/\/www.w3.org\/2000\/svg' viewBox='0 0 980 573'%3E%3Cfilter id='b' color-interpolation-filters='sRGB'%3E%3CfeGaussianBlur stdDeviation='20'\/%3E%3CfeColorMatrix values='1 0 0 0 0 0 1 0 0 0 0 0 1 0 0 0 0 0 100 -1' result='s'\/%3E%3CfeFlood x='0' y='0' width='100%25' height='100%25'\/%3E%3CfeComposite operator='out' in='s'\/%3E%3CfeComposite in2='SourceGraphic'\/%3E%3CfeGaussianBlur stdDeviation='20'\/%3E%3C\/filter%3E%3Cimage width='100%25' height='100%25' x='0' y='0' preserveAspectRatio='none' style='filter: url(%23b);' href='https:\/\/images.lanouvellerepublique.fr\/image\/upload\/t_88w\/f_auto\/692c7167ace96e0d1c8b459d.jpg'\/%3E%3C\/svg%3E&quot;)\"   src=\"https:\/\/www.europesays.com\/fr\/wp-content\/uploads\/2025\/11\/692c7167ace96e0d1c8b459d.jpg\"\/><\/p>\n<p style=\"background-color:#F2F2F2;padding:5px;margin-top:0px;margin-bottom:10px\">David Lopez et ses partenaires restent dans le camp face \u00e0 Troyes.<br \/> \u00a9 (Photo cor. NR, Fr\u00e9d\u00e9ric Dubuisson)<\/p>\n<p><strong>62e. <\/strong>L\u2019UFT reste en 4-3-3 apr\u00e8s ces changements, mais Ekofo a gliss\u00e9 au poste de lat\u00e9ral droit, tandis que les entrants Cher et Bouaziz sont plus haut.<\/p>\n<p><strong>60e. <\/strong>Deux premiers changements des deux c\u00f4t\u00e9s\u00a0: pour l\u2019UFT, le capitaine Traor\u00e9 et Diakhaby laissent leur place \u00e0 Bouaziz et Cher, c\u2019est donc un changement offensif pour Herv\u00e9 Loubat, qui sort le lat\u00e9ral droit Traor\u00e9 pour deux joueurs offensifs. Du c\u00f4t\u00e9 de l\u2019Estac, Diakit\u00e9 et Traor\u00e9 laissent leur place \u00e0 Ripart et Detourbet.<\/p>\n<p><strong>59e. <\/strong>Boudinar perd la balle et tente de se rattraper, mais est sanctionn\u00e9 d\u2019un carton jaune pour avoir retenu l\u2019attaquant troyen.<\/p>\n<p><strong>57e. <\/strong>Quelle action encore initi\u00e9 par Maluvunu\u00a0! Il d\u00e9borde encore sur son aile gauche et centre fort devant le but, mais Diakhaby manque la balle pour quelques centim\u00e8tres\u00a0!<\/p>\n<p><strong>55e. <\/strong>Maluvunu s\u2019arrache sur le c\u00f4t\u00e9 gauche pour passer son d\u00e9fenseur et s\u2019avance dans la surface, mais dans un angle ferm\u00e9, il tire sur le gardien, qui d\u00e9tourne.<\/p>\n<p><img alt=\"Sosa Maluvunu se montre remuant depuis le d\u00e9but du match.\" loading=\"lazy\" width=\"980\" height=\"573\" decoding=\"async\" data-nimg=\"1\" class=\"img-responsive spinner-show\" style=\"color:transparent;background-size:cover;background-position:50% 50%;background-repeat:no-repeat;background-image:url(&quot;data:image\/svg+xml;charset=utf-8,%3Csvg xmlns='http:\/\/www.w3.org\/2000\/svg' viewBox='0 0 980 573'%3E%3Cfilter id='b' color-interpolation-filters='sRGB'%3E%3CfeGaussianBlur stdDeviation='20'\/%3E%3CfeColorMatrix values='1 0 0 0 0 0 1 0 0 0 0 0 1 0 0 0 0 0 100 -1' result='s'\/%3E%3CfeFlood x='0' y='0' width='100%25' height='100%25'\/%3E%3CfeComposite operator='out' in='s'\/%3E%3CfeComposite in2='SourceGraphic'\/%3E%3CfeGaussianBlur stdDeviation='20'\/%3E%3C\/filter%3E%3Cimage width='100%25' height='100%25' x='0' y='0' preserveAspectRatio='none' style='filter: url(%23b);' href='https:\/\/images.lanouvellerepublique.fr\/image\/upload\/t_88w\/f_auto\/692c6e226a8fba72778b456a.jpg'\/%3E%3C\/svg%3E&quot;)\"   src=\"https:\/\/www.europesays.com\/fr\/wp-content\/uploads\/2025\/11\/692c6e226a8fba72778b456a.jpg\"\/><\/p>\n<p style=\"background-color:#F2F2F2;padding:5px;margin-top:0px;margin-bottom:10px\">Sosa Maluvunu se montre remuant depuis le d\u00e9but du match.<br \/> \u00a9 (Photo NR, Julien Pruvost)<\/p>\n<p><strong>52e. <\/strong>David Lopez re\u00e7oit un carton jaune pour un tacle un peu trop engag\u00e9 sur Traor\u00e9.<\/p>\n<p><strong>46e.<\/strong> C\u2019est reparti, l\u2019UFT donne le coup d\u2019envoi et \u00e0 quarante-cinq minutes pour \u00e9galiser\u00a0!<\/p>\n<p>Premi\u00e8re mi-temps<\/p>\n<p><strong>45e+\u00a03. <\/strong>C\u2019est la mi-temps, l\u2019arbitre renvoie les deux \u00e9quipes aux vestiaires sur ce score de 0-1. L&rsquo;UFT a pourtant jou\u00e9 sans complexe face \u00e0 Troyes, qui a marqu\u00e9 par Sankhoun Diawara sur coup de pied arr\u00eat\u00e9, sa seule grosse occasion. De l\u2019autre c\u00f4t\u00e9, les Tourangeaux ont touch\u00e9 la barre par Ekofo juste apr\u00e8s le but troyen, puis auraient aussi pu aussi b\u00e9n\u00e9ficier d\u2019un penalty pour une petite main. Mais tout reste ouvert pour la seconde p\u00e9riode.<\/p>\n<p><strong>45e. <\/strong>Diop, le capitaine troyen, se recentre vers l\u2019axe et d\u00e9clenche un tir \u00e0 ras de terre, qui passe un m\u00e8tre \u00e0 gauche du but. On va entrer dans le temps additionnel, qui est deux minutes.<\/p>\n<p><strong>43e. <\/strong>Les Tourangeaux se rapprochent \u00e0 plusieurs reprises du but troyen, mais la d\u00e9fense de l\u2019Estac est bien en place et n\u2019offre que peu d\u2019opportunit\u00e9s de tirs.<\/p>\n<p><strong>36e. <\/strong>Depuis l\u2019ouverture du score, l\u2019UFT fait malgr\u00e9 tout toujours jeu \u00e9gal avec Troyes, qui commet pas mal de fautes. Celle-ci, de Mille, est sanctionn\u00e9e d\u2019un carton jaune, le premier du c\u00f4t\u00e9 de l\u2019Estac.<\/p>\n<p><img alt=\"Nicolas Caloiero et ses partenaires ne sont pas ridicules face au leader de Ligue 2, loin de l\u00e0\u00a0!\" loading=\"lazy\" width=\"980\" height=\"573\" decoding=\"async\" data-nimg=\"1\" class=\"img-responsive spinner-show\" style=\"color:transparent;background-size:cover;background-position:50% 50%;background-repeat:no-repeat;background-image:url(&quot;data:image\/svg+xml;charset=utf-8,%3Csvg xmlns='http:\/\/www.w3.org\/2000\/svg' viewBox='0 0 980 573'%3E%3Cfilter id='b' color-interpolation-filters='sRGB'%3E%3CfeGaussianBlur stdDeviation='20'\/%3E%3CfeColorMatrix values='1 0 0 0 0 0 1 0 0 0 0 0 1 0 0 0 0 0 100 -1' result='s'\/%3E%3CfeFlood x='0' y='0' width='100%25' height='100%25'\/%3E%3CfeComposite operator='out' in='s'\/%3E%3CfeComposite in2='SourceGraphic'\/%3E%3CfeGaussianBlur stdDeviation='20'\/%3E%3C\/filter%3E%3Cimage width='100%25' height='100%25' x='0' y='0' preserveAspectRatio='none' style='filter: url(%23b);' href='https:\/\/images.lanouvellerepublique.fr\/image\/upload\/t_88w\/f_auto\/692c663b10c0aea7048b45ad.jpg'\/%3E%3C\/svg%3E&quot;)\"   src=\"https:\/\/www.europesays.com\/fr\/wp-content\/uploads\/2025\/11\/692c663b10c0aea7048b45ad.jpg\"\/><\/p>\n<p style=\"background-color:#F2F2F2;padding:5px;margin-top:0px;margin-bottom:10px\">Nicolas Caloiero et ses partenaires ne sont pas ridicules face au leader de Ligue 2, loin de l\u00e0\u00a0!<br \/> \u00a9 (Photo NR, Julien Pruvost)<\/p>\n<p><strong>33e.<\/strong>Que c\u2019\u00e9tait chaud sur le but tourangeau\u00a0! Assoumou, lanc\u00e9 sur la gauche, avait r\u00e9ussi \u00e0 effacer Isambert, mais il n\u2019a pas r\u00e9ussi \u00e0 redresser suffisamment son tir ensuite.<\/p>\n<p><strong>32e. <\/strong>Les joueurs tourangeaux r\u00e9clament encore un penalty pour une main troyenne dans la surface, mais l\u2019arbitre ne bronche pas. En revoyant les images, la t\u00eate de Mabonki \u00e9taint pourtant bien repouss\u00e9e par une main\u2026 Dans la foul\u00e9e, Caloiero annihile la contre-attaque d\u2019un tacle irr\u00e9gulier, il prend le premier carton jaune de la partie.<\/p>\n<p><strong>25e. <\/strong>L\u2019UFT a failli r\u00e9agir de suite\u00a0!! Sur une action dans la surface, le stade r\u00e9clame une main, mais Ekofo suit l\u2019action et reprend d\u2019une vol\u00e9e, qui est contr\u00e9e et s\u2019\u00e9crase sur la barre\u00a0!<\/p>\n<p><strong>23e. BUT POUR TROYES\u00a0! <\/strong>L\u2019Estac marque sur son premier tir cadr\u00e9, que c\u2019est cruel pour l\u2019UFT\u00a0! Sur un coup franc proche de la surface tir\u00e9 par Adeline, Sankhoun Diawara est \u00e0 l\u2019aff\u00fbt au premier poteau pour marquer d\u2019une reprise (0-1).<\/p>\n<p><img alt=\"Noa Isambert n\u2019a pu que freiner le ballon\u2026\" loading=\"lazy\" width=\"980\" height=\"573\" decoding=\"async\" data-nimg=\"1\" class=\"img-responsive spinner-show\" style=\"color:transparent;background-size:cover;background-position:50% 50%;background-repeat:no-repeat;background-image:url(&quot;data:image\/svg+xml;charset=utf-8,%3Csvg xmlns='http:\/\/www.w3.org\/2000\/svg' viewBox='0 0 980 573'%3E%3Cfilter id='b' color-interpolation-filters='sRGB'%3E%3CfeGaussianBlur stdDeviation='20'\/%3E%3CfeColorMatrix values='1 0 0 0 0 0 1 0 0 0 0 0 1 0 0 0 0 0 100 -1' result='s'\/%3E%3CfeFlood x='0' y='0' width='100%25' height='100%25'\/%3E%3CfeComposite operator='out' in='s'\/%3E%3CfeComposite in2='SourceGraphic'\/%3E%3CfeGaussianBlur stdDeviation='20'\/%3E%3C\/filter%3E%3Cimage width='100%25' height='100%25' x='0' y='0' preserveAspectRatio='none' style='filter: url(%23b);' href='https:\/\/images.lanouvellerepublique.fr\/image\/upload\/t_88w\/f_auto\/692c69466a8fba2c598b45a0.jpg'\/%3E%3C\/svg%3E&quot;)\"   src=\"https:\/\/www.europesays.com\/fr\/wp-content\/uploads\/2025\/11\/692c69466a8fba2c598b45a0.jpg\"\/><\/p>\n<p style=\"background-color:#F2F2F2;padding:5px;margin-top:0px;margin-bottom:10px\">Noa Isambert n\u2019a pu que freiner le ballon\u2026<br \/> \u00a9 (Photo cor. NR, Fr\u00e9d\u00e9ric Dubuisson)<\/p>\n<p><strong>15e. <\/strong>Sur le premier corner du match, Troyes fait passer un premier frisson dans les trav\u00e9es de la Vall\u00e9e du Cher, avec un centre de Mille qui est juste un peu trop haut pour ses co\u00e9quipiers.<\/p>\n<p><strong>11e. <\/strong>Apr\u00e8s dix minutes de jeu, on peut dire que l\u2019UFT fait pour l\u2019instant jeu \u00e9gal avec le leader de Ligue 2. Les hommes d\u2019Herv\u00e9 Loubat n\u2019ont pas \u00e9t\u00e9 inqui\u00e9t\u00e9s et ce sont m\u00eame eux qui ont d\u00e9clench\u00e9 la seule frappe du match pour l\u2019instant.<\/p>\n<p><strong>4e. <\/strong>Les Tourangeaux sont entr\u00e9s dans cette partie sans aucun complexe, ce sont eux qui d\u00e9clenchent d\u2019ailleurs le premier tir\u00a0! Apr\u00e8s un joli mouvement collectif, Redouani est trouv\u00e9 dans la surface par Traor\u00e9, mais sa frappe passe au-dessus du but.<\/p>\n<p><img alt=\"Les Tourangeaux n\u2019ont pas froid aux yeux, \u00e0 l\u2019image du premier tir du match d\u00e8s la 3e\u00a0minute, sign\u00e9 Rezk Redouani.\" loading=\"lazy\" width=\"980\" height=\"573\" decoding=\"async\" data-nimg=\"1\" class=\"img-responsive spinner-show\" style=\"color:transparent;background-size:cover;background-position:50% 50%;background-repeat:no-repeat;background-image:url(&quot;data:image\/svg+xml;charset=utf-8,%3Csvg xmlns='http:\/\/www.w3.org\/2000\/svg' viewBox='0 0 980 573'%3E%3Cfilter id='b' color-interpolation-filters='sRGB'%3E%3CfeGaussianBlur stdDeviation='20'\/%3E%3CfeColorMatrix values='1 0 0 0 0 0 1 0 0 0 0 0 1 0 0 0 0 0 100 -1' result='s'\/%3E%3CfeFlood x='0' y='0' width='100%25' height='100%25'\/%3E%3CfeComposite operator='out' in='s'\/%3E%3CfeComposite in2='SourceGraphic'\/%3E%3CfeGaussianBlur stdDeviation='20'\/%3E%3C\/filter%3E%3Cimage width='100%25' height='100%25' x='0' y='0' preserveAspectRatio='none' style='filter: url(%23b);' href='https:\/\/images.lanouvellerepublique.fr\/image\/upload\/t_88w\/f_auto\/692c5f65be40742b4b8b4579.jpg'\/%3E%3C\/svg%3E&quot;)\"   src=\"https:\/\/www.europesays.com\/fr\/wp-content\/uploads\/2025\/11\/692c5f65be40742b4b8b4579.jpg\"\/><\/p>\n<p style=\"background-color:#F2F2F2;padding:5px;margin-top:0px;margin-bottom:10px\">Les Tourangeaux n\u2019ont pas froid aux yeux, \u00e0 l\u2019image du premier tir du match d\u00e8s la 3e\u00a0minute, sign\u00e9 Rezk Redouani.<br \/> \u00a9 (Photo NR, Julien Pruvost)<\/p>\n<p><strong>1re.<\/strong> C\u2019est parti, les joueurs troyens donnent le coup d\u2019envoi\u00a0!<\/p>\n<p>L\u2019avant match<\/p>\n<p><strong>15\u00a0h\u00a058. <\/strong>Les deux \u00e9quipes entrent sur le terrain, les Turons, supporters ultras du Tours FC, craquent quelques fumig\u00e8nes\u00a0!<\/p>\n<p><img alt=\"Les Turons ont allum\u00e9 quelques fumig\u00e8nes \u00e0 l\u2019entr\u00e9e des joueurs.\" loading=\"lazy\" width=\"980\" height=\"573\" decoding=\"async\" data-nimg=\"1\" class=\"img-responsive spinner-show\" style=\"color:transparent;background-size:cover;background-position:50% 50%;background-repeat:no-repeat;background-image:url(&quot;data:image\/svg+xml;charset=utf-8,%3Csvg xmlns='http:\/\/www.w3.org\/2000\/svg' viewBox='0 0 980 573'%3E%3Cfilter id='b' color-interpolation-filters='sRGB'%3E%3CfeGaussianBlur stdDeviation='20'\/%3E%3CfeColorMatrix values='1 0 0 0 0 0 1 0 0 0 0 0 1 0 0 0 0 0 100 -1' result='s'\/%3E%3CfeFlood x='0' y='0' width='100%25' height='100%25'\/%3E%3CfeComposite operator='out' in='s'\/%3E%3CfeComposite in2='SourceGraphic'\/%3E%3CfeGaussianBlur stdDeviation='20'\/%3E%3C\/filter%3E%3Cimage width='100%25' height='100%25' x='0' y='0' preserveAspectRatio='none' style='filter: url(%23b);' href='https:\/\/images.lanouvellerepublique.fr\/image\/upload\/t_88w\/f_auto\/692c5ee74923ab246a8b4570.jpg'\/%3E%3C\/svg%3E&quot;)\"   src=\"https:\/\/www.europesays.com\/fr\/wp-content\/uploads\/2025\/11\/692c5ee74923ab246a8b4570.jpg\"\/><\/p>\n<p style=\"background-color:#F2F2F2;padding:5px;margin-top:0px;margin-bottom:10px\">Les Turons ont allum\u00e9 quelques fumig\u00e8nes \u00e0 l\u2019entr\u00e9e des joueurs.<br \/> \u00a9 (Photo NR, Julien Pruvost)<\/p>\n<p><strong>15\u00a0h\u00a057. <\/strong>La tribune principale du stade de la Vall\u00e9e du Cher est tr\u00e8s bien remplie, celle d\u2019en face \u00e9galement\u00a0! Les supporters sont pr\u00eats \u00e0 vibrer. Rappel des compositions des deux \u00e9quipes, avant le coup d\u2019envoi\u00a0:<br \/><strong>&gt;\u00a0UFT\u00a0:<\/strong> Isambert\u00a0&#8211; Traor\u00e9 (cap), Lopez, Lima, Boudinar\u00a0&#8211; Mabonki, Caloiero, Redouani\u00a0&#8211; Ekofo, Diakhaby, Maluvunu. Ent.\u00a0: Herv\u00e9 Loubat.<br \/><strong>&gt;\u00a0Troyes\u00a0:<\/strong> Konat\u00e9\u00a0&#8211; Donkor, Adeline, Diawara, Ouzenadji\u00a0&#8211; Gambor, Mille, Diop (cap) &#8211; Diakit\u00e9, Traor\u00e9, Assoumou. Ent.\u00a0: St\u00e9phane Dumont.<\/p>\n<p><strong>15\u00a0h\u00a053. <\/strong>Sur le banc de l\u2019Estac, les suiveurs du foot tourangeau reconna\u00eetront peut-\u00eatre un visage\u00a0: celui de Philippe Bizeul, l\u2019adjoint de St\u00e9phane Dumont. Il a \u00e9t\u00e9 technicien au Tours FC de 2006 \u00e0 2011 et revient \u00e0 la Vall\u00e9e du Cher avec plaisir. \u00ab\u00a0\u00c7a va \u00eatre sympa\u00a0! Je suis d\u00e9j\u00e0 revenu deux fois je crois, avec Le\u00a0Havre et Lorient. Puis je suis aussi revenu r\u00e9cemment voir l\u2019UFT\u2026 \u00c7a va surtout \u00eatre l\u2019occasion de recroiser des gens que j\u2019aime, puis de me rem\u00e9morer quelques souvenirs\u00a0\u00bb, nous confiait-il en fin de semaine.<\/p>\n<p><strong>15\u00a0h\u00a050. <\/strong>Les deux \u00e9quipes viennent de rentrer aux vestiaires. Coup d\u2019envoi dans dix minutes\u00a0!<\/p>\n<p><img alt=\"Les supporters sont pr\u00eats \u00e0 donner de la voix.\" loading=\"lazy\" width=\"980\" height=\"573\" decoding=\"async\" data-nimg=\"1\" class=\"img-responsive spinner-show\" style=\"color:transparent;background-size:cover;background-position:50% 50%;background-repeat:no-repeat;background-image:url(&quot;data:image\/svg+xml;charset=utf-8,%3Csvg xmlns='http:\/\/www.w3.org\/2000\/svg' viewBox='0 0 980 573'%3E%3Cfilter id='b' color-interpolation-filters='sRGB'%3E%3CfeGaussianBlur stdDeviation='20'\/%3E%3CfeColorMatrix values='1 0 0 0 0 0 1 0 0 0 0 0 1 0 0 0 0 0 100 -1' result='s'\/%3E%3CfeFlood x='0' y='0' width='100%25' height='100%25'\/%3E%3CfeComposite operator='out' in='s'\/%3E%3CfeComposite in2='SourceGraphic'\/%3E%3CfeGaussianBlur stdDeviation='20'\/%3E%3C\/filter%3E%3Cimage width='100%25' height='100%25' x='0' y='0' preserveAspectRatio='none' style='filter: url(%23b);' href='https:\/\/images.lanouvellerepublique.fr\/image\/upload\/t_88w\/f_auto\/692c5a8e6a8fba2f238b45ab.jpg'\/%3E%3C\/svg%3E&quot;)\"   src=\"https:\/\/www.europesays.com\/fr\/wp-content\/uploads\/2025\/11\/692c5a8e6a8fba2f238b45ab.jpg\"\/><\/p>\n<p style=\"background-color:#F2F2F2;padding:5px;margin-top:0px;margin-bottom:10px\">Les supporters sont pr\u00eats \u00e0 donner de la voix.<br \/> \u00a9 (Photo NR, Julien Pruvost)<\/p>\n<p><strong>15\u00a0h\u00a045. <\/strong>Cette affiche \u00e9tait \u00e9videmment attendue par des milliers de Tourangeaux, mais sans doute encore un peu plus pour l\u2019un d\u2019eux, Lucien Gaudal, dit \u00ab\u00a0Bibiche\u00a0\u00bb. Supporter historique du foot tourangeau depuis 1958\u00a0! \u00c0 85\u00a0ans, il suit encore assidument l\u2019UFT et est reconnaissable par son pull tricot\u00e9 par sa s\u0153ur avec tous les noms des joueurs dessus\u00a0! La NR l\u2019a rencontr\u00e9 cette semaine, c\u2019est un joli portrait \u00e0 lire ici.<\/p>\n<\/p>\n<p><strong>15\u00a0h\u00a040. <\/strong>Ce 8e tour de Coupe de France, commenc\u00e9 vendredi soir, a d\u00e9j\u00e0 livr\u00e9 quelques surprises. Trois clubs de Ligue 2 ont ainsi d\u00e9j\u00e0 \u00e9t\u00e9 \u00e9limin\u00e9s face \u00e0 des adversaires de divisions inf\u00e9rieures, samedi\u00a0: Rodez \u00e0 Canet-en-Roussillon (N3), 1 \u00e0 0\u00a0; le Red Star \u00e0 Biesheim (N2), aux tirs au but (1-1, 9-8 tab)\u00a0; et Pau \u00e0 M\u00e9rignac (R1), 1-0. Notons aussi la <a target=\"_self\" href=\"https:\/\/www.lanouvellerepublique.fr\/chateauroux\/coupe-de-france-la-berrichonne-de-chateauroux-prend-une-claque-mo-nu-men-tale-1764448658\" rel=\"noopener\">d\u00e9faite de la Berrichonne de Ch\u00e2teauroux (N1)<\/a> contre Fontenay (N3), 4-1\u00a0! De quoi inspirer l\u2019UFT\u00a0! \u00ab\u00a0Si on met tous les ingr\u00e9dients, il y a moyen de faire quelque chose, affirme Sosa Maluvunu. Il y a toujours des choses folles en Coupe. Si certains l\u2019ont fait, pourquoi pas nous\u00a0?\u00a0\u00bb<\/p>\n<p><strong>15\u00a0h\u00a035.<\/strong> L\u2019\u00e9chauffement s\u2019intensifie des deux c\u00f4t\u00e9s du terrain et les tribunes se remplissent peu \u00e0 peu, la pression monte petit \u00e0 petit\u00a0!<strong\/><\/p>\n<p><img alt=\"Les Tourangeaux sont \u00e0 l\u2019\u00e9chauffement.\" loading=\"lazy\" width=\"980\" height=\"573\" decoding=\"async\" data-nimg=\"1\" class=\"img-responsive spinner-show\" style=\"color:transparent;background-size:cover;background-position:50% 50%;background-repeat:no-repeat;background-image:url(&quot;data:image\/svg+xml;charset=utf-8,%3Csvg xmlns='http:\/\/www.w3.org\/2000\/svg' viewBox='0 0 980 573'%3E%3Cfilter id='b' color-interpolation-filters='sRGB'%3E%3CfeGaussianBlur stdDeviation='20'\/%3E%3CfeColorMatrix values='1 0 0 0 0 0 1 0 0 0 0 0 1 0 0 0 0 0 100 -1' result='s'\/%3E%3CfeFlood x='0' y='0' width='100%25' height='100%25'\/%3E%3CfeComposite operator='out' in='s'\/%3E%3CfeComposite in2='SourceGraphic'\/%3E%3CfeGaussianBlur stdDeviation='20'\/%3E%3C\/filter%3E%3Cimage width='100%25' height='100%25' x='0' y='0' preserveAspectRatio='none' style='filter: url(%23b);' href='https:\/\/images.lanouvellerepublique.fr\/image\/upload\/t_88w\/f_auto\/692c5620f6cf6b9c388b45f7.jpg'\/%3E%3C\/svg%3E&quot;)\"   src=\"https:\/\/www.europesays.com\/fr\/wp-content\/uploads\/2025\/11\/692c5620f6cf6b9c388b45f7.jpg\"\/><\/p>\n<p style=\"background-color:#F2F2F2;padding:5px;margin-top:0px;margin-bottom:10px\">Les Tourangeaux sont \u00e0 l\u2019\u00e9chauffement.<br \/> \u00a9 (Photo cor. NR, Fr\u00e9d\u00e9ric Dubuisson)<\/p>\n<p><strong>15\u00a0h\u00a032. <\/strong>Comme lors de tous les tours pr\u00e9c\u00e9dents, c\u2019est le gardien n\u00b0\u00a02, Noa Isambert, qui joue en Coupe de France. Mais que se passera-t-il en cas de tirs au but\u00a0? Comme contre \u00c9pernay, c\u2019est Romane Legrand qui entrerait en jeu, \u00e9tant un sp\u00e9cialiste dans l\u2019exercice. L\u2019ann\u00e9e derni\u00e8re, il avait sorti neuf tirs au but sur onze subis\u00a0! \u00ab\u00a0Ma belle s\u00e9rie est connue dans la r\u00e9gion et \u00e7a lance des signaux aux adversaires. On me voit comme un danger dans l\u2019exercice\u00a0\u00bb, reconna\u00eet-il.<\/p>\n<p><strong>15\u00a0h\u00a028. <\/strong>Place aux compositions des deux \u00e9quipes\u00a0: du c\u00f4t\u00e9 de l\u2019UFT, une seule petite surprise\u00a0: Houari Djemel, titulaire \u00e0 l\u2019ensemble des matchs de N3, commence sur le banc, laissant sa place au milieu de terrain \u00e0 Rezk Redouani.<br \/><strong>&gt;\u00a0UFT\u00a0:<\/strong> Isambert\u00a0&#8211; Traor\u00e9 (cap), Lopez, Lima, Boudinar\u00a0&#8211; Mabonki, Caloiero, Redouani\u00a0&#8211; Ekofo, Diakhaby, Maluvunu.<br \/><strong>&gt;\u00a0Troyes\u00a0: <\/strong>Konat\u00e9\u00a0&#8211; Donkor, Adeline, Diawara, Ouzenadji\u00a0&#8211; Gambor, Mille, Diop (cap) &#8211; Diakit\u00e9, Traor\u00e9, Assoumou.<\/p>\n<p><strong>15\u00a0h\u00a023. <\/strong>Les tribunes se remplissent peu \u00e0 peu, \u00e0 un peu plus d\u2019une demi-heure du coup d\u2019envoi. La tribune Est est notamment d\u00e9j\u00e0 bien garnie. Et en tribune Ouest, la principale, quelques supporteurs donnent d\u00e9j\u00e0 de la voix. Sur le terrain, les joueurs troyens sont d\u00e9j\u00e0 \u00e0 l\u2019\u00e9chauffement, ceux de l\u2019UFT sont encore au vestiaire pour l\u2019instant.<\/p>\n<p><img alt=\"Les tribunes se remplissent petit \u00e0 petit, ici la tribune Est.\" loading=\"lazy\" width=\"980\" height=\"573\" decoding=\"async\" data-nimg=\"1\" class=\"img-responsive spinner-show\" style=\"color:transparent;background-size:cover;background-position:50% 50%;background-repeat:no-repeat;background-image:url(&quot;data:image\/svg+xml;charset=utf-8,%3Csvg xmlns='http:\/\/www.w3.org\/2000\/svg' viewBox='0 0 980 573'%3E%3Cfilter id='b' color-interpolation-filters='sRGB'%3E%3CfeGaussianBlur stdDeviation='20'\/%3E%3CfeColorMatrix values='1 0 0 0 0 0 1 0 0 0 0 0 1 0 0 0 0 0 100 -1' result='s'\/%3E%3CfeFlood x='0' y='0' width='100%25' height='100%25'\/%3E%3CfeComposite operator='out' in='s'\/%3E%3CfeComposite in2='SourceGraphic'\/%3E%3CfeGaussianBlur stdDeviation='20'\/%3E%3C\/filter%3E%3Cimage width='100%25' height='100%25' x='0' y='0' preserveAspectRatio='none' style='filter: url(%23b);' href='https:\/\/images.lanouvellerepublique.fr\/image\/upload\/t_88w\/f_auto\/692c535c4923ab34388b45a9.jpg'\/%3E%3C\/svg%3E&quot;)\"   src=\"https:\/\/www.europesays.com\/fr\/wp-content\/uploads\/2025\/11\/692c535c4923ab34388b45a9.jpg\"\/><\/p>\n<p style=\"background-color:#F2F2F2;padding:5px;margin-top:0px;margin-bottom:10px\">Les tribunes se remplissent petit \u00e0 petit, ici la tribune Est.<br \/> \u00a9 (Photo NR, V. G.)<\/p>\n<p><strong>15\u00a0h\u00a020. <\/strong>L&rsquo;UFT a peut-\u00eatre un atout dans sa poche, du c\u00f4t\u00e9 du staff\u00a0: l\u2019entra\u00eeneur Herv\u00e9 Loubat est en effet un sp\u00e9cialiste de la Coupe de France. En douze saisons, il a d\u00e9j\u00e0 v\u00e9cu sept 32es de finale. Son secret\u00a0? Faire comprendre \u00e0 ses joueurs qu\u2019il ne faut pas changer son visage, malgr\u00e9 l\u2019affiche. \u00ab\u00a0J\u2019essaye seulement \u00e0 chaque fois de faire comprendre aux joueurs que c\u2019est un match pas comme les autres qu\u2019il faut prendre comme un autre, soulignait-il cette semaine. Il n\u2019y a pas de pression, pas d\u2019obligation. Il faut \u00eatre ambitieux, courageux et \u00e9galement b\u00e9n\u00e9ficier d\u2019un peu de chance. Mais comme on dit, la chance se provoque. Si on est courageux et ambitieux, la chance tourne souvent du bon c\u00f4t\u00e9\u2026\u00a0\u00bb<\/p>\n<p><strong>15\u00a0h\u00a015. <\/strong>Pour beaucoup de jeunes joueurs de l\u2019UFT, cette rencontre constitue une premi\u00e8re face \u00e0 une \u00e9quipe professionnelle, ainsi qu\u2019une belle occasion de se montrer. Mais ils ne font pas de complexes pour autant, comme nous l\u2019affirmait vendredi le jeune milieu de terrain \u00c9tienne Mabonki, ex-capitaine des U20 du Cameroun. \u00ab\u00a0On va essayer de jouer avec nos armes, on va les respecter et les regarder droit dans les yeux, mais aussi appliquer ce que l\u2019on sait faire.\u00a0\u00bb<\/p>\n<p><strong>15\u00a0h\u00a010. <\/strong>L\u2019Estac est donc le leader de Ligue 2, avec deux fois plus de buts marqu\u00e9s que de buts encaiss\u00e9s (27 contre 14). Mais les Troyens se sont d\u00e9plac\u00e9s en Touraine sans le meilleur buteur de Ligue 2, Tawfik Bentayeb, qui n\u2019a \u00ab\u00a0pas le feu vert\u00a0\u00bb du staff m\u00e9dical.<\/p>\n<p><strong>15\u00a0h\u00a007. <\/strong>Pour se hisser jusqu\u2019\u00e0 ce 8e\u00a0tour, l\u2019UFT a battu jusqu\u2019ici une seule \u00e9quipe d\u2019une division sup\u00e9rieure \u00e0 la sienne, son voisin Montlouis (N2), au 6e\u00a0tour (1-0). Au 7e\u00a0tour, les Tourangeaux<a target=\"_self\" href=\"https:\/\/www.lanouvellerepublique.fr\/indre-et-loire\/commune\/ballan-mire\/coupe-de-france-l-union-foot-de-touraine-elimine-epernay-aux-tirs-au-but-et-prend-rendez-vous-avec-troyes-1763318506\" rel=\"noopener\"> s\u2019en sont sortis de justesse, aux tirs au but<\/a>, face \u00e0 \u00c9pernay (R1). Mais cette fois, c\u2019est du bien plus lourd face \u00e0 Troyes, le leader de Ligue 2. \u00ab\u00a0Je les ai vus jouer, c\u2019est le PSG de Ligue 2\u00a0! C\u2019est au-dessus, tr\u00e8s au-dessus du lot, soulignait cette semaine Herv\u00e9 Loubat, le coach de l\u2019UFT.. Si \u00e7a ne finit pas le championnat avec dix \u00e0 quinze points d\u2019avance sur le deuxi\u00e8me, \u00e7a serait \u00e9tonnant, car c\u2019est vraiment, tr\u00e8s, tr\u00e8s bon. C\u2019est notamment technique, \u00e7a aime avoir le ballon, donc on va devoir pas mal courir\u2026\u00a0\u00bb<\/p>\n<p><strong>15\u00a0h.<\/strong> Bonjour \u00e0 toutes et \u00e0 tous et bienvenue sur ce direct, pour suivre ensemble cette affiche de gala au 8e\u00a0tour de la Coupe de France\u00a0: l\u2019Union Foot de Touraine (N3) accueille l\u2019Estac Troyes, leader de Ligue 2\u00a0! Il y a d\u00e9j\u00e0 du monde au stade de la Vall\u00e9e du Cher, \u00e0 Tours, o\u00f9 <a target=\"_self\" href=\"https:\/\/www.lanouvellerepublique.fr\/tours\/coupe-de-france-5-000-personnes-attendues-pour-le-match-union-foot-de-touraine-troyes-a-la-vallee-du-cher-1764430288\" rel=\"noopener\">plus de 5.000 personnes sont attendues<\/a>. Des milieux de Tourangeaux, priv\u00e9s du match Tours FC\u00a0&#8211; Lorient il y a un an, sont au stade pour esp\u00e9rer un exploit du nouveau club m\u00e9tropolitain, n\u00e9 cet \u00e9t\u00e9 apr\u00e8s la liquidation du TFC.<\/p>\n<p class=\"alireaussi\"><b>&gt;\u00a0Rejoignez la communaut\u00e9 NR\u00a0&#8211; Les sports en Touraine sur Facebook.<\/b><\/p>\n","protected":false},"excerpt":{"rendered":"Ce direct \u00e9tait anim\u00e9 par les journalistes du service des sports de La Nouvelle R\u00e9publique. Union Foot de&hellip;\n","protected":false},"author":2,"featured_media":569330,"comment_status":"","ping_status":"","sticky":false,"template":"","format":"standard","meta":{"footnotes":""},"categories":[4],"tags":[328,1392,11,52313,52302,63,1011,27,1387,3222,12,25,40787,60,1390],"class_list":{"0":"post-569329","1":"post","2":"type-post","3":"status-publish","4":"format-standard","5":"has-post-thumbnail","7":"category-france","8":"tag-a-la-une","9":"tag-a-la-une-local","10":"tag-actualites","11":"tag-ballan-mire","12":"tag-coupe-de-france-football","13":"tag-football","14":"tag-fr","15":"tag-france","16":"tag-indre-et-loire","17":"tag-joue-les-tours","18":"tag-news","19":"tag-republique-francaise","20":"tag-savonnieres","21":"tag-sports","22":"tag-tours"},"share_on_mastodon":{"url":"https:\/\/pubeurope.com\/@fr\/115639876926954576","error":""},"_links":{"self":[{"href":"https:\/\/www.europesays.com\/fr\/wp-json\/wp\/v2\/posts\/569329","targetHints":{"allow":["GET"]}}],"collection":[{"href":"https:\/\/www.europesays.com\/fr\/wp-json\/wp\/v2\/posts"}],"about":[{"href":"https:\/\/www.europesays.com\/fr\/wp-json\/wp\/v2\/types\/post"}],"author":[{"embeddable":true,"href":"https:\/\/www.europesays.com\/fr\/wp-json\/wp\/v2\/users\/2"}],"replies":[{"embeddable":true,"href":"https:\/\/www.europesays.com\/fr\/wp-json\/wp\/v2\/comments?post=569329"}],"version-history":[{"count":0,"href":"https:\/\/www.europesays.com\/fr\/wp-json\/wp\/v2\/posts\/569329\/revisions"}],"wp:featuredmedia":[{"embeddable":true,"href":"https:\/\/www.europesays.com\/fr\/wp-json\/wp\/v2\/media\/569330"}],"wp:attachment":[{"href":"https:\/\/www.europesays.com\/fr\/wp-json\/wp\/v2\/media?parent=569329"}],"wp:term":[{"taxonomy":"category","embeddable":true,"href":"https:\/\/www.europesays.com\/fr\/wp-json\/wp\/v2\/categories?post=569329"},{"taxonomy":"post_tag","embeddable":true,"href":"https:\/\/www.europesays.com\/fr\/wp-json\/wp\/v2\/tags?post=569329"}],"curies":[{"name":"wp","href":"https:\/\/api.w.org\/{rel}","templated":true}]}}