{"id":569333,"date":"2025-11-30T17:41:14","date_gmt":"2025-11-30T17:41:14","guid":{"rendered":"https:\/\/www.europesays.com\/fr\/569333\/"},"modified":"2025-11-30T17:41:14","modified_gmt":"2025-11-30T17:41:14","slug":"les-hirondelles-senvolent-jusquen-chine","status":"publish","type":"post","link":"https:\/\/www.europesays.com\/fr\/569333\/","title":{"rendered":"Les Hirondelles s\u2019envolent jusqu\u2019en Chine"},"content":{"rendered":"<p class=\"article-bodystyled__StyledText-sc-19uhgql-0 bGeyRM body-paragraph\" id=\"content-element-IH26GOABIZCPLMCNMGRYC3NO4Y\">C\u2019est \u00e0 la suite d\u2019une invitation de la Fondation \u00c9quipe Qu\u00e9bec, qui accompagne des organisations pour repr\u00e9senter la province \u00e0 des comp\u00e9titions internationales, que le projet est devenu concret pour le CVS. Les 12 joueuses sont issues des \u00e9quipes U14, U15 et U16, <a href=\"https:\/\/www.lequotidien.com\/sports\/2023\/12\/02\/le-retour-inspirant-des-hirondelles-au-club-volleyball-saguenay-3TLYUXEQEFDMTEYAI6JGRYCGOU\/\" target=\"_blank\" rel=\"noopener\" title=\"https:\/\/www.lequotidien.com\/sports\/2023\/12\/02\/le-retour-inspirant-des-hirondelles-au-club-volleyball-saguenay-3TLYUXEQEFDMTEYAI6JGRYCGOU\/\">des Hirondelles relanc\u00e9es \u00e0 l\u2019automne 2023<\/a> et r\u00e9serv\u00e9es aux athl\u00e8tes d\u2019\u00e9lite du club civil.<\/p>\n<p class=\"article-bodystyled__StyledText-sc-19uhgql-0 bGeyRM body-paragraph\" id=\"content-element-2PTB7UEV7JG6PNCQS2AMGWMQ7A\">Le CVS a \u00e9galement \u00e9t\u00e9 en action aux United World Games, en Autriche, en juin 2024 et 2025. L\u2019aventure chinoise a \u00e9t\u00e9 confirm\u00e9e au d\u00e9but du mois de septembre.<\/p>\n<p class=\"article-bodystyled__StyledText-sc-19uhgql-0 bGeyRM body-paragraph\" id=\"content-element-SYAKCAJSNNACRKMBERYVHY7FHA\">\u00abQuand on a remis le programme des Hirondelles au go\u00fbt du jour, on s\u2019est fix\u00e9 comme objectif d\u2019offrir des opportunit\u00e9s plus importantes en s\u2019ouvrant donc vers la sc\u00e8ne nationale et internationale. On \u00e9tudie toujours les diff\u00e9rentes possibilit\u00e9s qui s\u2019offrent \u00e0 nous et quand on a \u00e9t\u00e9 contact\u00e9 par la Fondation \u00c9quipe Qu\u00e9bec, on a dit go\u00bb, a racont\u00e9 Elodie Dupont, agente de d\u00e9veloppement au Club volleyball Saguenay.<\/p>\n<p class=\"article-bodystyled__StyledText-sc-19uhgql-0 bGeyRM body-paragraph\" id=\"content-element-PKOFVPH2F5CPBOHFKOYLASL4YY\">Le projet sportif et culturel a \u00e9t\u00e9 rendu possible g\u00e2ce \u00e0 la contribution d\u2019un groupe de parents charg\u00e9 d\u2019organiser diff\u00e9rentes activit\u00e9s de financement. Au bout du processus, le voyage de chacun des membres de la d\u00e9l\u00e9gation r\u00e9gionale est pay\u00e9 \u00e0 la hauteur d\u2019environ 40 %.<\/p>\n<p class=\"article-bodystyled__StyledText-sc-19uhgql-0 bGeyRM body-paragraph\" id=\"content-element-QDYZKFORJBFINKXKAMYLNSH66M\">Le directeur g\u00e9n\u00e9ral du CVS, Daniel Dawson, le directeur technique et entra\u00eeneur des Hirondelles U14, Luc Martel, ainsi que l\u2019entra\u00eeneur de la formation U16, J\u00e9r\u00e9my Lepage, sont du voyage \u00e0 Shangluo. Alexandra Martin, \u00e9galement entra\u00eeneuse des U14, sera l\u2019autre adulte accompagnatrice.<\/p>\n<p><img decoding=\"async\" data-chromatic=\"ignore\" alt=\"Les Hirondelles ont connu du succ&#xE8;s depuis la relance du nom de l'&#xE9;quipe, il y a deux ans.\" class=\"c-image\" loading=\"lazy\" src=\"https:\/\/www.europesays.com\/fr\/wp-content\/uploads\/2025\/11\/LLDMXVJFGBAIPDYXRT47TKWLAA.jpg\"  width=\"1200\" height=\"799\"\/><\/p>\n<p class=\"image-metadata__MetadataParagraph-sc-1gfk7p2-0 cAaLKg image-metadata\">Les Hirondelles ont connu du succ\u00e8s depuis la relance du nom de l&rsquo;\u00e9quipe, il y a deux ans. (Bruno Tremblay\/Club de volleyball Saguenay)<\/p>\n<p>Seule \u00e9quipe canadienne<\/p>\n<p class=\"article-bodystyled__StyledText-sc-19uhgql-0 bGeyRM body-paragraph\" id=\"content-element-U3SAFMA5UZCUNH4OB4352YMBZY\">Les filles du CVS seront les seules repr\u00e9sentantes du Canada \u00e0 cet \u00e9v\u00e9nement, qui regroupe 18 nations du c\u00f4t\u00e9 f\u00e9minin et 15 dans le volet masculin. \u00abC\u2019est \u00e0 la fois une grosse responsabilit\u00e9 et une grande fiert\u00e9 pour les filles de repr\u00e9senter le Qu\u00e9bec\u00bb, de reconnaitre Elodie Dupont, ajoutant que l\u2019\u00e9quipe se lance dans l\u2019inconnu, consid\u00e9rant qu\u2019il n\u2019y a pas de crit\u00e8re pr\u00e9cis de performance pour s\u2019inscrire.<\/p>\n<p class=\"article-bodystyled__StyledText-sc-19uhgql-0 bGeyRM body-paragraph\" id=\"content-element-L7MOBY46BNGHZBWP4R2DIO4V4I\">\u00abDans certains pays, c\u2019est l\u2019\u00e9quipe nationale qui va \u00eatre repr\u00e9sent\u00e9e, donc on s\u2019attend \u00e0 vivre de l\u2019opposition, alors que pour d\u2019autres pays, \u00e7a pourrait \u00eatre un peu moins comp\u00e9titif\u00bb, a-t-elle fait valoir.<\/p>\n<p class=\"article-bodystyled__StyledText-sc-19uhgql-0 bGeyRM body-paragraph\" id=\"content-element-Y6X63N4SLJCS7EMD7BWO44RG6Y\">Le tournoi se tiendra sur une p\u00e9riode de six jours, \u00e0 partir du 5 d\u00e9cembre, en plus des \u00abc\u00e9r\u00e9monies vraiment tr\u00e8s impressionnantes\u00bb d\u2019ouverture et de cl\u00f4ture du Championnat du monde de la F\u00e9d\u00e9ration internationale des sports scolaires. L\u2019action ne risque pas de manquer \u00e0 l\u2019ext\u00e9rieur du terrain, alors que des formations sont pr\u00e9vues pour les joueuses et entra\u00eeneurs, en plus de pr\u00e9cieuses activit\u00e9s d\u2019immersion.<\/p>\n<p class=\"article-bodystyled__StyledText-sc-19uhgql-0 bGeyRM body-paragraph\" id=\"content-element-DF4ERD3YOFDGRCFSNXK3XJRVMQ\">\u00abIl y a aussi des journ\u00e9es culturelles avec une visite du pays o\u00f9 on se trouve, bien \u00e9videmment, en plus des journ\u00e9es de partage des diff\u00e9rentes cultures entre les \u00e9quipes pr\u00e9sentes. \u00c7a va nous permettre de d\u00e9couvrir la culture de plusieurs nations, c\u2019est extr\u00eamement riche comme projet\u00bb, a soulign\u00e9 Elodie Dupont.<\/p>\n<p class=\"article-bodystyled__StyledText-sc-19uhgql-0 bGeyRM body-paragraph\" id=\"content-element-YWEQRPXC5JCMBDBIAUQXNS2GD4\">Les Hirondelles prennent la route pour Montr\u00e9al dimanche, avant de traverser la plan\u00e8te vers la Chine, incluant deux escales. La premi\u00e8re de cinq heures \u00e0 Vancouver et la seconde \u00e0 P\u00e9kin, pour une nuit. L\u2019arriv\u00e9e sur le lieu de comp\u00e9tition est pr\u00e9vue au mardi 2 d\u00e9cembre, en tenant compte du d\u00e9calage horaire.<\/p>\n<p class=\"article-bodystyled__StyledText-sc-19uhgql-0 bGeyRM body-paragraph\" id=\"content-element-PI6OERJQORDPRAKGPOUIZZQ3OM\">La F\u00e9d\u00e9ration internationale des sports scolaires est une organisation reconnue par le Comit\u00e9 international olympique.<\/p>\n","protected":false},"excerpt":{"rendered":"C\u2019est \u00e0 la suite d\u2019une invitation de la Fondation \u00c9quipe Qu\u00e9bec, qui accompagne des organisations pour repr\u00e9senter la&hellip;\n","protected":false},"author":2,"featured_media":569334,"comment_status":"","ping_status":"","sticky":false,"template":"","format":"standard","meta":{"footnotes":""},"categories":[1417],"tags":[309,68462,1011,27,68463,60,68464,1470,1469,46139,586],"class_list":{"0":"post-569333","1":"post","2":"type-post","3":"status-publish","4":"format-standard","5":"has-post-thumbnail","7":"category-volley","8":"tag-chine","9":"tag-cvs","10":"tag-fr","11":"tag-france","12":"tag-hirondelles","13":"tag-sports","14":"tag-u15","15":"tag-volley","16":"tag-volleyball","17":"tag-volleyball-feminin","18":"tag-voyage"},"share_on_mastodon":{"url":"https:\/\/pubeurope.com\/@fr\/115639883949112442","error":""},"_links":{"self":[{"href":"https:\/\/www.europesays.com\/fr\/wp-json\/wp\/v2\/posts\/569333","targetHints":{"allow":["GET"]}}],"collection":[{"href":"https:\/\/www.europesays.com\/fr\/wp-json\/wp\/v2\/posts"}],"about":[{"href":"https:\/\/www.europesays.com\/fr\/wp-json\/wp\/v2\/types\/post"}],"author":[{"embeddable":true,"href":"https:\/\/www.europesays.com\/fr\/wp-json\/wp\/v2\/users\/2"}],"replies":[{"embeddable":true,"href":"https:\/\/www.europesays.com\/fr\/wp-json\/wp\/v2\/comments?post=569333"}],"version-history":[{"count":0,"href":"https:\/\/www.europesays.com\/fr\/wp-json\/wp\/v2\/posts\/569333\/revisions"}],"wp:featuredmedia":[{"embeddable":true,"href":"https:\/\/www.europesays.com\/fr\/wp-json\/wp\/v2\/media\/569334"}],"wp:attachment":[{"href":"https:\/\/www.europesays.com\/fr\/wp-json\/wp\/v2\/media?parent=569333"}],"wp:term":[{"taxonomy":"category","embeddable":true,"href":"https:\/\/www.europesays.com\/fr\/wp-json\/wp\/v2\/categories?post=569333"},{"taxonomy":"post_tag","embeddable":true,"href":"https:\/\/www.europesays.com\/fr\/wp-json\/wp\/v2\/tags?post=569333"}],"curies":[{"name":"wp","href":"https:\/\/api.w.org\/{rel}","templated":true}]}}