{"id":569339,"date":"2025-11-30T17:47:17","date_gmt":"2025-11-30T17:47:17","guid":{"rendered":"https:\/\/www.europesays.com\/fr\/569339\/"},"modified":"2025-11-30T17:47:17","modified_gmt":"2025-11-30T17:47:17","slug":"cyclo-cross-de-oiry-classements-actualite","status":"publish","type":"post","link":"https:\/\/www.europesays.com\/fr\/569339\/","title":{"rendered":"Cyclo-cross de Oiry : Classements &#8211; Actualit\u00e9"},"content":{"rendered":"<p style=\"text-align: justify;\">Tom Chauderlot-Phulpin (BikeEnergy School) a remport\u00e9, ce dimanche le cyclo-cross du comit\u00e9 des f\u00eates de Oiry (Marne) organis\u00e9 par le V\u00e9lo Club d&rsquo;Avize. Sur ce Souvenir Val\u00e9rie Chelmas, il a devanc\u00e9 Cyprien Chavrelle (SA Verdunois) et Jules Bantquin (Phenix Team Cycling).<br \/>Tom Chauderlot-Phulpin succ\u00e8de \u00e0 Lucas Dubau au palmar\u00e8s de l&rsquo;\u00e9preuve.<\/p>\n<p><strong>Classements :<\/strong><br \/><strong>U23 et S\u00e9niors<\/strong><br \/>1. CHAUDERLOT-PHULPIN Tom BIKEENERGY SCHOOL en 49&rsquo;02\u00a0\u00bb<br \/>2. CHAVRELLE Cyprien SA VERDUNOIS \u00e0 15&Prime;<br \/>3. BANTQUIN Jules PHENIX TEAM CYCLING \u00e0 23&Prime;<br \/>4. ELOY Maxime CC VILLENEUVE ST GERMAIN SOISSONS AISNE \u00e0 1&rsquo;05<br \/>5. FOIN Anthony CLUB MULTISPORT MUTIGNY \u00e0 1&rsquo;07<br \/>6. RUBARBE Romain NON LICENCIE \u00e0 2&rsquo;35<br \/>7. BERLIE Guillaume PEDALE CHALONNAISE \u00e0 1 tour<br \/>8. PELARATTI Timot\u00e9 VC AVIZE<br \/>9. JANKE Nohan US THIERVILLE CYCLISME<br \/>10. CORDIER Victorien UC MOURMELONNAISE<br \/>11. WAGNER Geoffrey CLUB MULTISPORT MUTIGNY<br \/>12. COLMART Eddy PEDALE SUIPPASE<br \/>13. AINOC Anthony US THIERVILLE CYCLISME \u00e0 2 tours<br \/>14. AZNAR Romain UC MOURMELONNAISE<\/p>\n<p><strong>U19<\/strong><br \/>1. DELBOVE Gabriel TEAM CYCLISTE LINAS MONTLHERY en 40&rsquo;59\u00a0\u00bb<br \/>2. PIERRON Maxime VC AVIZE \u00e0 18&Prime;<br \/>3. AUCOURT Edgar PEDALE CHALONNAISE \u00e0 1 tour<br \/>4. JACOBE MLAKAR Tim\u00e9o US THIERVILLE CYCLISME \u00e0 2 tours<\/p>\n<p><strong>Masters<\/strong><br \/>1. CHAUDERLOT Julien BIKEENERGY SCHOOL en 42&rsquo;40\u00a0\u00bb<br \/>2. MIMILLE Eric EC FUMACIENNE \u00e0 17&Prime;<br \/>3. GUFFANTI Gino PEDALE SUIPPASE \u00e0 20&Prime;<br \/>4. BANTQUIN Fr\u00e9d\u00e9ric PHENIX TEAM CYCLING \u00e0 53&Prime;<br \/>5. HAUTAVOINE Etienne VC AVIZE \u00e0 1&rsquo;18<br \/>6. GODOT Cyril UC MOURMELONNAISE \u00e0 2&rsquo;39<br \/>7. HAUTAVOINE Philippe VC AVIZE \u00e0 2&rsquo;42<br \/>8. ROBERT R\u00e9my PEDALE SUIPPASE \u00e0 1 tour<br \/>9. DIGUES Emmanuel ASPTT VTT CHALONS-EN-CHAMPAGNE<\/p>\n<p><strong>U17<\/strong><br \/>1. BRISSON Maxime CLUB MULTISPORT MUTIGNY en 31&rsquo;19\u00a0\u00bb<br \/>2. JUSTIN Marceau PEDALE CHALONNAISE \u00e0 3&rsquo;17<br \/>3. DOUBLET CAUSTROIS Paul PEDALE CHALONNAISE \u00e0 4&rsquo;36<br \/>4. FOURNAISE Faustin CLUB MULTISPORT MUTIGNY \u00e0 4&rsquo;51<br \/>5. JEANPIERRE Dayvon Cancelara PEDALE CHALONNAISE \u00e0 1 tour<br \/>6. CHEDEMAIL Ewen PEDALE CHALONNAISE <br \/>7. VICTOIRE Lisa PEDALE CHALONNAISE<br \/>8. GOKCE Artus CLUB CYCLISTE GRAND REIMS<\/p>\n<p><strong>U15<\/strong><br \/>1. PAYET ETHEVE Ma\u00e9 UC MOURMELONNAISE en 23&rsquo;10\u00a0\u00bb<br \/>2. PATAT Alois BTC SAINT MEMMIE \u00e0 10&Prime;<br \/>3. BANTQUIN Charly PHENIX TEAM CYCLING \u00e0 2&rsquo;02<br \/>4. HEMART Valentine BTC SAINT MEMMIE \u00e0 2&rsquo;45<br \/>5. LEONI SOMOROWSKI Charlie US THIERVILLE CYCLISME \u00e0 3&rsquo;00<br \/>6. AINOC Math\u00e9o US THIERVILLE CYCLISME \u00e0 3&rsquo;21<br \/>7. BONNARD Maelle BTC SAINT MEMMIE \u00e0 3&rsquo;35<br \/>8. HEMART Jules UC MOURMELONNAISE \u00e0 1 tour<br \/>9. REGNAULT ARRIGHI Thomas BTC SAINT MEMMIE<\/p>\n<p><strong>U13<\/strong><br \/>1. BECKMANN Logan US THIERVILLE CYCLISME en 15&rsquo;10\u00a0\u00bb<br \/>2. FERY Symon ASPTT VTT CHALONS-EN-CHAMPAGNE \u00e0 29&Prime;<br \/>3. TOULON Paul PEDALE CHALONNAISE \u00e0 46&Prime;<br \/>4. CHAUDERLOT MALO UC VITRY FRIGNICOURT \u00e0 1&rsquo;09<br \/>5. MARTIN Lucien PHENIX TEAM CYCLING \u00e0 1&rsquo;38<\/p>\n<p><strong>U11<\/strong><br \/>1. MARTIN L\u00e9andre PHENIX TEAM CYCLING en 10&rsquo;56\u00a0\u00bb<br \/>2. GUAY Thibaut BTC SAINT MEMMIE \u00e0 30&Prime;<br \/>3. AINOC Zo\u00e9 US THIERVILLE CYCLISME \u00e0 1&rsquo;46<\/p>\n<p><strong>U9<\/strong><br \/>1. GUAY Thim\u00e9o BTC SAINT MEMMIE en 6&rsquo;54\u00a0\u00bb<\/p>\n<p><strong>U7<\/strong><br \/>1. VAN CAUTER Stan CAVIGAL NICE SPORTS en 5&rsquo;52\u00a0\u00bb<br \/>2. MARTIN Jolane PHENIX TEAM CYCLING \u00e0 2&rsquo;17<\/p>\n<p>Remerciements \u00e0 Yann Moussy, VC Avize.<\/p>\n","protected":false},"excerpt":{"rendered":"Tom Chauderlot-Phulpin (BikeEnergy School) a remport\u00e9, ce dimanche le cyclo-cross du comit\u00e9 des f\u00eates de Oiry (Marne) organis\u00e9&hellip;\n","protected":false},"author":2,"featured_media":569340,"comment_status":"","ping_status":"","sticky":false,"template":"","format":"standard","meta":{"footnotes":""},"categories":[1411],"tags":[834,828,836,829,837,827,83,826,824,823,1154,207,814,817,815,816,822,821,832,211,839,1011,27,820,818,819,835,831,830,833,838,60,212,208,825],"class_list":{"0":"post-569339","1":"post","2":"type-post","3":"status-publish","4":"format-standard","5":"has-post-thumbnail","7":"category-cyclisme","8":"tag-attaque","9":"tag-belgique","10":"tag-braquet","11":"tag-bretagne","12":"tag-chute","13":"tag-competition","14":"tag-coupe-de-france","15":"tag-coureur","16":"tag-course-cyclisme","17":"tag-course-cycliste","18":"tag-cycling","19":"tag-cyclisme","20":"tag-direct","21":"tag-direct-velo","22":"tag-directvelo","23":"tag-directvelo-com","24":"tag-epreuve","25":"tag-epreuve-cycliste","26":"tag-federation-francaise-de-cyclisme","27":"tag-ffc","28":"tag-flandres","29":"tag-fr","30":"tag-france","31":"tag-live","32":"tag-live-course","33":"tag-live-epreuve","34":"tag-peloton","35":"tag-radio-peloton","36":"tag-radio-tour","37":"tag-ravitaillement","38":"tag-relance","39":"tag-sports","40":"tag-uci","41":"tag-velo","42":"tag-velos"},"share_on_mastodon":{"url":"https:\/\/pubeurope.com\/@fr\/115639906718438360","error":""},"_links":{"self":[{"href":"https:\/\/www.europesays.com\/fr\/wp-json\/wp\/v2\/posts\/569339","targetHints":{"allow":["GET"]}}],"collection":[{"href":"https:\/\/www.europesays.com\/fr\/wp-json\/wp\/v2\/posts"}],"about":[{"href":"https:\/\/www.europesays.com\/fr\/wp-json\/wp\/v2\/types\/post"}],"author":[{"embeddable":true,"href":"https:\/\/www.europesays.com\/fr\/wp-json\/wp\/v2\/users\/2"}],"replies":[{"embeddable":true,"href":"https:\/\/www.europesays.com\/fr\/wp-json\/wp\/v2\/comments?post=569339"}],"version-history":[{"count":0,"href":"https:\/\/www.europesays.com\/fr\/wp-json\/wp\/v2\/posts\/569339\/revisions"}],"wp:featuredmedia":[{"embeddable":true,"href":"https:\/\/www.europesays.com\/fr\/wp-json\/wp\/v2\/media\/569340"}],"wp:attachment":[{"href":"https:\/\/www.europesays.com\/fr\/wp-json\/wp\/v2\/media?parent=569339"}],"wp:term":[{"taxonomy":"category","embeddable":true,"href":"https:\/\/www.europesays.com\/fr\/wp-json\/wp\/v2\/categories?post=569339"},{"taxonomy":"post_tag","embeddable":true,"href":"https:\/\/www.europesays.com\/fr\/wp-json\/wp\/v2\/tags?post=569339"}],"curies":[{"name":"wp","href":"https:\/\/api.w.org\/{rel}","templated":true}]}}