{"id":569343,"date":"2025-11-30T17:49:15","date_gmt":"2025-11-30T17:49:15","guid":{"rendered":"https:\/\/www.europesays.com\/fr\/569343\/"},"modified":"2025-11-30T17:49:15","modified_gmt":"2025-11-30T17:49:15","slug":"stephane-rotenberg-et-anne-roumanoff-fiers-de-leurs-filles-emma-et-alice-qui-travaillent-pour-beyonce-lady-gaga-ou-scarlett-johansson","status":"publish","type":"post","link":"https:\/\/www.europesays.com\/fr\/569343\/","title":{"rendered":"St\u00e9phane Rotenberg et Anne Roumanoff fiers de leurs filles Emma et Alice, qui travaillent pour Beyonc\u00e9, Lady Gaga ou Scarlett Johansson"},"content":{"rendered":"<p>La fiert\u00e9 se lit sur leurs visages. Les personnalit\u00e9s, publiques ou pas, ont beau avoir des carri\u00e8res bien remplies et des accomplissements rien qu\u2019\u00e0 elles, elles ne sont jamais aussi heureuses que lorsqu\u2019elles parlent des r\u00e9ussites de leurs enfants. Ce samedi 29 novembre, St\u00e9phane Rotenberg et Anne Roumanoff \u00e9taient invit\u00e9s dans C \u00e0 vous, sur France 5. Alors que Matt Pokora, \u00e9galement pr\u00e9sent, racontait les raisons pour lesquelles il est revenu<a href=\"https:\/\/www.programme-tv.net\/news\/people\/393117-on-a-choisi-paris-matt-pokora-explique-a-mohamed-bouhafsi-pourquoi-il-est-revenu-vivre-en-france-avec-sa-femme-christina-milian-et-leurs-enfants\/\" data-api-deeplink=\"teleloisirs:\/\/news\/393117\" target=\"_blank\" rel=\"noopener\"> s\u2019installer en France avec sa femme et ses enfants<\/a>, <a href=\"https:\/\/www.programme-tv.net\/biographie\/818873-bouhafsi-mohamed\/\" data-link-people=\"3784caba-ec30-42af-b89b-f137a9514618\" target=\"_blank\" rel=\"noopener\">Mohamed Bouhafsi<\/a> en a profit\u00e9 pour poser des questions \u00e0 Anne Roumanoff et St\u00e9phane Rotenberg sur leurs filles respectives. Toutes les deux sont en train de se faire un nom dans le monde de la mode.<\/p>\n<p>St\u00e9phane Rotenberg, en ce moment \u00e0 la pr\u00e9sentation d\u2019une nouvelle saison de <a href=\"https:\/\/www.programme-tv.net\/news\/tv\/392727-pekin-express-la-route-des-glaces-on-connait-deja-la-date-de-diffusion-de-la-finale-sur-m6\/\" data-api-deeplink=\"teleloisirs:\/\/news\/392727\" target=\"_blank\" rel=\"noopener\">P\u00e9kin Express<\/a>, est p\u00e8re d\u2019un seul enfant, <a href=\"https:\/\/www.programme-tv.net\/biographie\/355507-rotenberg-emma\/\" data-link-people=\"cccf3ec1-b773-4db7-a7d3-b98a48ea4e91\" target=\"_blank\" rel=\"noopener\">Emma Rotenberg<\/a>, 26 ans. Apr\u00e8s avoir d\u00e9fil\u00e9 en tant que mannequin, elle a lanc\u00e9 sa propre marque de v\u00eatements en 2018, Emma Rowen Rose. C\u2019\u00e9tait un pari gagnant. La jeune femme travaille d\u00e9j\u00e0 avec les plus grands. \u00ab\u00a0Emma a sa marque mais l\u00e0, m\u00eame si c\u2019est pas la base de son m\u00e9tier, elle a accompagn\u00e9 Doja Cat en tourn\u00e9e, a racont\u00e9 son p\u00e8re sur le plateau de C \u00e0 vous. On a vu effectivement Scarlett Johansson porter ses cr\u00e9ations, et Beyonc\u00e9 est partie en vacances avec ses maillots de bain ! C\u2019est toujours bien. On frime.\u00a0\u00bb<\/p>\n<p>                        Anne Roumanoff sait \u00e0 quel point percer dans la mode n\u2019est pas facile<\/p>\n<p>Il se trouve que l\u2019a\u00een\u00e9e d\u2019Anne Roumanoff, Alice Vaillant, a elle aussi cr\u00e9\u00e9 sa marque de mode, Vaillant Studio. Son succ\u00e8s ne peut que rendre sa m\u00e8re fi\u00e8re. \u00ab\u00a0Je suis tr\u00e8s admirative parce que c\u2019est vraiment difficile, la mode. Et elle a eu aussi, mais c\u2019est plus par Instagram, <a href=\"https:\/\/www.programme-tv.net\/biographie\/112990-gaga-lady\/\" data-link-people=\"82995693-b91e-45f1-88bd-82a98a4c6e2f\" target=\"_blank\" rel=\"noopener\">Lady Gaga<\/a> qui a port\u00e9 r\u00e9cemment [ses cr\u00e9ations], <a href=\"https:\/\/www.programme-tv.net\/biographie\/289866-sweeney-sydney\/\" data-link-people=\"0022ac20-6b6e-4645-88b5-a429a9db8905\" target=\"_blank\" rel=\"noopener\">Sydney Sweeney<\/a>, <a href=\"https:\/\/www.programme-tv.net\/biographie\/369595-nakamura-aya\/\" data-link-people=\"f3d8201c-1b29-422a-bf1f-e56478309adc\" target=\"_blank\" rel=\"noopener\">Aya Nakamura<\/a>\u2026 <a href=\"https:\/\/www.programme-tv.net\/biographie\/276733-jenner-kylie\/\" data-link-people=\"2a1170bd-1887-4b22-979e-c1de36077000\" target=\"_blank\" rel=\"noopener\">Kylie Jenner<\/a> aussi, mais pas <a href=\"https:\/\/www.programme-tv.net\/biographie\/233-johansson-scarlett\/\" data-link-people=\"cd52f756-c84c-4a15-9221-3a1299188929\" target=\"_blank\" rel=\"noopener\">Scarlett Johansson<\/a>\u00ab\u00a0, a-t-elle dit \u00e0 <a href=\"https:\/\/www.programme-tv.net\/news\/tv\/390650-mohamed-bouhafsi-tres-emu-devant-des-images-de-lui-dans-une-emission-de-jl-delarue\/\" data-api-deeplink=\"teleloisirs:\/\/news\/390650\" target=\"_blank\" rel=\"noopener\">Mohamed Bouhafsi,<\/a> un immense sourire de fiert\u00e9 aux l\u00e8vres.<\/p>\n<p>Anne Roumanoff, qui est actuellement en tourn\u00e9e avec son spectacle L\u2019exp\u00e9rience de la vie, est aussi m\u00e8re de Marie Vaillant, n\u00e9e en 2002. Ses deux filles sont issues de son mariage avec <a href=\"https:\/\/www.programme-tv.net\/biographie\/119557-vaillant-philippe\/\" data-link-people=\"2b410d1e-8656-4095-8df4-942ca00df918\" target=\"_blank\" rel=\"noopener\">Philippe Vaillant<\/a>, qui a longtemps produit les spectacles d\u2019Anne Roumanoff. <a href=\"https:\/\/www.programme-tv.net\/news\/people\/382590-anne-roumanoff-en-deuil-elle-annonce-la-mort-de-son-ex-mari-et-pere-de-ses-filles-philippe-vaillant\/\" data-api-deeplink=\"teleloisirs:\/\/news\/382590\" target=\"_blank\" rel=\"noopener\">Il est d\u00e9c\u00e9d\u00e9 en juillet 2025<\/a>.<\/p>\n<blockquote class=\"instagram-media\" data-instgrm-captioned=\"\" data-instgrm-permalink=\"https:\/\/www.instagram.com\/reel\/DMNYdGdNX4y\/?utm_source=ig_embed&amp;utm_campaign=loading\" data-instgrm-version=\"14\" style=\" background:#FFF; border:0; border-radius:3px; box-shadow:0 0 1px 0 rgba(0,0,0,0.5),0 1px 10px 0 rgba(0,0,0,0.15); margin: 1px; max-width:658px; min-width:326px; padding:0; width:99.375%; width:-webkit-calc(100% - 2px); width:calc(100% - 2px);\"\/>\n<blockquote class=\"instagram-media\" data-instgrm-captioned=\"\" data-instgrm-permalink=\"https:\/\/www.instagram.com\/p\/DQ1YalZiFvL\/?utm_source=ig_embed&amp;utm_campaign=loading\" data-instgrm-version=\"14\" style=\" background:#FFF; border:0; border-radius:3px; box-shadow:0 0 1px 0 rgba(0,0,0,0.5),0 1px 10px 0 rgba(0,0,0,0.15); margin: 1px; max-width:658px; min-width:326px; padding:0; width:99.375%; width:-webkit-calc(100% - 2px); width:calc(100% - 2px);\"\/>\n<p>Article \u00e9crit en collaboration avec 6M\u00e9dias<\/p>\n<p>    <script async src=\"\/\/www.instagram.com\/embed.js\"><\/script><\/p>\n","protected":false},"excerpt":{"rendered":"La fiert\u00e9 se lit sur leurs visages. Les personnalit\u00e9s, publiques ou pas, ont beau avoir des carri\u00e8res bien&hellip;\n","protected":false},"author":2,"featured_media":569344,"comment_status":"","ping_status":"","sticky":false,"template":"","format":"standard","meta":{"footnotes":""},"categories":[1359],"tags":[35415,4470,244,58,59,652,1011,27,973,23898,1630],"class_list":{"0":"post-569343","1":"post","2":"type-post","3":"status-publish","4":"format-standard","5":"has-post-thumbnail","7":"category-people","8":"tag-anne-roumanoff","9":"tag-c-u00e0-vous","10":"tag-commentaire","11":"tag-divertissement","12":"tag-entertainment","13":"tag-famille","14":"tag-fr","15":"tag-france","16":"tag-people","17":"tag-stu00e9phane-rotenberg","18":"tag-zapping"},"share_on_mastodon":{"url":"https:\/\/pubeurope.com\/@fr\/115639914656502212","error":""},"_links":{"self":[{"href":"https:\/\/www.europesays.com\/fr\/wp-json\/wp\/v2\/posts\/569343","targetHints":{"allow":["GET"]}}],"collection":[{"href":"https:\/\/www.europesays.com\/fr\/wp-json\/wp\/v2\/posts"}],"about":[{"href":"https:\/\/www.europesays.com\/fr\/wp-json\/wp\/v2\/types\/post"}],"author":[{"embeddable":true,"href":"https:\/\/www.europesays.com\/fr\/wp-json\/wp\/v2\/users\/2"}],"replies":[{"embeddable":true,"href":"https:\/\/www.europesays.com\/fr\/wp-json\/wp\/v2\/comments?post=569343"}],"version-history":[{"count":0,"href":"https:\/\/www.europesays.com\/fr\/wp-json\/wp\/v2\/posts\/569343\/revisions"}],"wp:featuredmedia":[{"embeddable":true,"href":"https:\/\/www.europesays.com\/fr\/wp-json\/wp\/v2\/media\/569344"}],"wp:attachment":[{"href":"https:\/\/www.europesays.com\/fr\/wp-json\/wp\/v2\/media?parent=569343"}],"wp:term":[{"taxonomy":"category","embeddable":true,"href":"https:\/\/www.europesays.com\/fr\/wp-json\/wp\/v2\/categories?post=569343"},{"taxonomy":"post_tag","embeddable":true,"href":"https:\/\/www.europesays.com\/fr\/wp-json\/wp\/v2\/tags?post=569343"}],"curies":[{"name":"wp","href":"https:\/\/api.w.org\/{rel}","templated":true}]}}