{"id":569347,"date":"2025-11-30T17:52:35","date_gmt":"2025-11-30T17:52:35","guid":{"rendered":"https:\/\/www.europesays.com\/fr\/569347\/"},"modified":"2025-11-30T17:52:35","modified_gmt":"2025-11-30T17:52:35","slug":"cecilia-siharaj-koh-lanta-mamans-celebres-sest-mariee","status":"publish","type":"post","link":"https:\/\/www.europesays.com\/fr\/569347\/","title":{"rendered":"C\u00e9cilia Siharaj (Koh-Lanta, Mamans &#038; c\u00e9l\u00e8bres) s&rsquo;est mari\u00e9e"},"content":{"rendered":"<p>Week-end de r\u00eave pour C\u00e9cilia Siharaj. L\u2019ex-candidate de <a href=\"https:\/\/www.programme-tv.net\/news\/people\/392829-denis-brogniart-retrouve-un-ancien-gagnant-de-koh-lanta-et-lui-fait-une-tres-belle-declaration-c-est-rare-qu-un-ancien-aventurier\/\" data-api-deeplink=\"teleloisirs:\/\/news\/392829\" target=\"_blank\" rel=\"noopener\">Koh-Lanta<\/a> s\u2019est mari\u00e9e avec son compagnon, Maxence, ce samedi 29 novembre 2025. Celle que l\u2019on a \u00e9galement vue dans l\u2019\u00e9mission <a href=\"https:\/\/www.programme-tv.net\/news\/tele-realite\/390990-il-a-retire-lautorisation-stephanie-clerbois-ne-peut-plus-participer-a-mamans-et-celebres-a-cause-de-son-ex-compagnon\/\" data-api-deeplink=\"teleloisirs:\/\/news\/390990\" target=\"_blank\" rel=\"noopener\">Mamans &amp; C\u00e9l\u00e8bres<\/a> a post\u00e9 une photo sur son compte Instagram, au lendemain de la noce. On la voit dans sa robe blanche dos nu, dans les bras de son \u00e9poux. \u00ab\u00a0Mr &amp; Mrs 29.11.25\u00a0\u00bb, l\u00e9gende-t-elle pour l\u2019occasion. D\u2019autres photographies de ce jour si sp\u00e9cial ont \u00e9t\u00e9 publi\u00e9es par la grande amie de C\u00e9cilia Siharaj, <a href=\"https:\/\/www.programme-tv.net\/biographie\/366947-hillmann-jesta\/\" data-link-people=\"32b440ca-4c24-4af3-9588-ca83c98f110e\" target=\"_blank\" rel=\"noopener\">Jesta Hillmann<\/a>, finaliste de<a href=\"https:\/\/www.programme-tv.net\/news\/tv\/247338-julie-koh-lanta-lile-au-tresor-divorce-transformation-radicale-et-chirurgie-esthetique-lex-aventuriere-metamorphosee-sur-m6-video\/\" data-api-deeplink=\"teleloisirs:\/\/news\/247338\" target=\"_blank\" rel=\"noopener\"> Koh-Lanta : L\u2019\u00eele au tr\u00e9sor<\/a> et \u00e9galement participante de l&rsquo;\u00e9mission Mamans &amp; C\u00e9l\u00e8bres. On y voit les enfants de Jesta en costume, mais aussi le premier baiser des mari\u00e9s, sous les applaudissements de tous les invit\u00e9s, leur sortie de la mairie et leurs pas de danse endiabl\u00e9s sur la piste.<\/p>\n<p>\u00ab\u00a0Hier, j\u2019ai vu une de mes meilleures amies vivre le plus beau &lsquo;oui&rsquo; de sa vie\u00a0\u00bb, \u00e9crit Jesta Hillmann en l\u00e9gende de son carrousel. \u00ab\u00a0Elle n\u2019a pas eu un chemin facile\u2026 Et puis un jour, Maxence est arriv\u00e9. Et avec lui, l\u2019espoir, l\u2019amour, la stabilit\u00e9, la famille. Ensemble, ils ont tout reconstruit. Une nouvelle histoire, une nouvelle force, un b\u00e9b\u00e9 qui a tout scell\u00e9\u2026 et j\u2019esp\u00e8re encore plein d\u2019autres \u00e0 venir. C\u2019\u00e9tait une journ\u00e9e et une soir\u00e9e exceptionnelles, remplies d\u2019\u00e9motion, d\u2019amour et de gratitude. Heureuse d\u2019avoir \u00e9t\u00e9 l\u00e0 pour vivre \u00e7a avec vous\u00a0\u00bb, conclut l\u2019amie de la mari\u00e9e.<\/p>\n<p>C\u00e9cilia Siharaj s\u2019est mari\u00e9e quatre mois seulement apr\u00e8s ses fian\u00e7ailles<\/p>\n<p>C\u00e9cilia Siharaj avait annonc\u00e9 ses fian\u00e7ailles en juillet 2025. \u00ab\u00a0J\u2019ai r\u00eav\u00e9 de ce jour toute ma vie. Mon r\u00eave de petite fille devenu r\u00e9alit\u00e9\u2026 Ce moment, je l\u2019ai imagin\u00e9 mille fois, mais jamais je n\u2019aurais pu l\u2019esp\u00e9rer aussi beau, aussi doux, aussi parfait. Merci \u00e0 toi, Maxence, d\u2019\u00eatre qui tu es, de me combler de bonheur, de croire en nous, et d\u2019avoir su rendre cet instant magique. J\u2019ai dit oui, et c\u2019est le plus beau oui de ma vie\u00a0\u00bb, avait-elle \u00e9crit sur Instagram.<\/p>\n<p>L\u2019ex-aventuri\u00e8re a pu partager cette journ\u00e9e aupr\u00e8s de ses deux enfants, <a href=\"https:\/\/www.programme-tv.net\/news\/tele-realite\/280636-cecilia-siharaj-de-retour-aux-urgences-avec-sa-fille-sway-elle-confie-sa-detresse-voir-son-enfant-malade-est-une-douleur-inexplicable\/\" data-api-deeplink=\"teleloisirs:\/\/news\/280636\" target=\"_blank\" rel=\"noopener\">Sway, six ans, n\u00e9e d\u2019une pr\u00e9c\u00e9dente relation<\/a>, et Cameron, nourrisson de quelques mois, <a href=\"https:\/\/www.programme-tv.net\/news\/people\/375253-naissance-cecilia-siharaj-koh-lanta-mamans-et-celebres-a-accouche-elle-devoile-une-photo-et-le-prenom-du-bebe\/\" data-api-deeplink=\"teleloisirs:\/\/news\/375253\" target=\"_blank\" rel=\"noopener\">arriv\u00e9 dans la vie de Maxence et C\u00e9cilia en avril 2025<\/a>. Une petite famille au complet pour c\u00e9l\u00e9brer l\u2019amour de leurs parents.<\/p>\n<blockquote class=\"instagram-media\" data-instgrm-captioned=\"\" data-instgrm-permalink=\"https:\/\/www.instagram.com\/p\/DRrVCg-CFTK\/?utm_source=ig_embed&amp;utm_campaign=loading\" data-instgrm-version=\"14\" style=\" background:#FFF; border:0; border-radius:3px; box-shadow:0 0 1px 0 rgba(0,0,0,0.5),0 1px 10px 0 rgba(0,0,0,0.15); margin: 1px; max-width:658px; min-width:326px; padding:0; width:99.375%; width:-webkit-calc(100% - 2px); width:calc(100% - 2px);\"\/>\n<blockquote class=\"instagram-media\" data-instgrm-captioned=\"\" data-instgrm-permalink=\"https:\/\/www.instagram.com\/p\/DRrG-M_jPtE\/?utm_source=ig_embed&amp;utm_campaign=loading\" data-instgrm-version=\"14\" style=\" background:#FFF; border:0; border-radius:3px; box-shadow:0 0 1px 0 rgba(0,0,0,0.5),0 1px 10px 0 rgba(0,0,0,0.15); margin: 1px; max-width:658px; min-width:326px; padding:0; width:99.375%; width:-webkit-calc(100% - 2px); width:calc(100% - 2px);\"\/>\n<p>Article \u00e9crit en collaboration avec 6M\u00e9dias<\/p>\n<p>    <script async src=\"\/\/www.instagram.com\/embed.js\"><\/script><\/p>\n","protected":false},"excerpt":{"rendered":"Week-end de r\u00eave pour C\u00e9cilia Siharaj. L\u2019ex-candidate de Koh-Lanta s\u2019est mari\u00e9e avec son compagnon, Maxence, ce samedi 29&hellip;\n","protected":false},"author":2,"featured_media":569348,"comment_status":"","ping_status":"","sticky":false,"template":"","format":"standard","meta":{"footnotes":""},"categories":[1356],"tags":[244,68465,58,59,1011,27,68469,68467,68468,68466,1930,252,2175,1364],"class_list":{"0":"post-569347","1":"post","2":"type-post","3":"status-publish","4":"format-standard","5":"has-post-thumbnail","7":"category-television","8":"tag-commentaire","9":"tag-cu00e9cilia-siharaj-koh-lanta-thau00eflande","10":"tag-divertissement","11":"tag-entertainment","12":"tag-fr","13":"tag-france","14":"tag-mamans-cu00e9lu00e8bres","15":"tag-mamans-cu00e9lu00e8bres-8122024-0505-pm-tfx","16":"tag-mamans-cu00e9lu00e8bres-8122024-0605-pm-tfx","17":"tag-mamans-cu00e9lu00e8bres-su00e9rie-41546349","18":"tag-mariage","19":"tag-television","20":"tag-tl-story","21":"tag-tv"},"share_on_mastodon":{"url":"https:\/\/pubeurope.com\/@fr\/115639926374357416","error":""},"_links":{"self":[{"href":"https:\/\/www.europesays.com\/fr\/wp-json\/wp\/v2\/posts\/569347","targetHints":{"allow":["GET"]}}],"collection":[{"href":"https:\/\/www.europesays.com\/fr\/wp-json\/wp\/v2\/posts"}],"about":[{"href":"https:\/\/www.europesays.com\/fr\/wp-json\/wp\/v2\/types\/post"}],"author":[{"embeddable":true,"href":"https:\/\/www.europesays.com\/fr\/wp-json\/wp\/v2\/users\/2"}],"replies":[{"embeddable":true,"href":"https:\/\/www.europesays.com\/fr\/wp-json\/wp\/v2\/comments?post=569347"}],"version-history":[{"count":0,"href":"https:\/\/www.europesays.com\/fr\/wp-json\/wp\/v2\/posts\/569347\/revisions"}],"wp:featuredmedia":[{"embeddable":true,"href":"https:\/\/www.europesays.com\/fr\/wp-json\/wp\/v2\/media\/569348"}],"wp:attachment":[{"href":"https:\/\/www.europesays.com\/fr\/wp-json\/wp\/v2\/media?parent=569347"}],"wp:term":[{"taxonomy":"category","embeddable":true,"href":"https:\/\/www.europesays.com\/fr\/wp-json\/wp\/v2\/categories?post=569347"},{"taxonomy":"post_tag","embeddable":true,"href":"https:\/\/www.europesays.com\/fr\/wp-json\/wp\/v2\/tags?post=569347"}],"curies":[{"name":"wp","href":"https:\/\/api.w.org\/{rel}","templated":true}]}}