{"id":569349,"date":"2025-11-30T17:54:15","date_gmt":"2025-11-30T17:54:15","guid":{"rendered":"https:\/\/www.europesays.com\/fr\/569349\/"},"modified":"2025-11-30T17:54:15","modified_gmt":"2025-11-30T17:54:15","slug":"si-on-lecoutait-tous-le-monde-irait-beaucoup-mieux-5-ans-apres-sa-mort-anne-sylvestre-fascine-encore","status":"publish","type":"post","link":"https:\/\/www.europesays.com\/fr\/569349\/","title":{"rendered":"\u00ab\u00a0Si on l\u2019\u00e9coutait tous, le monde irait beaucoup mieux\u00a0\u00bb\u00a0: 5\u00a0ans apr\u00e8s sa mort, Anne Sylvestre fascine encore"},"content":{"rendered":"<p class=\"paragraph text_align_left lp-f-body-02\">\u00ab On commence \u00e0 s\u2019apercevoir qu\u2019avant sa venue dans la chanson, il nous manquait quelque chose et quelque chose d\u2019important. \u00bb Ces mots sont ceux de Georges Brassens, sur la pochette du deuxi\u00e8me disque d\u2019Anne Sylvestre, en 1962. D\u00e9j\u00e0, le chanteur moustachu soulignait sa singularit\u00e9, cette touche particuli\u00e8re. <a href=\"https:\/\/www.leparisien.fr\/culture-loisirs\/musique\/mort-d-anne-sylvestre-grande-dame-de-la-chanson-et-voix-des-enfants-01-12-2020-8411568.php\" target=\"_self\" rel=\"noopener\">La chanteuse s\u2019est \u00e9teinte le 30 novembre 2020, \u00e0 l\u2019\u00e2ge de 86 ans<\/a>. Visionnaire, sensible, prolifique, la compositrice et interpr\u00e8te des \u00ab Gens qui doutent \u00bb a laiss\u00e9 une \u0153uvre foisonnante qui a profond\u00e9ment marqu\u00e9 l\u2019histoire de la chanson fran\u00e7aise. Et qui, cinq ans apr\u00e8s sa disparition, r\u00e9sonne plus que jamais.<\/p>\n","protected":false},"excerpt":{"rendered":"\u00ab On commence \u00e0 s\u2019apercevoir qu\u2019avant sa venue dans la chanson, il nous manquait quelque chose et quelque&hellip;\n","protected":false},"author":2,"featured_media":569350,"comment_status":"","ping_status":"","sticky":false,"template":"","format":"standard","meta":{"footnotes":""},"categories":[1355],"tags":[872,58,59,1011,27,1361,873],"class_list":{"0":"post-569349","1":"post","2":"type-post","3":"status-publish","4":"format-standard","5":"has-post-thumbnail","7":"category-musique","8":"tag-culture-et-loisirs","9":"tag-divertissement","10":"tag-entertainment","11":"tag-fr","12":"tag-france","13":"tag-music","14":"tag-musique"},"share_on_mastodon":{"url":"https:\/\/pubeurope.com\/@fr\/115639934287445183","error":""},"_links":{"self":[{"href":"https:\/\/www.europesays.com\/fr\/wp-json\/wp\/v2\/posts\/569349","targetHints":{"allow":["GET"]}}],"collection":[{"href":"https:\/\/www.europesays.com\/fr\/wp-json\/wp\/v2\/posts"}],"about":[{"href":"https:\/\/www.europesays.com\/fr\/wp-json\/wp\/v2\/types\/post"}],"author":[{"embeddable":true,"href":"https:\/\/www.europesays.com\/fr\/wp-json\/wp\/v2\/users\/2"}],"replies":[{"embeddable":true,"href":"https:\/\/www.europesays.com\/fr\/wp-json\/wp\/v2\/comments?post=569349"}],"version-history":[{"count":0,"href":"https:\/\/www.europesays.com\/fr\/wp-json\/wp\/v2\/posts\/569349\/revisions"}],"wp:featuredmedia":[{"embeddable":true,"href":"https:\/\/www.europesays.com\/fr\/wp-json\/wp\/v2\/media\/569350"}],"wp:attachment":[{"href":"https:\/\/www.europesays.com\/fr\/wp-json\/wp\/v2\/media?parent=569349"}],"wp:term":[{"taxonomy":"category","embeddable":true,"href":"https:\/\/www.europesays.com\/fr\/wp-json\/wp\/v2\/categories?post=569349"},{"taxonomy":"post_tag","embeddable":true,"href":"https:\/\/www.europesays.com\/fr\/wp-json\/wp\/v2\/tags?post=569349"}],"curies":[{"name":"wp","href":"https:\/\/api.w.org\/{rel}","templated":true}]}}